{"id":45515,"date":"2024-08-26T22:40:54","date_gmt":"2024-08-27T01:40:54","guid":{"rendered":"https:\/\/radiorevelacionfm.cl\/?p=45515"},"modified":"2024-08-30T15:50:16","modified_gmt":"2024-08-30T18:50:16","slug":"sebastian-vera-ojeda-el-candidato-mas-joven-de-la-region-de-aysen","status":"publish","type":"post","link":"https:\/\/radiorevelacionfm.cl\/?p=45515","title":{"rendered":"Sebasti\u00e1n Vera Ojeda: El candidato m\u00e1s joven de la regi\u00f3n de Ays\u00e9n"},"content":{"rendered":"<div class=\"flex_column av_one_full  flex_column_div av-zero-column-padding first  avia-builder-el-0  el_before_av_one_full  avia-builder-el-first  \" style='border-radius:0px; '><div  class='avia-image-container  av-styling-    avia-builder-el-1  avia-builder-el-no-sibling  avia-align-center '  itemprop=\"image\" itemscope=\"itemscope\" itemtype=\"https:\/\/schema.org\/ImageObject\"  ><div class='avia-image-container-inner'><div class='avia-image-overlay-wrap'><img decoding=\"async\" class='wp-image-45516 avia-img-lazy-loading-not-45516 avia_image' src=\"https:\/\/radiorevelacionfm.cl\/wp-content\/uploads\/2024\/08\/SEBASTIAN-COYHAIQUE-1-1.jpeg\" alt='' title='SEBASTIAN COYHAIQUE (1) (1)' height=\"600\" width=\"800\"  itemprop=\"thumbnailUrl\" srcset=\"https:\/\/radiorevelacionfm.cl\/wp-content\/uploads\/2024\/08\/SEBASTIAN-COYHAIQUE-1-1.jpeg 800w, https:\/\/radiorevelacionfm.cl\/wp-content\/uploads\/2024\/08\/SEBASTIAN-COYHAIQUE-1-1-300x225.jpeg 300w, https:\/\/radiorevelacionfm.cl\/wp-content\/uploads\/2024\/08\/SEBASTIAN-COYHAIQUE-1-1-768x576.jpeg 768w, https:\/\/radiorevelacionfm.cl\/wp-content\/uploads\/2024\/08\/SEBASTIAN-COYHAIQUE-1-1-705x529.jpeg 705w, https:\/\/radiorevelacionfm.cl\/wp-content\/uploads\/2024\/08\/SEBASTIAN-COYHAIQUE-1-1-450x338.jpeg 450w, https:\/\/radiorevelacionfm.cl\/wp-content\/uploads\/2024\/08\/SEBASTIAN-COYHAIQUE-1-1-600x450.jpeg 600w\" sizes=\"(max-width: 800px) 100vw, 800px\" \/><\/div><\/div><\/div><\/div><div class=\"flex_column av_one_full  flex_column_div av-zero-column-padding first  avia-builder-el-2  el_after_av_one_full  el_before_av_one_full  column-top-margin\" style='border-radius:0px; '><section class=\"av_textblock_section \"  itemscope=\"itemscope\" itemtype=\"https:\/\/schema.org\/BlogPosting\" itemprop=\"blogPost\" ><div class='avia_textblock  '   itemprop=\"text\" ><p style=\"text-align: center;\"><strong><span style=\"font-size: 18pt;\">Sebasti\u00e1n Vera Ojeda: El candidato m\u00e1s joven de la regi\u00f3n de Ays\u00e9n <\/span><\/strong><\/p>\n<div id=\"gtx-trans\" style=\"position: absolute; left: -50px; top: 4.31534px;\">\n<div class=\"gtx-trans-icon\"><\/div>\n<\/div>\n<\/div><\/section><\/div><div class=\"flex_column av_one_full  flex_column_div av-zero-column-padding first  avia-builder-el-4  el_after_av_one_full  el_before_av_hr  column-top-margin\" style='border-radius:0px; '><section class=\"av_textblock_section \"  itemscope=\"itemscope\" itemtype=\"https:\/\/schema.org\/BlogPosting\" itemprop=\"blogPost\" ><div class='avia_textblock  '   itemprop=\"text\" ><p style=\"text-align: justify;\">Con tan solo 19 a\u00f1os, Sebasti\u00e1n Vera Ojeda se ha posicionado como el candidato a concejal m\u00e1s joven de la regi\u00f3n de Ays\u00e9n y uno de los m\u00e1s j\u00f3venes de todo Chile. Como representante del partido Renovaci\u00f3n Nacional, Sebasti\u00e1n ha demostrado desde muy peque\u00f1o un profundo compromiso con su comunidad, lo que lo convierte en una figura \u00fanica en esta elecci\u00f3n.<\/p>\n<p style=\"text-align: justify;\">Nacido y criado en Coyhaique, Sebasti\u00e1n ha vivido desde los 4 a\u00f1os en la Poblaci\u00f3n Bernales, donde sus padres, Vanessa Ojeda y Juan Carlos Vera, lograron obtener el subsidio para la tan anhelada casa propia. Su padre es un conocido limpiador de ductos de humo en la ciudad, y ambos le inculcaron desde peque\u00f1o el valor del trabajo duro y el servicio a la comunidad. Desde los 11 a\u00f1os, Sebasti\u00e1n comenz\u00f3 a involucrarse activamente en las juntas de vecinos y en medios de comunicaci\u00f3n regionales, siempre destac\u00e1ndose por su rol activo y su pasi\u00f3n por ayudar a los dem\u00e1s.<\/p>\n<p style=\"text-align: justify;\">A pesar de su juventud, Sebasti\u00e1n ha acumulado una notable experiencia en trabajo social y comunitario, lo que lo convierte en un candidato con la energ\u00eda y el entusiasmo de las nuevas generaciones, pero tambi\u00e9n con una madurez y conocimiento profundo de las necesidades de Coyhaique.<\/p>\n<p style=\"text-align: justify;\">\u201cMi objetivo es levantar temas importantes para nuestra comuna y ser la voz de aquellas personas que muchas veces no son escuchadas,\u201d comenta Sebasti\u00e1n. \u201cQuiero seguir trabajando en terreno, como lo he hecho desde ni\u00f1o, para asegurarme de que cada decisi\u00f3n que se tome ponga a las personas en el centro.\u201d<\/p>\n<p style=\"text-align: justify;\">Sebasti\u00e1n Vera Ojeda se presenta como una opci\u00f3n fresca y comprometida para el concejo municipal, con la firme convicci\u00f3n de que su juventud, combinada con su experiencia y el respaldo de Renovaci\u00f3n Nacional, le permitir\u00e1 hacer una diferencia real en Coyhaique. Su historia de vida es un ejemplo del impacto que un joven puede tener cuando se dedica a su comunidad desde temprana edad.<\/p>\n<\/div><\/section><\/div><div  style='height:50px' class='hr hr-invisible   avia-builder-el-6  el_after_av_one_full  el_before_av_social_share '><span class='hr-inner ' ><span class='hr-inner-style'><\/span><\/span><\/div><\/p>\n<div  class='av-social-sharing-box  avia-builder-el-7  el_after_av_hr  el_before_av_hr  '><div class='av-share-box'><h5 class='av-share-link-description av-no-toc '>Compartir esta noticia<\/h5><ul class='av-share-box-list noLightbox'><li class='av-share-link av-social-link-facebook' ><a target=\"_blank\" aria-label=\"Compartir en Facebook\" href='https:\/\/www.facebook.com\/sharer.php?u=https:\/\/radiorevelacionfm.cl\/?p=45515&#038;t=Sebasti%C3%A1n%20Vera%20Ojeda%3A%20El%20candidato%20m%C3%A1s%20joven%20de%20la%20regi%C3%B3n%20de%20Ays%C3%A9n' aria-hidden='false' data-av_icon='\ue8f3' data-av_iconfont='entypo-fontello' title='' data-avia-related-tooltip='Compartir en Facebook' rel=\"noopener\"><span class='avia_hidden_link_text'>Compartir en Facebook<\/span><\/a><\/li><li class='av-share-link av-social-link-twitter' ><a target=\"_blank\" aria-label=\"Compartir en Twitter\" href='https:\/\/twitter.com\/share?text=Sebasti%C3%A1n%20Vera%20Ojeda%3A%20El%20candidato%20m%C3%A1s%20joven%20de%20la%20regi%C3%B3n%20de%20Ays%C3%A9n&#038;url=https:\/\/radiorevelacionfm.cl\/?p=45515' aria-hidden='false' data-av_icon='\ue8f1' data-av_iconfont='entypo-fontello' title='' data-avia-related-tooltip='Compartir en Twitter' rel=\"noopener\"><span class='avia_hidden_link_text'>Compartir en Twitter<\/span><\/a><\/li><li class='av-share-link av-social-link-whatsapp' ><a target=\"_blank\" aria-label=\"Compartir en Whatsapp\" href='https:\/\/api.whatsapp.com\/send?text=https:\/\/radiorevelacionfm.cl\/?p=45515' aria-hidden='false' data-av_icon='\uf232' data-av_iconfont='entypo-fontello' title='' data-avia-related-tooltip='Compartir en Whatsapp' rel=\"noopener\"><span class='avia_hidden_link_text'>Compartir en Whatsapp<\/span><\/a><\/li><li class='av-share-link av-social-link-linkedin' ><a target=\"_blank\" aria-label=\"Compartir en LinkedIn\" href='https:\/\/linkedin.com\/shareArticle?mini=true&#038;title=Sebasti%C3%A1n%20Vera%20Ojeda%3A%20El%20candidato%20m%C3%A1s%20joven%20de%20la%20regi%C3%B3n%20de%20Ays%C3%A9n&#038;url=https:\/\/radiorevelacionfm.cl\/?p=45515' aria-hidden='false' data-av_icon='\ue8fc' data-av_iconfont='entypo-fontello' title='' data-avia-related-tooltip='Compartir en LinkedIn' rel=\"noopener\"><span class='avia_hidden_link_text'>Compartir en LinkedIn<\/span><\/a><\/li><li class='av-share-link av-social-link-mail' ><a  aria-label=\"Compartir por correo\" href='mailto:?subject=Sebasti%C3%A1n%20Vera%20Ojeda%3A%20El%20candidato%20m%C3%A1s%20joven%20de%20la%20regi%C3%B3n%20de%20Ays%C3%A9n&#038;body=https:\/\/radiorevelacionfm.cl\/?p=45515' aria-hidden='false' data-av_icon='\ue805' data-av_iconfont='entypo-fontello' title='' data-avia-related-tooltip='Compartir por correo'><span class='avia_hidden_link_text'>Compartir por correo<\/span><\/a><\/li><\/ul><\/div><\/div>\n<div  style='height:50px' class='hr hr-invisible   avia-builder-el-8  el_after_av_social_share  el_before_av_comments_list '><span class='hr-inner ' ><span class='hr-inner-style'><\/span><\/span><\/div>\n<div  class='av-buildercomment  av-blog-meta-html-info-disabled av-blog-meta-tag-disabled  '><\/div>\n","protected":false},"excerpt":{"rendered":"","protected":false},"author":1,"featured_media":45516,"comment_status":"open","ping_status":"open","sticky":false,"template":"","format":"standard","meta":{"footnotes":""},"categories":[35],"tags":[],"class_list":["post-45515","post","type-post","status-publish","format-standard","has-post-thumbnail","hentry","category-politica"],"jetpack_featured_media_url":"https:\/\/radiorevelacionfm.cl\/wp-content\/uploads\/2024\/08\/SEBASTIAN-COYHAIQUE-1-1.jpeg","_links":{"self":[{"href":"https:\/\/radiorevelacionfm.cl\/index.php?rest_route=\/wp\/v2\/posts\/45515","targetHints":{"allow":["GET"]}}],"collection":[{"href":"https:\/\/radiorevelacionfm.cl\/index.php?rest_route=\/wp\/v2\/posts"}],"about":[{"href":"https:\/\/radiorevelacionfm.cl\/index.php?rest_route=\/wp\/v2\/types\/post"}],"author":[{"embeddable":true,"href":"https:\/\/radiorevelacionfm.cl\/index.php?rest_route=\/wp\/v2\/users\/1"}],"replies":[{"embeddable":true,"href":"https:\/\/radiorevelacionfm.cl\/index.php?rest_route=%2Fwp%2Fv2%2Fcomments&post=45515"}],"version-history":[{"count":1,"href":"https:\/\/radiorevelacionfm.cl\/index.php?rest_route=\/wp\/v2\/posts\/45515\/revisions"}],"predecessor-version":[{"id":45517,"href":"https:\/\/radiorevelacionfm.cl\/index.php?rest_route=\/wp\/v2\/posts\/45515\/revisions\/45517"}],"wp:featuredmedia":[{"embeddable":true,"href":"https:\/\/radiorevelacionfm.cl\/index.php?rest_route=\/wp\/v2\/media\/45516"}],"wp:attachment":[{"href":"https:\/\/radiorevelacionfm.cl\/index.php?rest_route=%2Fwp%2Fv2%2Fmedia&parent=45515"}],"wp:term":[{"taxonomy":"category","embeddable":true,"href":"https:\/\/radiorevelacionfm.cl\/index.php?rest_route=%2Fwp%2Fv2%2Fcategories&post=45515"},{"taxonomy":"post_tag","embeddable":true,"href":"https:\/\/radiorevelacionfm.cl\/index.php?rest_route=%2Fwp%2Fv2%2Ftags&post=45515"}],"curies":[{"name":"wp","href":"https:\/\/api.w.org\/{rel}","templated":true}]}}