{"id":45512,"date":"2024-08-27T12:40:04","date_gmt":"2024-08-27T15:40:04","guid":{"rendered":"https:\/\/radiorevelacionfm.cl\/?p=45512"},"modified":"2024-08-27T12:40:04","modified_gmt":"2024-08-27T15:40:04","slug":"edelaysen-moderniza-equipos-en-islas-huichas-para-reforzar-el-suministro-electrico-en-la-zona","status":"publish","type":"post","link":"https:\/\/radiorevelacionfm.cl\/?p=45512","title":{"rendered":"Edelaysen moderniza equipos en Islas Huichas para reforzar el suministro el\u00e9ctrico en la zona"},"content":{"rendered":"<div class=\"flex_column av_one_full  flex_column_div av-zero-column-padding first  avia-builder-el-0  el_before_av_one_full  avia-builder-el-first  \" style='border-radius:0px; '><div  class='avia-image-container  av-styling-    avia-builder-el-1  avia-builder-el-no-sibling  avia-align-center '  itemprop=\"image\" itemscope=\"itemscope\" itemtype=\"https:\/\/schema.org\/ImageObject\"  ><div class='avia-image-container-inner'><div class='avia-image-overlay-wrap'><img decoding=\"async\" class='wp-image-45513 avia-img-lazy-loading-not-45513 avia_image' src=\"https:\/\/radiorevelacionfm.cl\/wp-content\/uploads\/2024\/08\/puerto-aguirre-islas-huichas-1_optimized-1.jpeg\" alt='' title='puerto-aguirre-islas-huichas-(1)_optimized (1)' height=\"600\" width=\"1067\"  itemprop=\"thumbnailUrl\" srcset=\"https:\/\/radiorevelacionfm.cl\/wp-content\/uploads\/2024\/08\/puerto-aguirre-islas-huichas-1_optimized-1.jpeg 1067w, https:\/\/radiorevelacionfm.cl\/wp-content\/uploads\/2024\/08\/puerto-aguirre-islas-huichas-1_optimized-1-300x169.jpeg 300w, https:\/\/radiorevelacionfm.cl\/wp-content\/uploads\/2024\/08\/puerto-aguirre-islas-huichas-1_optimized-1-1030x579.jpeg 1030w, https:\/\/radiorevelacionfm.cl\/wp-content\/uploads\/2024\/08\/puerto-aguirre-islas-huichas-1_optimized-1-768x432.jpeg 768w, https:\/\/radiorevelacionfm.cl\/wp-content\/uploads\/2024\/08\/puerto-aguirre-islas-huichas-1_optimized-1-705x396.jpeg 705w, https:\/\/radiorevelacionfm.cl\/wp-content\/uploads\/2024\/08\/puerto-aguirre-islas-huichas-1_optimized-1-450x253.jpeg 450w, https:\/\/radiorevelacionfm.cl\/wp-content\/uploads\/2024\/08\/puerto-aguirre-islas-huichas-1_optimized-1-600x337.jpeg 600w\" sizes=\"(max-width: 1067px) 100vw, 1067px\" \/><\/div><\/div><\/div><\/div><div class=\"flex_column av_one_full  flex_column_div av-zero-column-padding first  avia-builder-el-2  el_after_av_one_full  el_before_av_one_full  column-top-margin\" style='border-radius:0px; '><section class=\"av_textblock_section \"  itemscope=\"itemscope\" itemtype=\"https:\/\/schema.org\/BlogPosting\" itemprop=\"blogPost\" ><div class='avia_textblock  '   itemprop=\"text\" ><p style=\"text-align: center;\"><span style=\"font-size: 18pt;\"><strong>Edelaysen moderniza equipos en Islas Huichas para reforzar el suministro el\u00e9ctrico en la zona<\/strong><\/span><\/p>\n<div id=\"gtx-trans\" style=\"position: absolute; left: -50px; top: 4.31534px;\">\n<div class=\"gtx-trans-icon\"><\/div>\n<\/div>\n<\/div><\/section><\/div><div class=\"flex_column av_one_full  flex_column_div av-zero-column-padding first  avia-builder-el-4  el_after_av_one_full  el_before_av_hr  column-top-margin\" style='border-radius:0px; '><section class=\"av_textblock_section \"  itemscope=\"itemscope\" itemtype=\"https:\/\/schema.org\/BlogPosting\" itemprop=\"blogPost\" ><div class='avia_textblock  '   itemprop=\"text\" ><p style=\"text-align: justify;\"><em>La nueva instalaci\u00f3n aumenta la capacidad energ\u00e9tica de 700 a 850 kW, garantizando un servicio m\u00e1s robusto y eficiente.<\/em><\/p>\n<p style=\"text-align: justify;\">Con el prop\u00f3sito continuo de mejorar la calidad y confiabilidad del suministro el\u00e9ctrico en la regi\u00f3n, Edelaysen anunci\u00f3 una actualizaci\u00f3n en la infraestructura de Islas Huichas. Un nuevo equipo, con una capacidad de 400 kW, se encuentra instalando para reemplazar una unidad m\u00e1s antigua de 250 kW, incrementando as\u00ed la potencia total disponible en la zona de 700 a 850 kW.<\/p>\n<p style=\"text-align: justify;\">De esta manera, la modernizaci\u00f3n de esta estaci\u00f3n no solo garantiza un servicio m\u00e1s estable y eficiente, sino que tambi\u00e9n refuerza la capacidad energ\u00e9tica necesaria para cubrir el consumo de la comunidad que pertenece a la comuna de Ays\u00e9n.<\/p>\n<p style=\"text-align: justify;\">Francisco Pavez, ejecutivo de la el\u00e9ctrica coment\u00f3 que: \u201cEstamos comprometidos en proporcionar un servicio de alta calidad y, a trav\u00e9s de estas mejoras, aseguramos que los habitantes de la localidad de Islas Huichas cuenten con una red el\u00e9ctrica m\u00e1s robusta y confiable\u201d.<\/p>\n<p style=\"text-align: justify;\">Por su parte, para Tatiana Villaroel, concejala de la comuna de Ays\u00e9n destac\u00f3 \u201cTodo lo que sea mejorar los diferentes sistemas que tiene la Isla, son importantes. Bien sabemos como es el sistema de energ\u00eda el\u00e9ctrica en la localidad y que ya no es un lujo sino un servicio b\u00e1sico y todo lo que venga a traer mejoras en este servicio por supuesto me imagino ser\u00e1 bien recibido por los vecinos y vecinas. Se agradece que la empresa quiera mejorar parte del servicio que se entrega que es tan necesario\u201d.<\/p>\n<p style=\"text-align: justify;\">Es importante se\u00f1alar que, a pesar de la envergadura de las obras, que se espera culminen a fines de septiembre, los vecinos de la zona no han experimentado interrupciones en su suministro el\u00e9ctrico a causa de estos trabajos, manteniendo por parte de Edelaysen el prop\u00f3sito principal de mantener la continuidad del servicio durante todo el proceso.<\/p>\n<\/div><\/section><\/div><div  style='height:50px' class='hr hr-invisible   avia-builder-el-6  el_after_av_one_full  el_before_av_social_share '><span class='hr-inner ' ><span class='hr-inner-style'><\/span><\/span><\/div><\/p>\n<div  class='av-social-sharing-box  avia-builder-el-7  el_after_av_hr  el_before_av_hr  '><div class='av-share-box'><h5 class='av-share-link-description av-no-toc '>Compartir esta noticia<\/h5><ul class='av-share-box-list noLightbox'><li class='av-share-link av-social-link-facebook' ><a target=\"_blank\" aria-label=\"Compartir en Facebook\" href='https:\/\/www.facebook.com\/sharer.php?u=https:\/\/radiorevelacionfm.cl\/?p=45512&#038;t=Edelaysen%20moderniza%20equipos%20en%20Islas%20Huichas%20para%20reforzar%20el%20suministro%20el%C3%A9ctrico%20en%20la%20zona' aria-hidden='false' data-av_icon='\ue8f3' data-av_iconfont='entypo-fontello' title='' data-avia-related-tooltip='Compartir en Facebook' rel=\"noopener\"><span class='avia_hidden_link_text'>Compartir en Facebook<\/span><\/a><\/li><li class='av-share-link av-social-link-twitter' ><a target=\"_blank\" aria-label=\"Compartir en Twitter\" href='https:\/\/twitter.com\/share?text=Edelaysen%20moderniza%20equipos%20en%20Islas%20Huichas%20para%20reforzar%20el%20suministro%20el%C3%A9ctrico%20en%20la%20zona&#038;url=https:\/\/radiorevelacionfm.cl\/?p=45512' aria-hidden='false' data-av_icon='\ue8f1' data-av_iconfont='entypo-fontello' title='' data-avia-related-tooltip='Compartir en Twitter' rel=\"noopener\"><span class='avia_hidden_link_text'>Compartir en Twitter<\/span><\/a><\/li><li class='av-share-link av-social-link-whatsapp' ><a target=\"_blank\" aria-label=\"Compartir en Whatsapp\" href='https:\/\/api.whatsapp.com\/send?text=https:\/\/radiorevelacionfm.cl\/?p=45512' aria-hidden='false' data-av_icon='\uf232' data-av_iconfont='entypo-fontello' title='' data-avia-related-tooltip='Compartir en Whatsapp' rel=\"noopener\"><span class='avia_hidden_link_text'>Compartir en Whatsapp<\/span><\/a><\/li><li class='av-share-link av-social-link-linkedin' ><a target=\"_blank\" aria-label=\"Compartir en LinkedIn\" href='https:\/\/linkedin.com\/shareArticle?mini=true&#038;title=Edelaysen%20moderniza%20equipos%20en%20Islas%20Huichas%20para%20reforzar%20el%20suministro%20el%C3%A9ctrico%20en%20la%20zona&#038;url=https:\/\/radiorevelacionfm.cl\/?p=45512' aria-hidden='false' data-av_icon='\ue8fc' data-av_iconfont='entypo-fontello' title='' data-avia-related-tooltip='Compartir en LinkedIn' rel=\"noopener\"><span class='avia_hidden_link_text'>Compartir en LinkedIn<\/span><\/a><\/li><li class='av-share-link av-social-link-mail' ><a  aria-label=\"Compartir por correo\" href='mailto:?subject=Edelaysen%20moderniza%20equipos%20en%20Islas%20Huichas%20para%20reforzar%20el%20suministro%20el%C3%A9ctrico%20en%20la%20zona&#038;body=https:\/\/radiorevelacionfm.cl\/?p=45512' aria-hidden='false' data-av_icon='\ue805' data-av_iconfont='entypo-fontello' title='' data-avia-related-tooltip='Compartir por correo'><span class='avia_hidden_link_text'>Compartir por correo<\/span><\/a><\/li><\/ul><\/div><\/div>\n<div  style='height:50px' class='hr hr-invisible   avia-builder-el-8  el_after_av_social_share  el_before_av_comments_list '><span class='hr-inner ' ><span class='hr-inner-style'><\/span><\/span><\/div>\n<div  class='av-buildercomment  av-blog-meta-html-info-disabled av-blog-meta-tag-disabled  '><\/div>\n","protected":false},"excerpt":{"rendered":"","protected":false},"author":1,"featured_media":45513,"comment_status":"open","ping_status":"open","sticky":false,"template":"","format":"standard","meta":{"footnotes":""},"categories":[38],"tags":[],"class_list":["post-45512","post","type-post","status-publish","format-standard","has-post-thumbnail","hentry","category-regional"],"jetpack_featured_media_url":"https:\/\/radiorevelacionfm.cl\/wp-content\/uploads\/2024\/08\/puerto-aguirre-islas-huichas-1_optimized-1.jpeg","_links":{"self":[{"href":"https:\/\/radiorevelacionfm.cl\/index.php?rest_route=\/wp\/v2\/posts\/45512","targetHints":{"allow":["GET"]}}],"collection":[{"href":"https:\/\/radiorevelacionfm.cl\/index.php?rest_route=\/wp\/v2\/posts"}],"about":[{"href":"https:\/\/radiorevelacionfm.cl\/index.php?rest_route=\/wp\/v2\/types\/post"}],"author":[{"embeddable":true,"href":"https:\/\/radiorevelacionfm.cl\/index.php?rest_route=\/wp\/v2\/users\/1"}],"replies":[{"embeddable":true,"href":"https:\/\/radiorevelacionfm.cl\/index.php?rest_route=%2Fwp%2Fv2%2Fcomments&post=45512"}],"version-history":[{"count":1,"href":"https:\/\/radiorevelacionfm.cl\/index.php?rest_route=\/wp\/v2\/posts\/45512\/revisions"}],"predecessor-version":[{"id":45514,"href":"https:\/\/radiorevelacionfm.cl\/index.php?rest_route=\/wp\/v2\/posts\/45512\/revisions\/45514"}],"wp:featuredmedia":[{"embeddable":true,"href":"https:\/\/radiorevelacionfm.cl\/index.php?rest_route=\/wp\/v2\/media\/45513"}],"wp:attachment":[{"href":"https:\/\/radiorevelacionfm.cl\/index.php?rest_route=%2Fwp%2Fv2%2Fmedia&parent=45512"}],"wp:term":[{"taxonomy":"category","embeddable":true,"href":"https:\/\/radiorevelacionfm.cl\/index.php?rest_route=%2Fwp%2Fv2%2Fcategories&post=45512"},{"taxonomy":"post_tag","embeddable":true,"href":"https:\/\/radiorevelacionfm.cl\/index.php?rest_route=%2Fwp%2Fv2%2Ftags&post=45512"}],"curies":[{"name":"wp","href":"https:\/\/api.w.org\/{rel}","templated":true}]}}