{"id":45505,"date":"2024-08-27T11:16:05","date_gmt":"2024-08-27T14:16:05","guid":{"rendered":"https:\/\/radiorevelacionfm.cl\/?p=45505"},"modified":"2024-08-27T11:16:05","modified_gmt":"2024-08-27T14:16:05","slug":"diputada-raphael-tras-reunion-con-ministro-pardow-hemos-logrado-urgencia-para-tramitar-proyecto-de-sistemas-medianos","status":"publish","type":"post","link":"https:\/\/radiorevelacionfm.cl\/?p=45505","title":{"rendered":"Diputada Raphael tras reuni\u00f3n con ministro Pardow: \u201cHemos logrado urgencia para tramitar proyecto de sistemas medianos\u201d"},"content":{"rendered":"<div class=\"flex_column av_one_full  flex_column_div av-zero-column-padding first  avia-builder-el-0  el_before_av_one_full  avia-builder-el-first  \" style='border-radius:0px; '><div  class='avia-image-container  av-styling-    avia-builder-el-1  avia-builder-el-no-sibling  avia-align-center '  itemprop=\"image\" itemscope=\"itemscope\" itemtype=\"https:\/\/schema.org\/ImageObject\"  ><div class='avia-image-container-inner'><div class='avia-image-overlay-wrap'><img decoding=\"async\" class='wp-image-45507 avia-img-lazy-loading-not-45507 avia_image' src=\"https:\/\/radiorevelacionfm.cl\/wp-content\/uploads\/2024\/08\/foto-diputada-con-ministro-de-energia-1_optimized.jpeg\" alt='' title='foto-diputada-con-ministro-de-energ\u00eda-(1)_optimized' height=\"668\" width=\"802\"  itemprop=\"thumbnailUrl\" srcset=\"https:\/\/radiorevelacionfm.cl\/wp-content\/uploads\/2024\/08\/foto-diputada-con-ministro-de-energia-1_optimized.jpeg 802w, https:\/\/radiorevelacionfm.cl\/wp-content\/uploads\/2024\/08\/foto-diputada-con-ministro-de-energia-1_optimized-300x250.jpeg 300w, https:\/\/radiorevelacionfm.cl\/wp-content\/uploads\/2024\/08\/foto-diputada-con-ministro-de-energia-1_optimized-768x640.jpeg 768w, https:\/\/radiorevelacionfm.cl\/wp-content\/uploads\/2024\/08\/foto-diputada-con-ministro-de-energia-1_optimized-705x587.jpeg 705w, https:\/\/radiorevelacionfm.cl\/wp-content\/uploads\/2024\/08\/foto-diputada-con-ministro-de-energia-1_optimized-450x375.jpeg 450w, https:\/\/radiorevelacionfm.cl\/wp-content\/uploads\/2024\/08\/foto-diputada-con-ministro-de-energia-1_optimized-600x500.jpeg 600w\" sizes=\"(max-width: 802px) 100vw, 802px\" \/><\/div><\/div><\/div><\/div><div class=\"flex_column av_one_full  flex_column_div av-zero-column-padding first  avia-builder-el-2  el_after_av_one_full  el_before_av_one_full  column-top-margin\" style='border-radius:0px; '><section class=\"av_textblock_section \"  itemscope=\"itemscope\" itemtype=\"https:\/\/schema.org\/BlogPosting\" itemprop=\"blogPost\" ><div class='avia_textblock  '   itemprop=\"text\" ><p style=\"text-align: center;\"><span style=\"font-size: 18pt;\"><strong>Diputada Raphael tras reuni\u00f3n con ministro Pardow: \u201cHemos logrado urgencia para tramitar proyecto de sistemas medianos\u201d<\/strong><\/span><\/p>\n<div id=\"gtx-trans\" style=\"position: absolute; left: -50px; top: 4.31534px;\">\n<div class=\"gtx-trans-icon\"><\/div>\n<\/div>\n<\/div><\/section><\/div><div class=\"flex_column av_one_full  flex_column_div av-zero-column-padding first  avia-builder-el-4  el_after_av_one_full  el_before_av_hr  column-top-margin\" style='border-radius:0px; '><section class=\"av_textblock_section \"  itemscope=\"itemscope\" itemtype=\"https:\/\/schema.org\/BlogPosting\" itemprop=\"blogPost\" ><div class='avia_textblock  '   itemprop=\"text\" ><p style=\"text-align: justify;\">La diputada por Ays\u00e9n, Marcia Raphael Mora sostuvo durante la tarde de este lunes una provechosa reuni\u00f3n con el ministro de Energ\u00eda Diego Pardow, con el fin de solicitarle materializar el compromiso del gobierno de tramitar con suma urgencia el Proyecto de Ley de Sistemas Medianos, que se encuentra en tramitaci\u00f3n en la Comisi\u00f3n de Zonas Extremas de la C\u00e1mara, que preside la legisladora.<\/p>\n<p style=\"text-align: justify;\">Recordemos que esta iniciativa tiene como objetivo modernizar y ajustar la regulaci\u00f3n de los sistemas medianos con la finalidad de mejorar el acceso a la energ\u00eda y que esta sea m\u00e1s accesible.<\/p>\n<p style=\"text-align: justify;\">Hay demandas hist\u00f3ricas que este proyecto considera, como lo es el acople tarifario, y otras que no considera, como la equidad tarifaria.<\/p>\n<p style=\"text-align: justify;\">Sobre el \u00faltimo punto, los diputados de la Regi\u00f3n ya adelantaron que presentar\u00e1n una indicaci\u00f3n para que esta sea considerada dentro de la iniciativa.<\/p>\n<p style=\"text-align: justify;\">Raphael se\u00f1al\u00f3 que \u201cel proyecto de sistemas medianos, con estas dos medidas permitir\u00e1 reducir los costos de las tarifas el\u00e9ctricas adem\u00e1s de diversificar la matriz energ\u00e9tica. Recordemos que hist\u00f3ricamente Ays\u00e9n ha tenido las tarifas el\u00e9ctricas m\u00e1s altas del pa\u00eds, por lo que resulta relevante avanzar en esta iniciativa\u201d se\u00f1al\u00f3 Raphael.<\/p>\n<p style=\"text-align: justify;\">Por otra parte, Raphael se\u00f1al\u00f3 que, \u201cValoro que el ministro haya cumplido sus palabras, otorgando suma urgencia a este proyecto que representa una demanda hist\u00f3rica de la regi\u00f3n. Esperamos que se encuentre despachada de la Comisi\u00f3n de Zonas Extremas a fines de septiembre, y en octubre se est\u00e9 discutiendo en el Senado\u201d, apunt\u00f3.<\/p>\n<p style=\"text-align: justify;\">Ley corta para aumentar la cobertura de subsidio el\u00e9ctrico.<\/p>\n<p style=\"text-align: justify;\">Raphael (RN) adelant\u00f3 que el gobierno ingresar\u00e1 durante la jornada la ley corta que ampl\u00eda el subsidio el\u00e9ctrico, que sin duda es \u201cinsuficiente y tard\u00eda\u201d para apoyar a las familias que se encuentran sufriendo los coletazos del aumento gigantesco en las cuentas de la energ\u00eda el\u00e9ctrica.<\/p>\n<p style=\"text-align: justify;\">\u201cEl subsidio a las tarifas de la luz seguir\u00e1 siendo insuficiente, ya que no permitir\u00e1 afrontar en su totalidad el aumento de las tarifas el\u00e9ctricas, lo que es lamentable. Estaremos pendientes durante su tramitaci\u00f3n, para que los sistemas medianos como es el caso de Ays\u00e9n puedan ser beneficiados\u201d sentenci\u00f3 Raphael.<\/p>\n<\/div><\/section><\/div><div  style='height:50px' class='hr hr-invisible   avia-builder-el-6  el_after_av_one_full  el_before_av_social_share '><span class='hr-inner ' ><span class='hr-inner-style'><\/span><\/span><\/div><\/p>\n<div  class='av-social-sharing-box  avia-builder-el-7  el_after_av_hr  el_before_av_hr  '><div class='av-share-box'><h5 class='av-share-link-description av-no-toc '>Compartir esta noticia<\/h5><ul class='av-share-box-list noLightbox'><li class='av-share-link av-social-link-facebook' ><a target=\"_blank\" aria-label=\"Compartir en Facebook\" href='https:\/\/www.facebook.com\/sharer.php?u=https:\/\/radiorevelacionfm.cl\/?p=45505&#038;t=Diputada%20Raphael%20tras%20reuni%C3%B3n%20con%20ministro%20Pardow%3A%20%E2%80%9CHemos%20logrado%20urgencia%20para%20tramitar%20proyecto%20de%20sistemas%20medianos%E2%80%9D' aria-hidden='false' data-av_icon='\ue8f3' data-av_iconfont='entypo-fontello' title='' data-avia-related-tooltip='Compartir en Facebook' rel=\"noopener\"><span class='avia_hidden_link_text'>Compartir en Facebook<\/span><\/a><\/li><li class='av-share-link av-social-link-twitter' ><a target=\"_blank\" aria-label=\"Compartir en Twitter\" href='https:\/\/twitter.com\/share?text=Diputada%20Raphael%20tras%20reuni%C3%B3n%20con%20ministro%20Pardow%3A%20%E2%80%9CHemos%20logrado%20urgencia%20para%20tramitar%20proyecto%20de%20sistemas%20medianos%E2%80%9D&#038;url=https:\/\/radiorevelacionfm.cl\/?p=45505' aria-hidden='false' data-av_icon='\ue8f1' data-av_iconfont='entypo-fontello' title='' data-avia-related-tooltip='Compartir en Twitter' rel=\"noopener\"><span class='avia_hidden_link_text'>Compartir en Twitter<\/span><\/a><\/li><li class='av-share-link av-social-link-whatsapp' ><a target=\"_blank\" aria-label=\"Compartir en Whatsapp\" href='https:\/\/api.whatsapp.com\/send?text=https:\/\/radiorevelacionfm.cl\/?p=45505' aria-hidden='false' data-av_icon='\uf232' data-av_iconfont='entypo-fontello' title='' data-avia-related-tooltip='Compartir en Whatsapp' rel=\"noopener\"><span class='avia_hidden_link_text'>Compartir en Whatsapp<\/span><\/a><\/li><li class='av-share-link av-social-link-linkedin' ><a target=\"_blank\" aria-label=\"Compartir en LinkedIn\" href='https:\/\/linkedin.com\/shareArticle?mini=true&#038;title=Diputada%20Raphael%20tras%20reuni%C3%B3n%20con%20ministro%20Pardow%3A%20%E2%80%9CHemos%20logrado%20urgencia%20para%20tramitar%20proyecto%20de%20sistemas%20medianos%E2%80%9D&#038;url=https:\/\/radiorevelacionfm.cl\/?p=45505' aria-hidden='false' data-av_icon='\ue8fc' data-av_iconfont='entypo-fontello' title='' data-avia-related-tooltip='Compartir en LinkedIn' rel=\"noopener\"><span class='avia_hidden_link_text'>Compartir en LinkedIn<\/span><\/a><\/li><li class='av-share-link av-social-link-mail' ><a  aria-label=\"Compartir por correo\" href='mailto:?subject=Diputada%20Raphael%20tras%20reuni%C3%B3n%20con%20ministro%20Pardow%3A%20%E2%80%9CHemos%20logrado%20urgencia%20para%20tramitar%20proyecto%20de%20sistemas%20medianos%E2%80%9D&#038;body=https:\/\/radiorevelacionfm.cl\/?p=45505' aria-hidden='false' data-av_icon='\ue805' data-av_iconfont='entypo-fontello' title='' data-avia-related-tooltip='Compartir por correo'><span class='avia_hidden_link_text'>Compartir por correo<\/span><\/a><\/li><\/ul><\/div><\/div>\n<div  style='height:50px' class='hr hr-invisible   avia-builder-el-8  el_after_av_social_share  el_before_av_comments_list '><span class='hr-inner ' ><span class='hr-inner-style'><\/span><\/span><\/div>\n<div  class='av-buildercomment  av-blog-meta-html-info-disabled av-blog-meta-tag-disabled  '><\/div>\n","protected":false},"excerpt":{"rendered":"","protected":false},"author":1,"featured_media":45507,"comment_status":"open","ping_status":"open","sticky":false,"template":"","format":"standard","meta":{"footnotes":""},"categories":[35],"tags":[],"class_list":["post-45505","post","type-post","status-publish","format-standard","has-post-thumbnail","hentry","category-politica"],"jetpack_featured_media_url":"https:\/\/radiorevelacionfm.cl\/wp-content\/uploads\/2024\/08\/foto-diputada-con-ministro-de-energia-1_optimized.jpeg","_links":{"self":[{"href":"https:\/\/radiorevelacionfm.cl\/index.php?rest_route=\/wp\/v2\/posts\/45505","targetHints":{"allow":["GET"]}}],"collection":[{"href":"https:\/\/radiorevelacionfm.cl\/index.php?rest_route=\/wp\/v2\/posts"}],"about":[{"href":"https:\/\/radiorevelacionfm.cl\/index.php?rest_route=\/wp\/v2\/types\/post"}],"author":[{"embeddable":true,"href":"https:\/\/radiorevelacionfm.cl\/index.php?rest_route=\/wp\/v2\/users\/1"}],"replies":[{"embeddable":true,"href":"https:\/\/radiorevelacionfm.cl\/index.php?rest_route=%2Fwp%2Fv2%2Fcomments&post=45505"}],"version-history":[{"count":1,"href":"https:\/\/radiorevelacionfm.cl\/index.php?rest_route=\/wp\/v2\/posts\/45505\/revisions"}],"predecessor-version":[{"id":45508,"href":"https:\/\/radiorevelacionfm.cl\/index.php?rest_route=\/wp\/v2\/posts\/45505\/revisions\/45508"}],"wp:featuredmedia":[{"embeddable":true,"href":"https:\/\/radiorevelacionfm.cl\/index.php?rest_route=\/wp\/v2\/media\/45507"}],"wp:attachment":[{"href":"https:\/\/radiorevelacionfm.cl\/index.php?rest_route=%2Fwp%2Fv2%2Fmedia&parent=45505"}],"wp:term":[{"taxonomy":"category","embeddable":true,"href":"https:\/\/radiorevelacionfm.cl\/index.php?rest_route=%2Fwp%2Fv2%2Fcategories&post=45505"},{"taxonomy":"post_tag","embeddable":true,"href":"https:\/\/radiorevelacionfm.cl\/index.php?rest_route=%2Fwp%2Fv2%2Ftags&post=45505"}],"curies":[{"name":"wp","href":"https:\/\/api.w.org\/{rel}","templated":true}]}}