{"id":4549,"date":"2021-05-26T17:22:08","date_gmt":"2021-05-26T20:22:08","guid":{"rendered":"https:\/\/radiorevelacionfm.cl\/?p=4549"},"modified":"2021-05-26T17:22:08","modified_gmt":"2021-05-26T20:22:08","slug":"un-15-de-avance-presentan-trabajos-de-mejoramiento-de-avenida-baquedano-en-coyhaique","status":"publish","type":"post","link":"https:\/\/radiorevelacionfm.cl\/?p=4549","title":{"rendered":"Un 15% de avance presentan trabajos de mejoramiento de Avenida Baquedano en Coyhaique"},"content":{"rendered":"<div class=\"flex_column av_one_full  flex_column_div av-zero-column-padding first  avia-builder-el-0  el_before_av_one_full  avia-builder-el-first  \" style='border-radius:0px; '><div  class='avia-image-container  av-styling-    avia-builder-el-1  avia-builder-el-no-sibling  avia-align-center '  itemprop=\"image\" itemscope=\"itemscope\" itemtype=\"https:\/\/schema.org\/ImageObject\"  ><div class='avia-image-container-inner'><div class='avia-image-overlay-wrap'><img decoding=\"async\" class='wp-image-4550 avia-img-lazy-loading-not-4550 avia_image' src=\"https:\/\/radiorevelacionfm.cl\/wp-content\/uploads\/2021\/05\/img_4217-1_optimized.jpg\" alt='' title='img_4217-(1)_optimized' height=\"600\" width=\"900\"  itemprop=\"thumbnailUrl\" srcset=\"https:\/\/radiorevelacionfm.cl\/wp-content\/uploads\/2021\/05\/img_4217-1_optimized.jpg 900w, https:\/\/radiorevelacionfm.cl\/wp-content\/uploads\/2021\/05\/img_4217-1_optimized-300x200.jpg 300w, https:\/\/radiorevelacionfm.cl\/wp-content\/uploads\/2021\/05\/img_4217-1_optimized-768x512.jpg 768w, https:\/\/radiorevelacionfm.cl\/wp-content\/uploads\/2021\/05\/img_4217-1_optimized-705x470.jpg 705w, https:\/\/radiorevelacionfm.cl\/wp-content\/uploads\/2021\/05\/img_4217-1_optimized-600x400.jpg 600w\" sizes=\"(max-width: 900px) 100vw, 900px\" \/><\/div><\/div><\/div><\/div><div class=\"flex_column av_one_full  flex_column_div av-zero-column-padding first  avia-builder-el-2  el_after_av_one_full  el_before_av_one_full  column-top-margin\" style='border-radius:0px; '><section class=\"av_textblock_section \"  itemscope=\"itemscope\" itemtype=\"https:\/\/schema.org\/BlogPosting\" itemprop=\"blogPost\" ><div class='avia_textblock  '   itemprop=\"text\" ><p style=\"text-align: center;\"><strong><span style=\"font-size: 18pt;\">Un 15% de avance presentan trabajos de mejoramiento de Avenida Baquedano en Coyhaique<\/span><\/strong><\/p>\n<div id=\"gtx-trans\" style=\"position: absolute; left: -50px; top: 4.31534px;\">\n<div class=\"gtx-trans-icon\"><\/div>\n<\/div>\n<\/div><\/section><\/div><div class=\"flex_column av_one_full  flex_column_div av-zero-column-padding first  avia-builder-el-4  el_after_av_one_full  el_before_av_hr  column-top-margin\" style='border-radius:0px; '><section class=\"av_textblock_section \"  itemscope=\"itemscope\" itemtype=\"https:\/\/schema.org\/BlogPosting\" itemprop=\"blogPost\" ><div class='avia_textblock  '   itemprop=\"text\" ><p style=\"text-align: justify;\">El Secretario Regional Ministerial de Obras P\u00fablicas, N\u00e9stor Mera Mu\u00f1oz, junto al equipo de Vialidad esta semana realiz\u00f3 una inspecci\u00f3n a las obras de mejoramiento vial que se desarrollan en la Avenida Baquedano, en la ciudad de Coyhaique constatando a la fecha un 15% de avance en su ejecuci\u00f3n.<\/p>\n<p style=\"text-align: justify;\">\u201cEn la Avenida Baquedano \u00a0como Ministerio de Obras P\u00fablicas estamos desarrollando\u00a0 un tremendo proyecto de vialidad urbana, tal vez el m\u00e1s grande de los \u00faltimos a\u00f1os, y parte importante de este trabajo que tiene 15% de avance se extiende en 2,5 kil\u00f3metros desde la calle Victoria hasta pasado el Museo Regional, en donde \u00a0vamos a construir una doble v\u00eda que va a permitir descongestionar el flujo vehicular de la ciudad de Coyhaique. Tambi\u00e9n en este sector contaremos con\u00a0 ciclov\u00eda, bandej\u00f3n central e iluminaci\u00f3n. La verdad es que es un proyecto muy completo y que ya est\u00e1 tomando forma. Al d\u00eda de hoy se est\u00e1n contratando entre 65 y 70 personas mensuales en esta obra, que es parte del plan Paso a Paso Chile se Recupera el que como gobierno del presidente Sebasti\u00e1n Pi\u00f1era hemos impulsado fuertemente en nuestra regi\u00f3n. Esta obra que esperamos est\u00e9 terminada a fines del pr\u00f3ximo a\u00f1o, tiene una inversi\u00f3n superior a los $15 mil millones y va a brindar a toda la comunidad mayor seguridad vial, m\u00e1s tranquilidad al desplazarnos como peatones, para los ciclistas y para los automovilistas. Son las grandes obras que el Ministerio de Obras P\u00fablicas est\u00e1 llevando a cabo hoy d\u00eda en la ciudad de Coyhaique\u201d, asegur\u00f3 el SEREMI del MOP.<\/p>\n<p style=\"text-align: justify;\">\u201cLa doble v\u00eda pavimentada considera un ancho de 7,0 m por calzada, la construcci\u00f3n de veredas peatonales de 2,0m de ancho y\u00a0 la incorporaci\u00f3n de una ciclov\u00eda de 2,0 m de ancho. Las obras permiten una velocidad de operaci\u00f3n de 50 km\/hr, contar\u00e1 con paraderos de buses, muros de contenci\u00f3n, el cruce en el sector quebrada El Carb\u00f3n se construir\u00e1 con estructura de acero corrugado, saneamiento e Iluminaci\u00f3n vial y en materia de seguridad vial se contempla se\u00f1alizaci\u00f3n, demarcaci\u00f3n y sistema de contenci\u00f3n. La Avenida Baquedano podr\u00e1 contar con un mejor est\u00e1ndar de operaci\u00f3n acorde con en desarrollo urbano que se observa en el sector, posibilitar\u00e1 la disminuci\u00f3n de los tiempos de viaje, entregar\u00e1 mayor seguridad porque con la existencia de dos pistas por sentido y separadas se reducen los riesgos de colisi\u00f3n, los virajes a la Izquierda se realizar\u00e1n en forma regulada, mejorar\u00e1 la operaci\u00f3n, accesibilidad, conectividad, seguridad vial integral y la urbanizaci\u00f3n en su conjunto. Al entregar \u00a0un mejor est\u00e1ndar de operaci\u00f3n a la Ruta 243-CH (Avenida Baquedano), este camino con car\u00e1cter internacional, proporcionar\u00e1 una mejor conectividad para la regi\u00f3n de Ays\u00e9n y\u00a0 se potenciar\u00e1n las actividades comerciales y tur\u00edsticas\u201d, agreg\u00f3 el Director Regional de Vialidad del MOP Jaime Alarc\u00f3n.<\/p>\n<\/div><\/section><\/div><div  style='height:50px' class='hr hr-invisible   avia-builder-el-6  el_after_av_one_full  el_before_av_social_share '><span class='hr-inner ' ><span class='hr-inner-style'><\/span><\/span><\/div><\/p>\n<div  class='av-social-sharing-box  avia-builder-el-7  el_after_av_hr  el_before_av_hr  '><div class='av-share-box'><h5 class='av-share-link-description av-no-toc '>Compartir esta noticia<\/h5><ul class='av-share-box-list noLightbox'><li class='av-share-link av-social-link-facebook' ><a target=\"_blank\" aria-label=\"Compartir en Facebook\" href='https:\/\/www.facebook.com\/sharer.php?u=https:\/\/radiorevelacionfm.cl\/?p=4549&#038;t=Un%2015%25%20de%20avance%20presentan%20trabajos%20de%20mejoramiento%20de%20Avenida%20Baquedano%20en%20Coyhaique' aria-hidden='false' data-av_icon='\ue8f3' data-av_iconfont='entypo-fontello' title='' data-avia-related-tooltip='Compartir en Facebook' rel=\"noopener\"><span class='avia_hidden_link_text'>Compartir en Facebook<\/span><\/a><\/li><li class='av-share-link av-social-link-twitter' ><a target=\"_blank\" aria-label=\"Compartir en Twitter\" href='https:\/\/twitter.com\/share?text=Un%2015%25%20de%20avance%20presentan%20trabajos%20de%20mejoramiento%20de%20Avenida%20Baquedano%20en%20Coyhaique&#038;url=https:\/\/radiorevelacionfm.cl\/?p=4549' aria-hidden='false' data-av_icon='\ue8f1' data-av_iconfont='entypo-fontello' title='' data-avia-related-tooltip='Compartir en Twitter' rel=\"noopener\"><span class='avia_hidden_link_text'>Compartir en Twitter<\/span><\/a><\/li><li class='av-share-link av-social-link-whatsapp' ><a target=\"_blank\" aria-label=\"Compartir en Whatsapp\" href='https:\/\/api.whatsapp.com\/send?text=https:\/\/radiorevelacionfm.cl\/?p=4549' aria-hidden='false' data-av_icon='\uf232' data-av_iconfont='entypo-fontello' title='' data-avia-related-tooltip='Compartir en Whatsapp' rel=\"noopener\"><span class='avia_hidden_link_text'>Compartir en Whatsapp<\/span><\/a><\/li><li class='av-share-link av-social-link-linkedin' ><a target=\"_blank\" aria-label=\"Compartir en LinkedIn\" href='https:\/\/linkedin.com\/shareArticle?mini=true&#038;title=Un%2015%25%20de%20avance%20presentan%20trabajos%20de%20mejoramiento%20de%20Avenida%20Baquedano%20en%20Coyhaique&#038;url=https:\/\/radiorevelacionfm.cl\/?p=4549' aria-hidden='false' data-av_icon='\ue8fc' data-av_iconfont='entypo-fontello' title='' data-avia-related-tooltip='Compartir en LinkedIn' rel=\"noopener\"><span class='avia_hidden_link_text'>Compartir en LinkedIn<\/span><\/a><\/li><li class='av-share-link av-social-link-mail' ><a  aria-label=\"Compartir por correo\" href='mailto:?subject=Un%2015%25%20de%20avance%20presentan%20trabajos%20de%20mejoramiento%20de%20Avenida%20Baquedano%20en%20Coyhaique&#038;body=https:\/\/radiorevelacionfm.cl\/?p=4549' aria-hidden='false' data-av_icon='\ue805' data-av_iconfont='entypo-fontello' title='' data-avia-related-tooltip='Compartir por correo'><span class='avia_hidden_link_text'>Compartir por correo<\/span><\/a><\/li><\/ul><\/div><\/div>\n<div  style='height:50px' class='hr hr-invisible   avia-builder-el-8  el_after_av_social_share  el_before_av_comments_list '><span class='hr-inner ' ><span class='hr-inner-style'><\/span><\/span><\/div>\n<div  class='av-buildercomment  av-blog-meta-html-info-disabled av-blog-meta-tag-disabled  '><\/div>\n","protected":false},"excerpt":{"rendered":"","protected":false},"author":1,"featured_media":4550,"comment_status":"open","ping_status":"open","sticky":false,"template":"","format":"standard","meta":{"footnotes":""},"categories":[38],"tags":[],"class_list":["post-4549","post","type-post","status-publish","format-standard","has-post-thumbnail","hentry","category-regional"],"jetpack_featured_media_url":"https:\/\/radiorevelacionfm.cl\/wp-content\/uploads\/2021\/05\/img_4217-1_optimized.jpg","_links":{"self":[{"href":"https:\/\/radiorevelacionfm.cl\/index.php?rest_route=\/wp\/v2\/posts\/4549","targetHints":{"allow":["GET"]}}],"collection":[{"href":"https:\/\/radiorevelacionfm.cl\/index.php?rest_route=\/wp\/v2\/posts"}],"about":[{"href":"https:\/\/radiorevelacionfm.cl\/index.php?rest_route=\/wp\/v2\/types\/post"}],"author":[{"embeddable":true,"href":"https:\/\/radiorevelacionfm.cl\/index.php?rest_route=\/wp\/v2\/users\/1"}],"replies":[{"embeddable":true,"href":"https:\/\/radiorevelacionfm.cl\/index.php?rest_route=%2Fwp%2Fv2%2Fcomments&post=4549"}],"version-history":[{"count":1,"href":"https:\/\/radiorevelacionfm.cl\/index.php?rest_route=\/wp\/v2\/posts\/4549\/revisions"}],"predecessor-version":[{"id":4551,"href":"https:\/\/radiorevelacionfm.cl\/index.php?rest_route=\/wp\/v2\/posts\/4549\/revisions\/4551"}],"wp:featuredmedia":[{"embeddable":true,"href":"https:\/\/radiorevelacionfm.cl\/index.php?rest_route=\/wp\/v2\/media\/4550"}],"wp:attachment":[{"href":"https:\/\/radiorevelacionfm.cl\/index.php?rest_route=%2Fwp%2Fv2%2Fmedia&parent=4549"}],"wp:term":[{"taxonomy":"category","embeddable":true,"href":"https:\/\/radiorevelacionfm.cl\/index.php?rest_route=%2Fwp%2Fv2%2Fcategories&post=4549"},{"taxonomy":"post_tag","embeddable":true,"href":"https:\/\/radiorevelacionfm.cl\/index.php?rest_route=%2Fwp%2Fv2%2Ftags&post=4549"}],"curies":[{"name":"wp","href":"https:\/\/api.w.org\/{rel}","templated":true}]}}