{"id":45488,"date":"2024-08-26T15:58:04","date_gmt":"2024-08-26T18:58:04","guid":{"rendered":"https:\/\/radiorevelacionfm.cl\/?p=45488"},"modified":"2024-09-02T20:33:30","modified_gmt":"2024-09-02T23:33:30","slug":"senador-sandoval-plantea-urgencia-de-generar-un-gran-pacto-por-el-desarrollo-de-la-region-de-aysen","status":"publish","type":"post","link":"https:\/\/radiorevelacionfm.cl\/?p=45488","title":{"rendered":"Senador Sandoval plantea urgencia de generar un gran pacto por el desarrollo de la regi\u00f3n de Ays\u00e9n"},"content":{"rendered":"<div class=\"flex_column av_one_full  flex_column_div av-zero-column-padding first  avia-builder-el-0  el_before_av_one_full  avia-builder-el-first  \" style='border-radius:0px; '><div  class='avia-image-container  av-styling-    avia-builder-el-1  avia-builder-el-no-sibling  avia-align-center '  itemprop=\"image\" itemscope=\"itemscope\" itemtype=\"https:\/\/schema.org\/ImageObject\"  ><div class='avia-image-container-inner'><div class='avia-image-overlay-wrap'><img decoding=\"async\" class='wp-image-45489 avia-img-lazy-loading-not-45489 avia_image' src=\"https:\/\/radiorevelacionfm.cl\/wp-content\/uploads\/2024\/08\/REUNION-CON-FRIOSUR-1-1.jpeg\" alt='' title='REUNI\u00d3N CON FRIOSUR (1) (1)' height=\"600\" width=\"873\"  itemprop=\"thumbnailUrl\" srcset=\"https:\/\/radiorevelacionfm.cl\/wp-content\/uploads\/2024\/08\/REUNION-CON-FRIOSUR-1-1.jpeg 873w, https:\/\/radiorevelacionfm.cl\/wp-content\/uploads\/2024\/08\/REUNION-CON-FRIOSUR-1-1-300x206.jpeg 300w, https:\/\/radiorevelacionfm.cl\/wp-content\/uploads\/2024\/08\/REUNION-CON-FRIOSUR-1-1-768x528.jpeg 768w, https:\/\/radiorevelacionfm.cl\/wp-content\/uploads\/2024\/08\/REUNION-CON-FRIOSUR-1-1-705x485.jpeg 705w, https:\/\/radiorevelacionfm.cl\/wp-content\/uploads\/2024\/08\/REUNION-CON-FRIOSUR-1-1-450x309.jpeg 450w, https:\/\/radiorevelacionfm.cl\/wp-content\/uploads\/2024\/08\/REUNION-CON-FRIOSUR-1-1-600x412.jpeg 600w\" sizes=\"(max-width: 873px) 100vw, 873px\" \/><\/div><\/div><\/div><\/div><div class=\"flex_column av_one_full  flex_column_div av-zero-column-padding first  avia-builder-el-2  el_after_av_one_full  el_before_av_one_full  column-top-margin\" style='border-radius:0px; '><section class=\"av_textblock_section \"  itemscope=\"itemscope\" itemtype=\"https:\/\/schema.org\/BlogPosting\" itemprop=\"blogPost\" ><div class='avia_textblock  '   itemprop=\"text\" ><p style=\"text-align: center;\"><strong><span style=\"font-size: 18pt;\">Senador Sandoval plantea urgencia de generar un gran pacto por el desarrollo de la regi\u00f3n de Ays\u00e9n <\/span><\/strong><\/p>\n<div id=\"gtx-trans\" style=\"position: absolute; left: -50px; top: 4.31534px;\">\n<div class=\"gtx-trans-icon\"><\/div>\n<\/div>\n<\/div><\/section><\/div><div class=\"flex_column av_one_full  flex_column_div av-zero-column-padding first  avia-builder-el-4  el_after_av_one_full  el_before_av_hr  column-top-margin\" style='border-radius:0px; '><section class=\"av_textblock_section \"  itemscope=\"itemscope\" itemtype=\"https:\/\/schema.org\/BlogPosting\" itemprop=\"blogPost\" ><div class='avia_textblock  '   itemprop=\"text\" ><p style=\"text-align: justify;\"><em>Parlamentario se\u00f1al\u00f3 que en la regi\u00f3n se siguen hablando de los mismos problemas hace d\u00e9cadas, lo que qued\u00f3 de manifiesto en la reciente visita que hizo a la zona el ministro de Hacienda.<\/em><\/p>\n<p style=\"text-align: justify;\">Un llamado a generar un gran pacto por el desarrollo de la regi\u00f3n de Ays\u00e9n, realiz\u00f3 el senador David Sandoval, luego de distintas reuniones que sostuvo en los \u00faltimos d\u00edas.<\/p>\n<p style=\"text-align: justify;\">Sandoval mostr\u00f3 su preocupaci\u00f3n sobre todo luego de la visita a la regi\u00f3n del ministro de Hacienda, Mario Marcel, espec\u00edficamente en la reuni\u00f3n realizada en la C\u00e1mara Chilena de la Construcci\u00f3n. \u201cLos temas tratados fueron los mismos de hace d\u00e9cadas. La falta de camino, la energ\u00eda m\u00e1s cara, la falta de desarrollo, las becas, la falta de salud, el famoso hospital (regional), donde lo \u00fanico que cambia son los dirigentes, pero los problemas son exactamente los mismos, y por eso hay que hacer un giro sustantivo en la forma de hacer las cosas\u201d, enfatiz\u00f3.<\/p>\n<p style=\"text-align: justify;\">En ese contexto, el parlamentario se\u00f1al\u00f3 tambi\u00e9n que \u201cno nos vamos a desarrollar solo con lo que se haga, por ejemplo, desde el Gobierno Regional\u201d, sino que se necesita atraer inversi\u00f3n y generar empleabilidad a trav\u00e9s de distintos actores. \u201cEstamos yendo hacia un escenario en el cual vamos a tener que generar algunas bases de consenso sobre la cual queremos caminar\u201d, indic\u00f3.<\/p>\n<p style=\"text-align: justify;\">Asimismo, el legislador tambi\u00e9n se reuni\u00f3 con el gerente general de la pesquera Friosur, Pablo Sufan, junto a los dirigentes sindicales Mariano Villa y Rub\u00e9n Leal, donde junto con analizar los alcances de la nueva ley de pesca que se tramita en el Congreso, tambi\u00e9n se abord\u00f3 la importancia que tiene el desarrollo del litoral en la regi\u00f3n. \u201cLo que tenemos que hacer ahora es ver c\u00f3mo desarrollamos las capacidades productivas. As\u00ed como en el norte es connatural la miner\u00eda, en la zona sur austral lo es respecto de los recursos del mar, por lo tanto, el desarrollo de estas actividades es fundamental\u201d, indic\u00f3.<\/p>\n<p style=\"text-align: justify;\">Adem\u00e1s, el senador Sandoval conoci\u00f3 en terreno el trabajo que realiza la empresa Ays\u00e9n Recircular en Puerto Ays\u00e9n, que utiliza material reciclado desde empresas acu\u00edcolas para elaborar paneles SIP, de aislaci\u00f3n t\u00e9rmica para viviendas, destacando que empresas regionales desarrollen este tipo de actividades.<\/p>\n<p style=\"text-align: justify;\">Con todo, se\u00f1al\u00f3 que \u201chay que entender que no le podemos poner candado a la regi\u00f3n de Ays\u00e9n\u201d, enfatizando que \u201clo que tiene que exigir el Estado es que todas las instancias que se desarrollen se hagan conforme a las normas, a la ley, siendo siempre respetuoso con lo que nosotros queremos y valoramos\u201d.<\/p>\n<\/div><\/section><\/div><div  style='height:50px' class='hr hr-invisible   avia-builder-el-6  el_after_av_one_full  el_before_av_social_share '><span class='hr-inner ' ><span class='hr-inner-style'><\/span><\/span><\/div><\/p>\n<div  class='av-social-sharing-box  avia-builder-el-7  el_after_av_hr  el_before_av_hr  '><div class='av-share-box'><h5 class='av-share-link-description av-no-toc '>Compartir esta noticia<\/h5><ul class='av-share-box-list noLightbox'><li class='av-share-link av-social-link-facebook' ><a target=\"_blank\" aria-label=\"Compartir en Facebook\" href='https:\/\/www.facebook.com\/sharer.php?u=https:\/\/radiorevelacionfm.cl\/?p=45488&#038;t=Senador%20Sandoval%20plantea%20urgencia%20de%20generar%20un%20gran%20pacto%20por%20el%20desarrollo%20de%20la%20regi%C3%B3n%20de%20Ays%C3%A9n' aria-hidden='false' data-av_icon='\ue8f3' data-av_iconfont='entypo-fontello' title='' data-avia-related-tooltip='Compartir en Facebook' rel=\"noopener\"><span class='avia_hidden_link_text'>Compartir en Facebook<\/span><\/a><\/li><li class='av-share-link av-social-link-twitter' ><a target=\"_blank\" aria-label=\"Compartir en Twitter\" href='https:\/\/twitter.com\/share?text=Senador%20Sandoval%20plantea%20urgencia%20de%20generar%20un%20gran%20pacto%20por%20el%20desarrollo%20de%20la%20regi%C3%B3n%20de%20Ays%C3%A9n&#038;url=https:\/\/radiorevelacionfm.cl\/?p=45488' aria-hidden='false' data-av_icon='\ue8f1' data-av_iconfont='entypo-fontello' title='' data-avia-related-tooltip='Compartir en Twitter' rel=\"noopener\"><span class='avia_hidden_link_text'>Compartir en Twitter<\/span><\/a><\/li><li class='av-share-link av-social-link-whatsapp' ><a target=\"_blank\" aria-label=\"Compartir en Whatsapp\" href='https:\/\/api.whatsapp.com\/send?text=https:\/\/radiorevelacionfm.cl\/?p=45488' aria-hidden='false' data-av_icon='\uf232' data-av_iconfont='entypo-fontello' title='' data-avia-related-tooltip='Compartir en Whatsapp' rel=\"noopener\"><span class='avia_hidden_link_text'>Compartir en Whatsapp<\/span><\/a><\/li><li class='av-share-link av-social-link-linkedin' ><a target=\"_blank\" aria-label=\"Compartir en LinkedIn\" href='https:\/\/linkedin.com\/shareArticle?mini=true&#038;title=Senador%20Sandoval%20plantea%20urgencia%20de%20generar%20un%20gran%20pacto%20por%20el%20desarrollo%20de%20la%20regi%C3%B3n%20de%20Ays%C3%A9n&#038;url=https:\/\/radiorevelacionfm.cl\/?p=45488' aria-hidden='false' data-av_icon='\ue8fc' data-av_iconfont='entypo-fontello' title='' data-avia-related-tooltip='Compartir en LinkedIn' rel=\"noopener\"><span class='avia_hidden_link_text'>Compartir en LinkedIn<\/span><\/a><\/li><li class='av-share-link av-social-link-mail' ><a  aria-label=\"Compartir por correo\" href='mailto:?subject=Senador%20Sandoval%20plantea%20urgencia%20de%20generar%20un%20gran%20pacto%20por%20el%20desarrollo%20de%20la%20regi%C3%B3n%20de%20Ays%C3%A9n&#038;body=https:\/\/radiorevelacionfm.cl\/?p=45488' aria-hidden='false' data-av_icon='\ue805' data-av_iconfont='entypo-fontello' title='' data-avia-related-tooltip='Compartir por correo'><span class='avia_hidden_link_text'>Compartir por correo<\/span><\/a><\/li><\/ul><\/div><\/div>\n<div  style='height:50px' class='hr hr-invisible   avia-builder-el-8  el_after_av_social_share  el_before_av_comments_list '><span class='hr-inner ' ><span class='hr-inner-style'><\/span><\/span><\/div>\n<div  class='av-buildercomment  av-blog-meta-html-info-disabled av-blog-meta-tag-disabled  '><\/div>\n","protected":false},"excerpt":{"rendered":"","protected":false},"author":1,"featured_media":45489,"comment_status":"open","ping_status":"open","sticky":false,"template":"","format":"standard","meta":{"footnotes":""},"categories":[35],"tags":[],"class_list":["post-45488","post","type-post","status-publish","format-standard","has-post-thumbnail","hentry","category-politica"],"jetpack_featured_media_url":"https:\/\/radiorevelacionfm.cl\/wp-content\/uploads\/2024\/08\/REUNION-CON-FRIOSUR-1-1.jpeg","_links":{"self":[{"href":"https:\/\/radiorevelacionfm.cl\/index.php?rest_route=\/wp\/v2\/posts\/45488","targetHints":{"allow":["GET"]}}],"collection":[{"href":"https:\/\/radiorevelacionfm.cl\/index.php?rest_route=\/wp\/v2\/posts"}],"about":[{"href":"https:\/\/radiorevelacionfm.cl\/index.php?rest_route=\/wp\/v2\/types\/post"}],"author":[{"embeddable":true,"href":"https:\/\/radiorevelacionfm.cl\/index.php?rest_route=\/wp\/v2\/users\/1"}],"replies":[{"embeddable":true,"href":"https:\/\/radiorevelacionfm.cl\/index.php?rest_route=%2Fwp%2Fv2%2Fcomments&post=45488"}],"version-history":[{"count":1,"href":"https:\/\/radiorevelacionfm.cl\/index.php?rest_route=\/wp\/v2\/posts\/45488\/revisions"}],"predecessor-version":[{"id":45490,"href":"https:\/\/radiorevelacionfm.cl\/index.php?rest_route=\/wp\/v2\/posts\/45488\/revisions\/45490"}],"wp:featuredmedia":[{"embeddable":true,"href":"https:\/\/radiorevelacionfm.cl\/index.php?rest_route=\/wp\/v2\/media\/45489"}],"wp:attachment":[{"href":"https:\/\/radiorevelacionfm.cl\/index.php?rest_route=%2Fwp%2Fv2%2Fmedia&parent=45488"}],"wp:term":[{"taxonomy":"category","embeddable":true,"href":"https:\/\/radiorevelacionfm.cl\/index.php?rest_route=%2Fwp%2Fv2%2Fcategories&post=45488"},{"taxonomy":"post_tag","embeddable":true,"href":"https:\/\/radiorevelacionfm.cl\/index.php?rest_route=%2Fwp%2Fv2%2Ftags&post=45488"}],"curies":[{"name":"wp","href":"https:\/\/api.w.org\/{rel}","templated":true}]}}