{"id":45485,"date":"2024-08-26T17:24:23","date_gmt":"2024-08-26T20:24:23","guid":{"rendered":"https:\/\/radiorevelacionfm.cl\/?p=45485"},"modified":"2024-08-26T17:24:23","modified_gmt":"2024-08-26T20:24:23","slug":"gira-sur-de-culturas-aysen-en-ruta-reune-a-centenares-de-habitantes-en-3-localidades","status":"publish","type":"post","link":"https:\/\/radiorevelacionfm.cl\/?p=45485","title":{"rendered":"Gira Sur de Culturas Ays\u00e9n en Ruta re\u00fane a centenares de habitantes en 3 localidades"},"content":{"rendered":"<div class=\"flex_column av_one_full  flex_column_div av-zero-column-padding first  avia-builder-el-0  el_before_av_one_full  avia-builder-el-first  \" style='border-radius:0px; '><div  class='avia-image-container  av-styling-    avia-builder-el-1  avia-builder-el-no-sibling  avia-align-center '  itemprop=\"image\" itemscope=\"itemscope\" itemtype=\"https:\/\/schema.org\/ImageObject\"  ><div class='avia-image-container-inner'><div class='avia-image-overlay-wrap'><img decoding=\"async\" class='wp-image-45486 avia-img-lazy-loading-not-45486 avia_image' src=\"https:\/\/radiorevelacionfm.cl\/wp-content\/uploads\/2024\/08\/dsc_0762-2-1_optimized-1.jpg\" alt='' title='dsc_0762-(2)-(1)_optimized (1)' height=\"600\" width=\"899\"  itemprop=\"thumbnailUrl\" srcset=\"https:\/\/radiorevelacionfm.cl\/wp-content\/uploads\/2024\/08\/dsc_0762-2-1_optimized-1.jpg 899w, https:\/\/radiorevelacionfm.cl\/wp-content\/uploads\/2024\/08\/dsc_0762-2-1_optimized-1-300x200.jpg 300w, https:\/\/radiorevelacionfm.cl\/wp-content\/uploads\/2024\/08\/dsc_0762-2-1_optimized-1-768x513.jpg 768w, https:\/\/radiorevelacionfm.cl\/wp-content\/uploads\/2024\/08\/dsc_0762-2-1_optimized-1-705x471.jpg 705w, https:\/\/radiorevelacionfm.cl\/wp-content\/uploads\/2024\/08\/dsc_0762-2-1_optimized-1-450x300.jpg 450w, https:\/\/radiorevelacionfm.cl\/wp-content\/uploads\/2024\/08\/dsc_0762-2-1_optimized-1-600x400.jpg 600w\" sizes=\"(max-width: 899px) 100vw, 899px\" \/><\/div><\/div><\/div><\/div><div class=\"flex_column av_one_full  flex_column_div av-zero-column-padding first  avia-builder-el-2  el_after_av_one_full  el_before_av_one_full  column-top-margin\" style='border-radius:0px; '><section class=\"av_textblock_section \"  itemscope=\"itemscope\" itemtype=\"https:\/\/schema.org\/BlogPosting\" itemprop=\"blogPost\" ><div class='avia_textblock  '   itemprop=\"text\" ><p style=\"text-align: center;\"><span style=\"font-size: 18pt;\"><b>Gira Sur de Culturas Ays\u00e9n en Ruta re\u00fane a centenares de habitantes en 3 localidades<\/b><\/span><\/p>\n<div id=\"gtx-trans\" style=\"position: absolute; left: -50px; top: 4.31534px;\">\n<div class=\"gtx-trans-icon\"><\/div>\n<\/div>\n<\/div><\/section><\/div><div class=\"flex_column av_one_full  flex_column_div av-zero-column-padding first  avia-builder-el-4  el_after_av_one_full  el_before_av_hr  column-top-margin\" style='border-radius:0px; '><section class=\"av_textblock_section \"  itemscope=\"itemscope\" itemtype=\"https:\/\/schema.org\/BlogPosting\" itemprop=\"blogPost\" ><div class='avia_textblock  '   itemprop=\"text\" ><p style=\"text-align: justify;\">Una exitosa gira art\u00edstico cultural desarroll\u00f3 la Secretar\u00eda Regional Ministerial de las Culturas, las Artes y el Patrimonio Ays\u00e9n por el sur de la regi\u00f3n.<\/p>\n<p style=\"text-align: justify;\">Culturas Ays\u00e9n en Ruta llev\u00f3 circo, magia, t\u00edteres, n\u00fameros locales y el cierre estelar de Los Trapananda, que recorrieron Puerto R\u00edo Tranquilo, Puerto Guadal y Cochrane, con un espect\u00e1culo de cuatro horas de duraci\u00f3n en cada localidad, financiado por el Programa de Fortalecimiento de la Identidad Cultural Regional, FICR, del Ministerio de las Culturas.<\/p>\n<p style=\"text-align: justify;\">Gravity Circus, los t\u00edteres de Vuelo Teatro, el Mago Benjam\u00edn Rozas y el d\u00fao Los Trapananda recorrieron los casi 700 kil\u00f3metros de Carretera Austral durante tres d\u00edas, con un equipo t\u00e9cnico que brind\u00f3 una puesta en escena y un sonido impecables.<\/p>\n<p style=\"text-align: justify;\">Las fechas tuvieron la participaci\u00f3n de los artistas locales Jorge Contreras en R\u00edo Tranquilo, Buena Yunta en Puerto Guadal y la Agrupaci\u00f3n Dos Hileras en Cochrane.<\/p>\n<p style=\"text-align: justify;\">Para el Seremi de las Culturas Ays\u00e9n, Felipe Quiroz, \u00abesta Gira Sur ha sido sumamente exitosa, pues estamos volviendo a llevar espect\u00e1culos de calidad a los lugares m\u00e1s aislados de nuestro territorio. Sumamos un p\u00fablico muy numeroso que alcanz\u00f3 cerca de las 300 personas, lo que constituye todo un \u00e9xito para este tipo de giras y demuestra que las audiencias regionales est\u00e1n creciendo y est\u00e1n exigiendo espect\u00e1culos de calidad en sus pueblos y ciudades. En eso estamos trabajando y en esa l\u00ednea seguiremos como Gobierno llevando la cultura a todos los rincones del pa\u00eds\u00bb.<\/p>\n<p style=\"text-align: justify;\">Jos\u00e9 Pepe Aguilar, flautista y una de las voces de Trapananda, dijo que \u00abestamos muy contentos, felices con la recepci\u00f3n del p\u00fablico y con el encuentro musical con nuestro amigo y hermano Danilo Cruces. Esta gira reflej\u00f3 que la gente tiene necesidad de contar con actividades art\u00edsticas y se not\u00f3 mucho y fue muy maravilloso porque todos estaban muy felices\u00bb.<\/p>\n<p style=\"text-align: justify;\">El artista circense Julio Jaramillo se\u00f1al\u00f3 que \u00ablo pas\u00e9 superbi\u00e9n y me encant\u00f3 la energ\u00eda de los ni\u00f1os, participaron en todas las actividades y fue un gran p\u00fablico. Me encant\u00f3 que pudieran venir otro tipo de artistas para poder sumar a m\u00e1s personas a nuestra funci\u00f3n. Fue un muy bonito momento y estoy muy agradecido por el cari\u00f1o con que nos recibieron\u00bb.<\/p>\n<p style=\"text-align: justify;\">La gira norte de Culturas Ays\u00e9n En Ruta ocurrir\u00e1 del 12 al 14 de septiembre e incorpora las localidades de Melinka, La Tapera y Villa Ma\u00f1ihuales.<\/p>\n<\/div><\/section><\/div><div  style='height:50px' class='hr hr-invisible   avia-builder-el-6  el_after_av_one_full  el_before_av_social_share '><span class='hr-inner ' ><span class='hr-inner-style'><\/span><\/span><\/div><\/p>\n<div  class='av-social-sharing-box  avia-builder-el-7  el_after_av_hr  el_before_av_hr  '><div class='av-share-box'><h5 class='av-share-link-description av-no-toc '>Compartir esta noticia<\/h5><ul class='av-share-box-list noLightbox'><li class='av-share-link av-social-link-facebook' ><a target=\"_blank\" aria-label=\"Compartir en Facebook\" href='https:\/\/www.facebook.com\/sharer.php?u=https:\/\/radiorevelacionfm.cl\/?p=45485&#038;t=Gira%20Sur%20de%20Culturas%20Ays%C3%A9n%20en%20Ruta%20re%C3%BAne%20a%20centenares%20de%20habitantes%20en%203%20localidades' aria-hidden='false' data-av_icon='\ue8f3' data-av_iconfont='entypo-fontello' title='' data-avia-related-tooltip='Compartir en Facebook' rel=\"noopener\"><span class='avia_hidden_link_text'>Compartir en Facebook<\/span><\/a><\/li><li class='av-share-link av-social-link-twitter' ><a target=\"_blank\" aria-label=\"Compartir en Twitter\" href='https:\/\/twitter.com\/share?text=Gira%20Sur%20de%20Culturas%20Ays%C3%A9n%20en%20Ruta%20re%C3%BAne%20a%20centenares%20de%20habitantes%20en%203%20localidades&#038;url=https:\/\/radiorevelacionfm.cl\/?p=45485' aria-hidden='false' data-av_icon='\ue8f1' data-av_iconfont='entypo-fontello' title='' data-avia-related-tooltip='Compartir en Twitter' rel=\"noopener\"><span class='avia_hidden_link_text'>Compartir en Twitter<\/span><\/a><\/li><li class='av-share-link av-social-link-whatsapp' ><a target=\"_blank\" aria-label=\"Compartir en Whatsapp\" href='https:\/\/api.whatsapp.com\/send?text=https:\/\/radiorevelacionfm.cl\/?p=45485' aria-hidden='false' data-av_icon='\uf232' data-av_iconfont='entypo-fontello' title='' data-avia-related-tooltip='Compartir en Whatsapp' rel=\"noopener\"><span class='avia_hidden_link_text'>Compartir en Whatsapp<\/span><\/a><\/li><li class='av-share-link av-social-link-linkedin' ><a target=\"_blank\" aria-label=\"Compartir en LinkedIn\" href='https:\/\/linkedin.com\/shareArticle?mini=true&#038;title=Gira%20Sur%20de%20Culturas%20Ays%C3%A9n%20en%20Ruta%20re%C3%BAne%20a%20centenares%20de%20habitantes%20en%203%20localidades&#038;url=https:\/\/radiorevelacionfm.cl\/?p=45485' aria-hidden='false' data-av_icon='\ue8fc' data-av_iconfont='entypo-fontello' title='' data-avia-related-tooltip='Compartir en LinkedIn' rel=\"noopener\"><span class='avia_hidden_link_text'>Compartir en LinkedIn<\/span><\/a><\/li><li class='av-share-link av-social-link-mail' ><a  aria-label=\"Compartir por correo\" href='mailto:?subject=Gira%20Sur%20de%20Culturas%20Ays%C3%A9n%20en%20Ruta%20re%C3%BAne%20a%20centenares%20de%20habitantes%20en%203%20localidades&#038;body=https:\/\/radiorevelacionfm.cl\/?p=45485' aria-hidden='false' data-av_icon='\ue805' data-av_iconfont='entypo-fontello' title='' data-avia-related-tooltip='Compartir por correo'><span class='avia_hidden_link_text'>Compartir por correo<\/span><\/a><\/li><\/ul><\/div><\/div>\n<div  style='height:50px' class='hr hr-invisible   avia-builder-el-8  el_after_av_social_share  el_before_av_comments_list '><span class='hr-inner ' ><span class='hr-inner-style'><\/span><\/span><\/div>\n<div  class='av-buildercomment  av-blog-meta-html-info-disabled av-blog-meta-tag-disabled  '><\/div>\n","protected":false},"excerpt":{"rendered":"","protected":false},"author":1,"featured_media":45486,"comment_status":"open","ping_status":"open","sticky":false,"template":"","format":"standard","meta":{"footnotes":""},"categories":[52],"tags":[],"class_list":["post-45485","post","type-post","status-publish","format-standard","has-post-thumbnail","hentry","category-cultura"],"jetpack_featured_media_url":"https:\/\/radiorevelacionfm.cl\/wp-content\/uploads\/2024\/08\/dsc_0762-2-1_optimized-1.jpg","_links":{"self":[{"href":"https:\/\/radiorevelacionfm.cl\/index.php?rest_route=\/wp\/v2\/posts\/45485","targetHints":{"allow":["GET"]}}],"collection":[{"href":"https:\/\/radiorevelacionfm.cl\/index.php?rest_route=\/wp\/v2\/posts"}],"about":[{"href":"https:\/\/radiorevelacionfm.cl\/index.php?rest_route=\/wp\/v2\/types\/post"}],"author":[{"embeddable":true,"href":"https:\/\/radiorevelacionfm.cl\/index.php?rest_route=\/wp\/v2\/users\/1"}],"replies":[{"embeddable":true,"href":"https:\/\/radiorevelacionfm.cl\/index.php?rest_route=%2Fwp%2Fv2%2Fcomments&post=45485"}],"version-history":[{"count":1,"href":"https:\/\/radiorevelacionfm.cl\/index.php?rest_route=\/wp\/v2\/posts\/45485\/revisions"}],"predecessor-version":[{"id":45487,"href":"https:\/\/radiorevelacionfm.cl\/index.php?rest_route=\/wp\/v2\/posts\/45485\/revisions\/45487"}],"wp:featuredmedia":[{"embeddable":true,"href":"https:\/\/radiorevelacionfm.cl\/index.php?rest_route=\/wp\/v2\/media\/45486"}],"wp:attachment":[{"href":"https:\/\/radiorevelacionfm.cl\/index.php?rest_route=%2Fwp%2Fv2%2Fmedia&parent=45485"}],"wp:term":[{"taxonomy":"category","embeddable":true,"href":"https:\/\/radiorevelacionfm.cl\/index.php?rest_route=%2Fwp%2Fv2%2Fcategories&post=45485"},{"taxonomy":"post_tag","embeddable":true,"href":"https:\/\/radiorevelacionfm.cl\/index.php?rest_route=%2Fwp%2Fv2%2Ftags&post=45485"}],"curies":[{"name":"wp","href":"https:\/\/api.w.org\/{rel}","templated":true}]}}