{"id":45480,"date":"2024-08-26T15:59:48","date_gmt":"2024-08-26T18:59:48","guid":{"rendered":"https:\/\/radiorevelacionfm.cl\/?p=45480"},"modified":"2024-08-26T15:59:48","modified_gmt":"2024-08-26T18:59:48","slug":"en-coyhaique-mas-de-150-personas-emprendedoras-participan-en-capacitaciones-de-programas-del-fosis","status":"publish","type":"post","link":"https:\/\/radiorevelacionfm.cl\/?p=45480","title":{"rendered":"En Coyhaique m\u00e1s de 150 personas emprendedoras participan en capacitaciones de programas del FOSIS"},"content":{"rendered":"<div class=\"flex_column av_one_full  flex_column_div av-zero-column-padding first  avia-builder-el-0  el_before_av_one_full  avia-builder-el-first  \" style='border-radius:0px; '><div  class='avia-image-container  av-styling-    avia-builder-el-1  avia-builder-el-no-sibling  avia-align-center '  itemprop=\"image\" itemscope=\"itemscope\" itemtype=\"https:\/\/schema.org\/ImageObject\"  ><div class='avia-image-container-inner'><div class='avia-image-overlay-wrap'><img decoding=\"async\" class='wp-image-45481 avia-img-lazy-loading-not-45481 avia_image' src=\"https:\/\/radiorevelacionfm.cl\/wp-content\/uploads\/2024\/08\/2ec-1_optimized.jpeg\" alt='' title='2ec-(1)_optimized' height=\"600\" width=\"1123\"  itemprop=\"thumbnailUrl\" srcset=\"https:\/\/radiorevelacionfm.cl\/wp-content\/uploads\/2024\/08\/2ec-1_optimized.jpeg 1123w, https:\/\/radiorevelacionfm.cl\/wp-content\/uploads\/2024\/08\/2ec-1_optimized-300x160.jpeg 300w, https:\/\/radiorevelacionfm.cl\/wp-content\/uploads\/2024\/08\/2ec-1_optimized-1030x550.jpeg 1030w, https:\/\/radiorevelacionfm.cl\/wp-content\/uploads\/2024\/08\/2ec-1_optimized-768x410.jpeg 768w, https:\/\/radiorevelacionfm.cl\/wp-content\/uploads\/2024\/08\/2ec-1_optimized-705x377.jpeg 705w, https:\/\/radiorevelacionfm.cl\/wp-content\/uploads\/2024\/08\/2ec-1_optimized-450x240.jpeg 450w, https:\/\/radiorevelacionfm.cl\/wp-content\/uploads\/2024\/08\/2ec-1_optimized-600x321.jpeg 600w\" sizes=\"(max-width: 1123px) 100vw, 1123px\" \/><\/div><\/div><\/div><\/div><div class=\"flex_column av_one_full  flex_column_div av-zero-column-padding first  avia-builder-el-2  el_after_av_one_full  el_before_av_one_full  column-top-margin\" style='border-radius:0px; '><section class=\"av_textblock_section \"  itemscope=\"itemscope\" itemtype=\"https:\/\/schema.org\/BlogPosting\" itemprop=\"blogPost\" ><div class='avia_textblock  '   itemprop=\"text\" ><p style=\"text-align: center;\"><strong><span style=\"font-size: 18pt;\">En Coyhaique m\u00e1s de 150 personas emprendedoras participan en capacitaciones de programas del FOSIS <\/span><\/strong><\/p>\n<div id=\"gtx-trans\" style=\"position: absolute; left: -50px; top: 4.31534px;\">\n<div class=\"gtx-trans-icon\"><\/div>\n<\/div>\n<\/div><\/section><\/div><div class=\"flex_column av_one_full  flex_column_div av-zero-column-padding first  avia-builder-el-4  el_after_av_one_full  el_before_av_hr  column-top-margin\" style='border-radius:0px; '><section class=\"av_textblock_section \"  itemscope=\"itemscope\" itemtype=\"https:\/\/schema.org\/BlogPosting\" itemprop=\"blogPost\" ><div class='avia_textblock  '   itemprop=\"text\" ><p style=\"text-align: justify;\"><em>Los programas Emprendamos Semilla y Emprendamos entregan apoyo para iniciar un negocio y desarrollar una iniciativa ya en funcionamiento con capacitaci\u00f3n, asesor\u00eda y financiamiento.<\/em><\/p>\n<p style=\"text-align: justify;\">Durante el mes de agosto se han estado desarrollando distintos talleres de capacitaci\u00f3n de los programas de la l\u00ednea de autonom\u00eda econ\u00f3mica del Fondo de Solidaridad e Inversi\u00f3n Social, FOSIS, en la comuna de Coyhaique.<\/p>\n<p style=\"text-align: justify;\">Son 153 personas usuarias que est\u00e1n participando en los programas Emprendamos y Emprendamos Semilla, donde se contemplan talleres sobre Iniciativa e Innovaci\u00f3n, Plan de Financiamiento, Canales Comerciales y Redes.<\/p>\n<p style=\"text-align: justify;\">Judith Verdugo, emprendedora de Coyhaique y usuaria del programa Emprendamos Avanzado, valor\u00f3 positivamente la oportunidad de poder desarrollar su negocio y seguir adelante con el apoyo del FOSIS. \u201cMi emprendimiento se llama Patagones Picaros y mi expectativa del programa es seguir creciendo, avanzado y poder implementarme con una m\u00e1quina de cuero con el financiamiento que entrega el plan de negocio que contempla el programa\u201d.<\/p>\n<p style=\"text-align: justify;\">Fernanda Leiva, Directora Regional del FOSIS Ays\u00e9n, asegur\u00f3 que \u201cestamos muy contentos porque estamos llegando a m\u00e1s de 150 emprendedores y emprendedoras de la comuna de Coyhaique y hemos estado dese\u00e1ndoles mucho \u00e9xito en este proceso de participaci\u00f3n en nuestros programas, buscado as\u00ed dar cuerpo a la misi\u00f3n y trabajo que hacemos fortaleciendo emprendimientos para mejorar la autonom\u00eda econ\u00f3mica y los ingresos de las personas emprendedoras y sus familias\u201d.<\/p>\n<p style=\"text-align: justify;\">Este a\u00f1o se destacan los programas Emprendamos Semilla, donde se trabaja principalmente con juventudes y con personas que son parte del Subsistema de Seguridades y Oportunidades, respectivamente.<\/p>\n<p style=\"text-align: justify;\">Los programas de emprendimiento del FOSIS entregan capacitaci\u00f3n, asesor\u00eda y el financiamiento de un plan de negocio para iniciativas productivas que est\u00e9n en distintos niveles de avance, desde una idea de negocio hasta un emprendimiento que ya est\u00e1 en funcionamiento y necesita crecer.<\/p>\n<p style=\"text-align: justify;\">Las personas que participan de estos programas de autonom\u00eda econ\u00f3mica tambi\u00e9n reciben material did\u00e1ctico y educativo, servicio para cuidado infantil en las sesiones grupales y colaciones durante la etapa de capacitaci\u00f3n.<\/p>\n<\/div><\/section><\/div><div  style='height:50px' class='hr hr-invisible   avia-builder-el-6  el_after_av_one_full  el_before_av_social_share '><span class='hr-inner ' ><span class='hr-inner-style'><\/span><\/span><\/div><\/p>\n<div  class='av-social-sharing-box  avia-builder-el-7  el_after_av_hr  el_before_av_hr  '><div class='av-share-box'><h5 class='av-share-link-description av-no-toc '>Compartir esta noticia<\/h5><ul class='av-share-box-list noLightbox'><li class='av-share-link av-social-link-facebook' ><a target=\"_blank\" aria-label=\"Compartir en Facebook\" href='https:\/\/www.facebook.com\/sharer.php?u=https:\/\/radiorevelacionfm.cl\/?p=45480&#038;t=En%20Coyhaique%20m%C3%A1s%20de%20150%20personas%20emprendedoras%20participan%20en%20capacitaciones%20de%20programas%20del%20FOSIS' aria-hidden='false' data-av_icon='\ue8f3' data-av_iconfont='entypo-fontello' title='' data-avia-related-tooltip='Compartir en Facebook' rel=\"noopener\"><span class='avia_hidden_link_text'>Compartir en Facebook<\/span><\/a><\/li><li class='av-share-link av-social-link-twitter' ><a target=\"_blank\" aria-label=\"Compartir en Twitter\" href='https:\/\/twitter.com\/share?text=En%20Coyhaique%20m%C3%A1s%20de%20150%20personas%20emprendedoras%20participan%20en%20capacitaciones%20de%20programas%20del%20FOSIS&#038;url=https:\/\/radiorevelacionfm.cl\/?p=45480' aria-hidden='false' data-av_icon='\ue8f1' data-av_iconfont='entypo-fontello' title='' data-avia-related-tooltip='Compartir en Twitter' rel=\"noopener\"><span class='avia_hidden_link_text'>Compartir en Twitter<\/span><\/a><\/li><li class='av-share-link av-social-link-whatsapp' ><a target=\"_blank\" aria-label=\"Compartir en Whatsapp\" href='https:\/\/api.whatsapp.com\/send?text=https:\/\/radiorevelacionfm.cl\/?p=45480' aria-hidden='false' data-av_icon='\uf232' data-av_iconfont='entypo-fontello' title='' data-avia-related-tooltip='Compartir en Whatsapp' rel=\"noopener\"><span class='avia_hidden_link_text'>Compartir en Whatsapp<\/span><\/a><\/li><li class='av-share-link av-social-link-linkedin' ><a target=\"_blank\" aria-label=\"Compartir en LinkedIn\" href='https:\/\/linkedin.com\/shareArticle?mini=true&#038;title=En%20Coyhaique%20m%C3%A1s%20de%20150%20personas%20emprendedoras%20participan%20en%20capacitaciones%20de%20programas%20del%20FOSIS&#038;url=https:\/\/radiorevelacionfm.cl\/?p=45480' aria-hidden='false' data-av_icon='\ue8fc' data-av_iconfont='entypo-fontello' title='' data-avia-related-tooltip='Compartir en LinkedIn' rel=\"noopener\"><span class='avia_hidden_link_text'>Compartir en LinkedIn<\/span><\/a><\/li><li class='av-share-link av-social-link-mail' ><a  aria-label=\"Compartir por correo\" href='mailto:?subject=En%20Coyhaique%20m%C3%A1s%20de%20150%20personas%20emprendedoras%20participan%20en%20capacitaciones%20de%20programas%20del%20FOSIS&#038;body=https:\/\/radiorevelacionfm.cl\/?p=45480' aria-hidden='false' data-av_icon='\ue805' data-av_iconfont='entypo-fontello' title='' data-avia-related-tooltip='Compartir por correo'><span class='avia_hidden_link_text'>Compartir por correo<\/span><\/a><\/li><\/ul><\/div><\/div>\n<div  style='height:50px' class='hr hr-invisible   avia-builder-el-8  el_after_av_social_share  el_before_av_comments_list '><span class='hr-inner ' ><span class='hr-inner-style'><\/span><\/span><\/div>\n<div  class='av-buildercomment  av-blog-meta-html-info-disabled av-blog-meta-tag-disabled  '><\/div>\n","protected":false},"excerpt":{"rendered":"","protected":false},"author":1,"featured_media":45481,"comment_status":"open","ping_status":"open","sticky":false,"template":"","format":"standard","meta":{"footnotes":""},"categories":[38],"tags":[],"class_list":["post-45480","post","type-post","status-publish","format-standard","has-post-thumbnail","hentry","category-regional"],"jetpack_featured_media_url":"https:\/\/radiorevelacionfm.cl\/wp-content\/uploads\/2024\/08\/2ec-1_optimized.jpeg","_links":{"self":[{"href":"https:\/\/radiorevelacionfm.cl\/index.php?rest_route=\/wp\/v2\/posts\/45480","targetHints":{"allow":["GET"]}}],"collection":[{"href":"https:\/\/radiorevelacionfm.cl\/index.php?rest_route=\/wp\/v2\/posts"}],"about":[{"href":"https:\/\/radiorevelacionfm.cl\/index.php?rest_route=\/wp\/v2\/types\/post"}],"author":[{"embeddable":true,"href":"https:\/\/radiorevelacionfm.cl\/index.php?rest_route=\/wp\/v2\/users\/1"}],"replies":[{"embeddable":true,"href":"https:\/\/radiorevelacionfm.cl\/index.php?rest_route=%2Fwp%2Fv2%2Fcomments&post=45480"}],"version-history":[{"count":1,"href":"https:\/\/radiorevelacionfm.cl\/index.php?rest_route=\/wp\/v2\/posts\/45480\/revisions"}],"predecessor-version":[{"id":45482,"href":"https:\/\/radiorevelacionfm.cl\/index.php?rest_route=\/wp\/v2\/posts\/45480\/revisions\/45482"}],"wp:featuredmedia":[{"embeddable":true,"href":"https:\/\/radiorevelacionfm.cl\/index.php?rest_route=\/wp\/v2\/media\/45481"}],"wp:attachment":[{"href":"https:\/\/radiorevelacionfm.cl\/index.php?rest_route=%2Fwp%2Fv2%2Fmedia&parent=45480"}],"wp:term":[{"taxonomy":"category","embeddable":true,"href":"https:\/\/radiorevelacionfm.cl\/index.php?rest_route=%2Fwp%2Fv2%2Fcategories&post=45480"},{"taxonomy":"post_tag","embeddable":true,"href":"https:\/\/radiorevelacionfm.cl\/index.php?rest_route=%2Fwp%2Fv2%2Ftags&post=45480"}],"curies":[{"name":"wp","href":"https:\/\/api.w.org\/{rel}","templated":true}]}}