{"id":45477,"date":"2024-08-26T13:28:14","date_gmt":"2024-08-26T16:28:14","guid":{"rendered":"https:\/\/radiorevelacionfm.cl\/?p=45477"},"modified":"2024-08-26T13:28:38","modified_gmt":"2024-08-26T16:28:38","slug":"puerto-aysen-fiscalia-formalizo-a-imputado-que-disparo-a-una-victima-en-su-rostro","status":"publish","type":"post","link":"https:\/\/radiorevelacionfm.cl\/?p=45477","title":{"rendered":"Puerto Ays\u00e9n: Fiscal\u00eda formaliz\u00f3 a imputado que dispar\u00f3 a una v\u00edctima en su rostro"},"content":{"rendered":"<div class=\"flex_column av_one_full  flex_column_div av-zero-column-padding first  avia-builder-el-0  el_before_av_one_full  avia-builder-el-first  \" style='border-radius:0px; '><div  class='avia-image-container  av-styling-    avia-builder-el-1  avia-builder-el-no-sibling  avia-align-center '  itemprop=\"image\" itemscope=\"itemscope\" itemtype=\"https:\/\/schema.org\/ImageObject\"  ><div class='avia-image-container-inner'><div class='avia-image-overlay-wrap'><img decoding=\"async\" class='wp-image-12617 avia-img-lazy-loading-not-12617 avia_image' src=\"https:\/\/radiorevelacionfm.cl\/wp-content\/uploads\/2022\/01\/Carabineros-Aysen.jpg\" alt='' title='Carabineros Aysen' height=\"600\" width=\"1057\"  itemprop=\"thumbnailUrl\" srcset=\"https:\/\/radiorevelacionfm.cl\/wp-content\/uploads\/2022\/01\/Carabineros-Aysen.jpg 1057w, https:\/\/radiorevelacionfm.cl\/wp-content\/uploads\/2022\/01\/Carabineros-Aysen-300x170.jpg 300w, https:\/\/radiorevelacionfm.cl\/wp-content\/uploads\/2022\/01\/Carabineros-Aysen-1030x585.jpg 1030w, https:\/\/radiorevelacionfm.cl\/wp-content\/uploads\/2022\/01\/Carabineros-Aysen-768x436.jpg 768w, https:\/\/radiorevelacionfm.cl\/wp-content\/uploads\/2022\/01\/Carabineros-Aysen-705x400.jpg 705w, https:\/\/radiorevelacionfm.cl\/wp-content\/uploads\/2022\/01\/Carabineros-Aysen-600x341.jpg 600w\" sizes=\"(max-width: 1057px) 100vw, 1057px\" \/><\/div><\/div><\/div><\/div>\n<div class=\"flex_column av_one_full  flex_column_div av-zero-column-padding first  avia-builder-el-2  el_after_av_one_full  el_before_av_one_full  column-top-margin\" style='border-radius:0px; '><section class=\"av_textblock_section \"  itemscope=\"itemscope\" itemtype=\"https:\/\/schema.org\/BlogPosting\" itemprop=\"blogPost\" ><div class='avia_textblock  '   itemprop=\"text\" ><p style=\"text-align: center;\"><span style=\"font-size: 18pt;\"><b>Puerto Ays\u00e9n: Fiscal\u00eda formaliz\u00f3 a imputado que dispar\u00f3 a una v\u00edctima en el rostro<\/b><\/span><\/p>\n<div id=\"gtx-trans\" style=\"position: absolute; left: -50px; top: 4.31534px;\">\n<div class=\"gtx-trans-icon\"><\/div>\n<\/div>\n<\/div><\/section><\/div><div class=\"flex_column av_one_full  flex_column_div av-zero-column-padding first  avia-builder-el-4  el_after_av_one_full  el_before_av_hr  column-top-margin\" style='border-radius:0px; '><section class=\"av_textblock_section \"  itemscope=\"itemscope\" itemtype=\"https:\/\/schema.org\/BlogPosting\" itemprop=\"blogPost\" ><div class='avia_textblock  '   itemprop=\"text\" ><p style=\"font-weight: 400; text-align: justify;\">El Tribunal decret\u00f3 un plazo de investigaci\u00f3n de 90 d\u00edas en esta causa por los delitos de lesiones graves y da\u00f1os simples.<\/p>\n<p style=\"font-weight: 400; text-align: justify;\">La Fiscal\u00eda Local de Puerto Ays\u00e9n formaliz\u00f3 una investigaci\u00f3n en contra de un imputado de 19 a\u00f1os que dispar\u00f3 a una v\u00edctima de 40 a\u00f1os en su rostro el pasado jueves 22 de agosto, utilizando una pistola de aire comprimido, tras lo cual fue detenido por Carabineros de la Segunda Comisar\u00eda.<\/p>\n<p style=\"font-weight: 400; text-align: justify;\">Seg\u00fan explic\u00f3 la abogada asistente, Marilyn Jara, \u201cel 22 de agosto de 2024, alrededor de las 08:15 de la ma\u00f1ana, Carabineros recibe un llamado a fin de que concurran a un domicilio particular ubicado en calle Las Golondrinas de Puerto de Ays\u00e9n, a fin de verificar un procedimiento de lesiones\u201d.<\/p>\n<p style=\"font-weight: 400; text-align: justify;\">La abogada agreg\u00f3 que \u201cal llegar al lugar, Carabineros se entrevista con la v\u00edctima, quien les manifiesta que momentos antes, un joven de alrededor de 19 a\u00f1os aproximadamente, en virtud de una discusi\u00f3n, le hab\u00eda disparado con un arma de aire comprimido en diversas oportunidades, impactando uno de ellos en el rostro y el veh\u00edculo en el cual se desplazaba\u201d.<\/p>\n<p style=\"font-weight: 400; text-align: justify;\">Marilyn Jara a\u00f1adi\u00f3 que, \u201cen raz\u00f3n de lo anterior, en base al relato de la v\u00edctima y las evidentes lesiones que presentaba y a los da\u00f1os que ten\u00eda el veh\u00edculo, Carabineros procede a la detenci\u00f3n de este joven, el cual pasa a control de detenci\u00f3n al d\u00eda siguiente, 23 de agosto, audiencia en la cual se formaliza por los delitos de lesiones graves y da\u00f1os simples, decretando el tribunal un plazo de investigaci\u00f3n de 90 d\u00edas\u201d.<\/p>\n<p style=\"font-weight: 400; text-align: justify;\">Respecto de las medidas cautelares en contra del imputado, el Juzgado de Garant\u00eda de Puerto Ays\u00e9n decret\u00f3 la prohibici\u00f3n de acercarse a la v\u00edctima y arresto domiciliario nocturno por el plazo que dure la investigaci\u00f3n.<\/p>\n<\/div><\/section><\/div><\/p>\n<div  style='height:50px' class='hr hr-invisible   avia-builder-el-6  el_after_av_one_full  el_before_av_social_share '><span class='hr-inner ' ><span class='hr-inner-style'><\/span><\/span><\/div>\n<div  class='av-social-sharing-box  avia-builder-el-7  el_after_av_hr  el_before_av_hr  '><div class='av-share-box'><h5 class='av-share-link-description av-no-toc '>Compartir esta noticia<\/h5><ul class='av-share-box-list noLightbox'><li class='av-share-link av-social-link-facebook' ><a target=\"_blank\" aria-label=\"Compartir en Facebook\" href='https:\/\/www.facebook.com\/sharer.php?u=https:\/\/radiorevelacionfm.cl\/?p=45477&#038;t=Puerto%20Ays%C3%A9n%3A%20Fiscal%C3%ADa%20formaliz%C3%B3%20a%20imputado%20que%20dispar%C3%B3%20a%20una%20v%C3%ADctima%20en%20su%20rostro' aria-hidden='false' data-av_icon='\ue8f3' data-av_iconfont='entypo-fontello' title='' data-avia-related-tooltip='Compartir en Facebook' rel=\"noopener\"><span class='avia_hidden_link_text'>Compartir en Facebook<\/span><\/a><\/li><li class='av-share-link av-social-link-twitter' ><a target=\"_blank\" aria-label=\"Compartir en Twitter\" href='https:\/\/twitter.com\/share?text=Puerto%20Ays%C3%A9n%3A%20Fiscal%C3%ADa%20formaliz%C3%B3%20a%20imputado%20que%20dispar%C3%B3%20a%20una%20v%C3%ADctima%20en%20su%20rostro&#038;url=https:\/\/radiorevelacionfm.cl\/?p=45477' aria-hidden='false' data-av_icon='\ue8f1' data-av_iconfont='entypo-fontello' title='' data-avia-related-tooltip='Compartir en Twitter' rel=\"noopener\"><span class='avia_hidden_link_text'>Compartir en Twitter<\/span><\/a><\/li><li class='av-share-link av-social-link-whatsapp' ><a target=\"_blank\" aria-label=\"Compartir en Whatsapp\" href='https:\/\/api.whatsapp.com\/send?text=https:\/\/radiorevelacionfm.cl\/?p=45477' aria-hidden='false' data-av_icon='\uf232' data-av_iconfont='entypo-fontello' title='' data-avia-related-tooltip='Compartir en Whatsapp' rel=\"noopener\"><span class='avia_hidden_link_text'>Compartir en Whatsapp<\/span><\/a><\/li><li class='av-share-link av-social-link-linkedin' ><a target=\"_blank\" aria-label=\"Compartir en LinkedIn\" href='https:\/\/linkedin.com\/shareArticle?mini=true&#038;title=Puerto%20Ays%C3%A9n%3A%20Fiscal%C3%ADa%20formaliz%C3%B3%20a%20imputado%20que%20dispar%C3%B3%20a%20una%20v%C3%ADctima%20en%20su%20rostro&#038;url=https:\/\/radiorevelacionfm.cl\/?p=45477' aria-hidden='false' data-av_icon='\ue8fc' data-av_iconfont='entypo-fontello' title='' data-avia-related-tooltip='Compartir en LinkedIn' rel=\"noopener\"><span class='avia_hidden_link_text'>Compartir en LinkedIn<\/span><\/a><\/li><li class='av-share-link av-social-link-mail' ><a  aria-label=\"Compartir por correo\" href='mailto:?subject=Puerto%20Ays%C3%A9n%3A%20Fiscal%C3%ADa%20formaliz%C3%B3%20a%20imputado%20que%20dispar%C3%B3%20a%20una%20v%C3%ADctima%20en%20su%20rostro&#038;body=https:\/\/radiorevelacionfm.cl\/?p=45477' aria-hidden='false' data-av_icon='\ue805' data-av_iconfont='entypo-fontello' title='' data-avia-related-tooltip='Compartir por correo'><span class='avia_hidden_link_text'>Compartir por correo<\/span><\/a><\/li><\/ul><\/div><\/div>\n<div  style='height:50px' class='hr hr-invisible   avia-builder-el-8  el_after_av_social_share  el_before_av_comments_list '><span class='hr-inner ' ><span class='hr-inner-style'><\/span><\/span><\/div>\n<div  class='av-buildercomment  av-blog-meta-html-info-disabled av-blog-meta-tag-disabled  '><\/div>\n","protected":false},"excerpt":{"rendered":"","protected":false},"author":1,"featured_media":12617,"comment_status":"open","ping_status":"open","sticky":false,"template":"","format":"standard","meta":{"footnotes":""},"categories":[36],"tags":[],"class_list":["post-45477","post","type-post","status-publish","format-standard","has-post-thumbnail","hentry","category-policial"],"jetpack_featured_media_url":"https:\/\/radiorevelacionfm.cl\/wp-content\/uploads\/2022\/01\/Carabineros-Aysen.jpg","_links":{"self":[{"href":"https:\/\/radiorevelacionfm.cl\/index.php?rest_route=\/wp\/v2\/posts\/45477","targetHints":{"allow":["GET"]}}],"collection":[{"href":"https:\/\/radiorevelacionfm.cl\/index.php?rest_route=\/wp\/v2\/posts"}],"about":[{"href":"https:\/\/radiorevelacionfm.cl\/index.php?rest_route=\/wp\/v2\/types\/post"}],"author":[{"embeddable":true,"href":"https:\/\/radiorevelacionfm.cl\/index.php?rest_route=\/wp\/v2\/users\/1"}],"replies":[{"embeddable":true,"href":"https:\/\/radiorevelacionfm.cl\/index.php?rest_route=%2Fwp%2Fv2%2Fcomments&post=45477"}],"version-history":[{"count":2,"href":"https:\/\/radiorevelacionfm.cl\/index.php?rest_route=\/wp\/v2\/posts\/45477\/revisions"}],"predecessor-version":[{"id":45479,"href":"https:\/\/radiorevelacionfm.cl\/index.php?rest_route=\/wp\/v2\/posts\/45477\/revisions\/45479"}],"wp:featuredmedia":[{"embeddable":true,"href":"https:\/\/radiorevelacionfm.cl\/index.php?rest_route=\/wp\/v2\/media\/12617"}],"wp:attachment":[{"href":"https:\/\/radiorevelacionfm.cl\/index.php?rest_route=%2Fwp%2Fv2%2Fmedia&parent=45477"}],"wp:term":[{"taxonomy":"category","embeddable":true,"href":"https:\/\/radiorevelacionfm.cl\/index.php?rest_route=%2Fwp%2Fv2%2Fcategories&post=45477"},{"taxonomy":"post_tag","embeddable":true,"href":"https:\/\/radiorevelacionfm.cl\/index.php?rest_route=%2Fwp%2Fv2%2Ftags&post=45477"}],"curies":[{"name":"wp","href":"https:\/\/api.w.org\/{rel}","templated":true}]}}