{"id":4546,"date":"2021-05-26T16:58:28","date_gmt":"2021-05-26T19:58:28","guid":{"rendered":"https:\/\/radiorevelacionfm.cl\/?p=4546"},"modified":"2021-05-26T16:58:28","modified_gmt":"2021-05-26T19:58:28","slug":"concejala-electa-por-aysen-sostuvo-reunion-con-dirigentes-de-manihuales","status":"publish","type":"post","link":"https:\/\/radiorevelacionfm.cl\/?p=4546","title":{"rendered":"Concejala electa por Ays\u00e9n sostuvo reuni\u00f3n con dirigentes de Ma\u00f1ihuales"},"content":{"rendered":"<div class=\"flex_column av_one_full  flex_column_div av-zero-column-padding first  avia-builder-el-0  el_before_av_one_full  avia-builder-el-first  \" style='border-radius:0px; '><div  class='avia-image-container  av-styling-    avia-builder-el-1  avia-builder-el-no-sibling  avia-align-center '  itemprop=\"image\" itemscope=\"itemscope\" itemtype=\"https:\/\/schema.org\/ImageObject\"  ><div class='avia-image-container-inner'><div class='avia-image-overlay-wrap'><img decoding=\"async\" class='wp-image-0 avia-img-lazy-loading-not-0 avia_image' src=\"https:\/\/radiorevelacionfm.cl\/wp-content\/uploads\/2021\/05\/reunion-dirigentes-Manihuales-1-1.jpeg\" alt='' title=''   itemprop=\"thumbnailUrl\"  \/><\/div><\/div><\/div><\/div><div class=\"flex_column av_one_full  flex_column_div av-zero-column-padding first  avia-builder-el-2  el_after_av_one_full  el_before_av_one_full  column-top-margin\" style='border-radius:0px; '><section class=\"av_textblock_section \"  itemscope=\"itemscope\" itemtype=\"https:\/\/schema.org\/BlogPosting\" itemprop=\"blogPost\" ><div class='avia_textblock  '   itemprop=\"text\" ><p style=\"text-align: center;\"><strong><span style=\"font-size: 18pt;\">Concejala electa por Ays\u00e9n sostuvo reuni\u00f3n con dirigentes de Ma\u00f1ihuales<\/span><\/strong><\/p>\n<div id=\"gtx-trans\" style=\"position: absolute; left: -50px; top: 4.31534px;\">\n<div class=\"gtx-trans-icon\"><\/div>\n<\/div>\n<\/div><\/section><\/div><div class=\"flex_column av_one_full  flex_column_div av-zero-column-padding first  avia-builder-el-4  el_after_av_one_full  el_before_av_hr  column-top-margin\" style='border-radius:0px; '><section class=\"av_textblock_section \"  itemscope=\"itemscope\" itemtype=\"https:\/\/schema.org\/BlogPosting\" itemprop=\"blogPost\" ><div class='avia_textblock  '   itemprop=\"text\" ><p style=\"text-align: justify;\">Hasta la localidad de Ma\u00f1ihuales lleg\u00f3 la Concejala electa por Ays\u00e9n, Tatiana Villarroel, quien dando cuenta de un compromiso hecho en campa\u00f1a de estar en terreno, dialogando con los dirigentes y la comunidad, se reuni\u00f3 con quienes representan a las tres juntas de vecinos del sector.<\/p>\n<p style=\"text-align: justify;\">\u201cNos dirigimos a Villa Ma\u00f1ihuales, con el objetivo de reunirnos con dirigentes vecinales de la localidad, dando inicio a nuestro compromiso que hicimos desde el principio cuando est\u00e1bamos en campa\u00f1a, que era trabajar directamente con la comunidad. As\u00ed es que, d\u00edas previos estuvimos haciendo gestiones, para reunirnos con la se\u00f1ora Silvia Sandoval del sector Ribera Norte, don Claudio Cabezas del sector Centro y la se\u00f1ora Beatriz Oyarzo del sector Las Chacras\u201d, se\u00f1al\u00f3 la Concejala electa por la comuna de Ays\u00e9n.<\/p>\n<p style=\"text-align: justify;\">Tatiana Villorroel, afirm\u00f3 que sostendr\u00e1 un compromiso permanente de trabajo con los dirigentes de Ma\u00f1ihuales, adem\u00e1s dio a conocer su plan de iniciativas que espera proponer ante el Concejo Municipal a contar del pr\u00f3ximo 28 de junio.<\/p>\n<p style=\"text-align: justify;\">\u201cEn primera instancia fue presentarme, que ellos conozcan a esta Concejala electa, presentarles mi compromiso de trabajo permanente con la localidad independiente que uno viva en Ays\u00e9n, espero estar presente la mayor parte del tiempo que sea posible. Conversamos adem\u00e1s de diferentes tem\u00e1ticas que est\u00e1n afectando o que ellos sienten que falta un poco de compromiso por parte de las autoridades, como es, en el \u00e1rea de seguridad p\u00fablica, en salud. Ellos tambi\u00e9n necesitan mayor compromiso por parte de la Delegaci\u00f3n, me refiero a mayor trabajo permanente, que exista m\u00e1s presencia por parte de las autoridades comunales\u201d.<\/p>\n<p style=\"text-align: justify;\">La Concejala electa por Ays\u00e9n, Tatiana Villarroel, remarc\u00f3 que su compromiso tambi\u00e9n est\u00e1 en descentralizar la gesti\u00f3n y es por ello que inici\u00f3 su labor previa a asumir su cargo, en la localidad de Ma\u00f1ihuales.<\/p>\n<p style=\"text-align: justify;\">\u201cFue una muy bonita reuni\u00f3n, ellos me recibieron de muy buena manera, as\u00ed es que, quedamos en un compromiso real que se pudo ver con una primera visita, que ellos sientan que mi compromiso va a ser permanente en el tiempo, en estos tres a\u00f1os y medio de gesti\u00f3n. As\u00ed es que, por eso quisimos partir haciendo una reuni\u00f3n con dirigentes de Villa Ma\u00f1ihuales, para marcar como va a ser nuestro trabajo, directamente con la gente. Adem\u00e1s, visitamos una de las radios locales, donde compartimos como va a ser nuestra gesti\u00f3n y nos enteramos de que hay una oficina de Concejales, oficina a la que espera dar uso para estar en contacto con la gente\u201d.<\/p>\n<p style=\"text-align: justify;\">Finalmente Tatiana Villarroel, manifest\u00f3 que tanto la posibilidad de reunirse con los dirigentes vecinales de Villa Ma\u00f1ihuales como la de tener un espacio para los Concejales, se transforman en una importante instancia para demostrar su preocupaci\u00f3n e inter\u00e9s por los requerimientos de la gente, en este sector de la comuna de Ays\u00e9n.<\/p>\n<\/div><\/section><\/div><div  style='height:50px' class='hr hr-invisible   avia-builder-el-6  el_after_av_one_full  el_before_av_social_share '><span class='hr-inner ' ><span class='hr-inner-style'><\/span><\/span><\/div><\/p>\n<div  class='av-social-sharing-box  avia-builder-el-7  el_after_av_hr  el_before_av_hr  '><div class='av-share-box'><h5 class='av-share-link-description av-no-toc '>Compartir esta noticia<\/h5><ul class='av-share-box-list noLightbox'><li class='av-share-link av-social-link-facebook' ><a target=\"_blank\" aria-label=\"Compartir en Facebook\" href='https:\/\/www.facebook.com\/sharer.php?u=https:\/\/radiorevelacionfm.cl\/?p=4546&#038;t=Concejala%20electa%20por%20Ays%C3%A9n%20sostuvo%20reuni%C3%B3n%20con%20dirigentes%20de%20Ma%C3%B1ihuales' aria-hidden='false' data-av_icon='\ue8f3' data-av_iconfont='entypo-fontello' title='' data-avia-related-tooltip='Compartir en Facebook' rel=\"noopener\"><span class='avia_hidden_link_text'>Compartir en Facebook<\/span><\/a><\/li><li class='av-share-link av-social-link-twitter' ><a target=\"_blank\" aria-label=\"Compartir en Twitter\" href='https:\/\/twitter.com\/share?text=Concejala%20electa%20por%20Ays%C3%A9n%20sostuvo%20reuni%C3%B3n%20con%20dirigentes%20de%20Ma%C3%B1ihuales&#038;url=https:\/\/radiorevelacionfm.cl\/?p=4546' aria-hidden='false' data-av_icon='\ue8f1' data-av_iconfont='entypo-fontello' title='' data-avia-related-tooltip='Compartir en Twitter' rel=\"noopener\"><span class='avia_hidden_link_text'>Compartir en Twitter<\/span><\/a><\/li><li class='av-share-link av-social-link-whatsapp' ><a target=\"_blank\" aria-label=\"Compartir en Whatsapp\" href='https:\/\/api.whatsapp.com\/send?text=https:\/\/radiorevelacionfm.cl\/?p=4546' aria-hidden='false' data-av_icon='\uf232' data-av_iconfont='entypo-fontello' title='' data-avia-related-tooltip='Compartir en Whatsapp' rel=\"noopener\"><span class='avia_hidden_link_text'>Compartir en Whatsapp<\/span><\/a><\/li><li class='av-share-link av-social-link-linkedin' ><a target=\"_blank\" aria-label=\"Compartir en LinkedIn\" href='https:\/\/linkedin.com\/shareArticle?mini=true&#038;title=Concejala%20electa%20por%20Ays%C3%A9n%20sostuvo%20reuni%C3%B3n%20con%20dirigentes%20de%20Ma%C3%B1ihuales&#038;url=https:\/\/radiorevelacionfm.cl\/?p=4546' aria-hidden='false' data-av_icon='\ue8fc' data-av_iconfont='entypo-fontello' title='' data-avia-related-tooltip='Compartir en LinkedIn' rel=\"noopener\"><span class='avia_hidden_link_text'>Compartir en LinkedIn<\/span><\/a><\/li><li class='av-share-link av-social-link-mail' ><a  aria-label=\"Compartir por correo\" href='mailto:?subject=Concejala%20electa%20por%20Ays%C3%A9n%20sostuvo%20reuni%C3%B3n%20con%20dirigentes%20de%20Ma%C3%B1ihuales&#038;body=https:\/\/radiorevelacionfm.cl\/?p=4546' aria-hidden='false' data-av_icon='\ue805' data-av_iconfont='entypo-fontello' title='' data-avia-related-tooltip='Compartir por correo'><span class='avia_hidden_link_text'>Compartir por correo<\/span><\/a><\/li><\/ul><\/div><\/div>\n<div  style='height:50px' class='hr hr-invisible   avia-builder-el-8  el_after_av_social_share  el_before_av_comments_list '><span class='hr-inner ' ><span class='hr-inner-style'><\/span><\/span><\/div>\n<div  class='av-buildercomment  av-blog-meta-html-info-disabled av-blog-meta-tag-disabled  '><\/div>\n","protected":false},"excerpt":{"rendered":"","protected":false},"author":1,"featured_media":0,"comment_status":"open","ping_status":"open","sticky":false,"template":"","format":"standard","meta":{"footnotes":""},"categories":[35],"tags":[],"class_list":["post-4546","post","type-post","status-publish","format-standard","hentry","category-politica"],"jetpack_featured_media_url":"","_links":{"self":[{"href":"https:\/\/radiorevelacionfm.cl\/index.php?rest_route=\/wp\/v2\/posts\/4546","targetHints":{"allow":["GET"]}}],"collection":[{"href":"https:\/\/radiorevelacionfm.cl\/index.php?rest_route=\/wp\/v2\/posts"}],"about":[{"href":"https:\/\/radiorevelacionfm.cl\/index.php?rest_route=\/wp\/v2\/types\/post"}],"author":[{"embeddable":true,"href":"https:\/\/radiorevelacionfm.cl\/index.php?rest_route=\/wp\/v2\/users\/1"}],"replies":[{"embeddable":true,"href":"https:\/\/radiorevelacionfm.cl\/index.php?rest_route=%2Fwp%2Fv2%2Fcomments&post=4546"}],"version-history":[{"count":1,"href":"https:\/\/radiorevelacionfm.cl\/index.php?rest_route=\/wp\/v2\/posts\/4546\/revisions"}],"predecessor-version":[{"id":4548,"href":"https:\/\/radiorevelacionfm.cl\/index.php?rest_route=\/wp\/v2\/posts\/4546\/revisions\/4548"}],"wp:attachment":[{"href":"https:\/\/radiorevelacionfm.cl\/index.php?rest_route=%2Fwp%2Fv2%2Fmedia&parent=4546"}],"wp:term":[{"taxonomy":"category","embeddable":true,"href":"https:\/\/radiorevelacionfm.cl\/index.php?rest_route=%2Fwp%2Fv2%2Fcategories&post=4546"},{"taxonomy":"post_tag","embeddable":true,"href":"https:\/\/radiorevelacionfm.cl\/index.php?rest_route=%2Fwp%2Fv2%2Ftags&post=4546"}],"curies":[{"name":"wp","href":"https:\/\/api.w.org\/{rel}","templated":true}]}}