{"id":45459,"date":"2024-08-25T21:11:57","date_gmt":"2024-08-26T00:11:57","guid":{"rendered":"https:\/\/radiorevelacionfm.cl\/?p=45459"},"modified":"2024-08-25T21:13:43","modified_gmt":"2024-08-26T00:13:43","slug":"jardin-infantil-junji-arcoiris-recibe-certificacion-jialma","status":"publish","type":"post","link":"https:\/\/radiorevelacionfm.cl\/?p=45459","title":{"rendered":"Jard\u00edn infantil de JUNJI, \u201cArco\u00edris\u201d recibe certificaci\u00f3n JIALMA"},"content":{"rendered":"<div class=\"flex_column av_one_full  flex_column_div av-zero-column-padding first  avia-builder-el-0  el_before_av_one_full  avia-builder-el-first  \" style='border-radius:0px; '><div  class='avia-image-container  av-styling-    avia-builder-el-1  avia-builder-el-no-sibling  avia-align-center '  itemprop=\"image\" itemscope=\"itemscope\" itemtype=\"https:\/\/schema.org\/ImageObject\"  ><div class='avia-image-container-inner'><div class='avia-image-overlay-wrap'><img decoding=\"async\" class='wp-image-45460 avia-img-lazy-loading-not-45460 avia_image' src=\"https:\/\/radiorevelacionfm.cl\/wp-content\/uploads\/2024\/08\/img_8355-1_optimized.jpg\" alt='' title='img_8355-(1)_optimized' height=\"600\" width=\"1067\"  itemprop=\"thumbnailUrl\" srcset=\"https:\/\/radiorevelacionfm.cl\/wp-content\/uploads\/2024\/08\/img_8355-1_optimized.jpg 1067w, https:\/\/radiorevelacionfm.cl\/wp-content\/uploads\/2024\/08\/img_8355-1_optimized-300x169.jpg 300w, https:\/\/radiorevelacionfm.cl\/wp-content\/uploads\/2024\/08\/img_8355-1_optimized-1030x579.jpg 1030w, https:\/\/radiorevelacionfm.cl\/wp-content\/uploads\/2024\/08\/img_8355-1_optimized-768x432.jpg 768w, https:\/\/radiorevelacionfm.cl\/wp-content\/uploads\/2024\/08\/img_8355-1_optimized-705x396.jpg 705w, https:\/\/radiorevelacionfm.cl\/wp-content\/uploads\/2024\/08\/img_8355-1_optimized-450x253.jpg 450w, https:\/\/radiorevelacionfm.cl\/wp-content\/uploads\/2024\/08\/img_8355-1_optimized-600x337.jpg 600w\" sizes=\"(max-width: 1067px) 100vw, 1067px\" \/><\/div><\/div><\/div><\/div>\n<div class=\"flex_column av_one_full  flex_column_div av-zero-column-padding first  avia-builder-el-2  el_after_av_one_full  el_before_av_one_full  column-top-margin\" style='border-radius:0px; '><section class=\"av_textblock_section \"  itemscope=\"itemscope\" itemtype=\"https:\/\/schema.org\/BlogPosting\" itemprop=\"blogPost\" ><div class='avia_textblock  '   itemprop=\"text\" ><p style=\"text-align: center;\"><strong><span style=\"font-size: 18pt;\">Jard\u00edn infantil de JUNJI, \u201cArco\u00edris\u201d recibe certificaci\u00f3n JIALMA<\/span><\/strong><\/p>\n<div id=\"gtx-trans\" style=\"position: absolute; left: -50px; top: 4.31534px;\">\n<div class=\"gtx-trans-icon\"><\/div>\n<\/div>\n<\/div><\/section><\/div><div class=\"flex_column av_one_full  flex_column_div av-zero-column-padding first  avia-builder-el-4  el_after_av_one_full  el_before_av_hr  column-top-margin\" style='border-radius:0px; '><section class=\"av_textblock_section \"  itemscope=\"itemscope\" itemtype=\"https:\/\/schema.org\/BlogPosting\" itemprop=\"blogPost\" ><div class='avia_textblock  '   itemprop=\"text\" ><p style=\"text-align: justify;\">La Certificaci\u00f3n \u201cJardines Infantiles Amigos de la Lactancia Materna (JIALMA)\u201d no s\u00f3lo demuestra el gran compromiso de la instituci\u00f3n con la lactancia materna sino que tambi\u00e9n en la pr\u00e1ctica destaca el que estos espacios educativos cuentan una sala de amamantamiento, con espacios adecuados en seguridad, privacidad e higiene para el amamantamiento y la extracci\u00f3n de leche materna, contribuyendo as\u00ed al fomento de una cultura organizacional que promueva la mantenci\u00f3n de la lactancia materna desde un enfoque de corresponsabilidad, bienestar del ni\u00f1o o ni\u00f1a y equidad de g\u00e9nero.<\/p>\n<p style=\"text-align: justify;\">\u201cEsta certificaci\u00f3n es producto de un arduo trabajo y de un gran trabajo del equipo del jard\u00edn infantil \u201cArco\u00edris, pero tambi\u00e9n es un desaf\u00edo institucional. poder avanzar en que todos los jardines tengan la certificaci\u00f3n de amigos de la lactancia materna. Porque reconocemos la lactancia materna como un derecho fundamental para los ni\u00f1os y ni\u00f1as y sobre todo una facilidad para las familias que conf\u00edan en nuestra instituci\u00f3n\u201d se\u00f1al\u00f3 director regional Junan Eduardo Lorca Valdivia.<\/p>\n<p style=\"text-align: justify;\">Tal como lo se\u00f1ala el director regional este es un compromiso real de la JUNJI y todas las instituciones de educaci\u00f3n inicial y salud p\u00fablica por la lactancia materna en Chile. La Instituci\u00f3n ha participado desde el inicio de esta pol\u00edtica en el a\u00f1o 2005, certificando a unos 500 jardines infantiles en todo este periodo, lo que demuestra equipos educativos comprometidos, que de manera voluntaria han reforzado sus procesos para recibir este sello.<\/p>\n<p style=\"text-align: justify;\">As\u00ed lo manifest\u00f3 tambi\u00e9n la Seremi de Salud, Carmen Monsalve: \u201ccomo Ministerio de Salud es un esfuerzo que venimos haciendo con Junji a nivel nacional, y hoy de manera regional con el jard\u00edn infantil \u201cArco\u00edris\u201d. Nos llena de orgullo, porque tenemos m\u00e1s actores que est\u00e1n impulsando la estrategia que debemos recuperar que es ampliar las coberturas de lactancia materna exclusiva particularmente en los ni\u00f1os menores de seis meses y poder prolongarla hasta los dos a\u00f1os como manera complementaria\u201d se\u00f1al\u00f3.<\/p>\n<p style=\"text-align: justify;\">Por parte del equipo educativo del jard\u00edn infantil \u201cArco\u00edris\u201d, las t\u00e9cnico en p\u00e1rvulos; Hellen Hern\u00e1ndez y Angelique Ballesteros, fueron las impulsoras de obtener este sello: \u201cEl trabajo colaborativo con el consultorio V\u00edctor Domingo Silva, de Mabel, fue un apoyo. Con la directora que conf\u00edo en nosotras, es un desaf\u00edo tremendo, el mantener informadas a las familias. Los ni\u00f1os y ni\u00f1as tambi\u00e9n se comprometieron mucho, entend\u00edan\u2026 nos preguntaban, \u00bfQu\u00e9 fueron a hacer? A entregar informaci\u00f3n de lactancia materna y nos dec\u00edan \u00a1viva la tetita!&#8230; nos dec\u00edan y ya les quedaba la idea\u201d coment\u00f3 Hellen.<\/p>\n<p style=\"text-align: justify;\">\u201cEl equipo pedag\u00f3gico cumple un papel fundamental para poder realizar todas las actividades que conlleva esta certificaci\u00f3n, es uh trabajo en equipo. Nuestra directora nos dijo chiquillas ustedes pueden, fue una gran motivaci\u00f3n\u201d dijo Angelique.<\/p>\n<p style=\"text-align: justify;\">\u201cEste un proceso bien bonito, tuve el apoyo permanente de Angie y de Hellen, quienes hicieron un trabajo super minucioso, con los equipos, con las familias y los ni\u00f1os y las ni\u00f1as. Para nosotros es fundamental contar con esta acreditaci\u00f3n, dado que nuestro sello educativo es bienestar integral y parte de ello es promover la alimentaci\u00f3n saludable y fortalecer el apego\u201d dijo Daniela Molina, directora del JI \u201cArco\u00edris\u201d.<\/p>\n<p style=\"text-align: justify;\">Cada d\u00eda es m\u00e1s importante que jardines infantiles sean promotores de la lactancia materna, dado que, entre los muchos beneficios acreditados, este alimento ha demostrado que reduce la mortalidad infantil y la probabilidad de que sufran infecciones como intestinales y respiratorias, diabetes, obesidad, leucemia, muerte s\u00fabita, entre otras.<\/p>\n<p style=\"text-align: justify;\">\u201cJunji es parte de la comisi\u00f3n regional de la lactancia materna y como parte de esta comisi\u00f3n incentiva todas las actividades y en el acompa\u00f1amiento a todas las familias en las unidades educativas respecto de todo el proceso, siendo un gran apoyo en las horas de alimentaci\u00f3n\u201d coment\u00f3 Karla Guzm\u00e1n, nutricionista de Junji Ays\u00e9n.<\/p>\n<\/div><\/section><\/div><\/p>\n<div  style='height:50px' class='hr hr-invisible   avia-builder-el-6  el_after_av_one_full  el_before_av_social_share '><span class='hr-inner ' ><span class='hr-inner-style'><\/span><\/span><\/div>\n<div  class='av-social-sharing-box  avia-builder-el-7  el_after_av_hr  el_before_av_hr  '><div class='av-share-box'><h5 class='av-share-link-description av-no-toc '>Compartir esta noticia<\/h5><ul class='av-share-box-list noLightbox'><li class='av-share-link av-social-link-facebook' ><a target=\"_blank\" aria-label=\"Compartir en Facebook\" href='https:\/\/www.facebook.com\/sharer.php?u=https:\/\/radiorevelacionfm.cl\/?p=45459&#038;t=Jard%C3%ADn%20infantil%20de%20JUNJI%2C%20%E2%80%9CArco%C3%ADris%E2%80%9D%20recibe%20certificaci%C3%B3n%20JIALMA' aria-hidden='false' data-av_icon='\ue8f3' data-av_iconfont='entypo-fontello' title='' data-avia-related-tooltip='Compartir en Facebook' rel=\"noopener\"><span class='avia_hidden_link_text'>Compartir en Facebook<\/span><\/a><\/li><li class='av-share-link av-social-link-twitter' ><a target=\"_blank\" aria-label=\"Compartir en Twitter\" href='https:\/\/twitter.com\/share?text=Jard%C3%ADn%20infantil%20de%20JUNJI%2C%20%E2%80%9CArco%C3%ADris%E2%80%9D%20recibe%20certificaci%C3%B3n%20JIALMA&#038;url=https:\/\/radiorevelacionfm.cl\/?p=45459' aria-hidden='false' data-av_icon='\ue8f1' data-av_iconfont='entypo-fontello' title='' data-avia-related-tooltip='Compartir en Twitter' rel=\"noopener\"><span class='avia_hidden_link_text'>Compartir en Twitter<\/span><\/a><\/li><li class='av-share-link av-social-link-whatsapp' ><a target=\"_blank\" aria-label=\"Compartir en Whatsapp\" href='https:\/\/api.whatsapp.com\/send?text=https:\/\/radiorevelacionfm.cl\/?p=45459' aria-hidden='false' data-av_icon='\uf232' data-av_iconfont='entypo-fontello' title='' data-avia-related-tooltip='Compartir en Whatsapp' rel=\"noopener\"><span class='avia_hidden_link_text'>Compartir en Whatsapp<\/span><\/a><\/li><li class='av-share-link av-social-link-linkedin' ><a target=\"_blank\" aria-label=\"Compartir en LinkedIn\" href='https:\/\/linkedin.com\/shareArticle?mini=true&#038;title=Jard%C3%ADn%20infantil%20de%20JUNJI%2C%20%E2%80%9CArco%C3%ADris%E2%80%9D%20recibe%20certificaci%C3%B3n%20JIALMA&#038;url=https:\/\/radiorevelacionfm.cl\/?p=45459' aria-hidden='false' data-av_icon='\ue8fc' data-av_iconfont='entypo-fontello' title='' data-avia-related-tooltip='Compartir en LinkedIn' rel=\"noopener\"><span class='avia_hidden_link_text'>Compartir en LinkedIn<\/span><\/a><\/li><li class='av-share-link av-social-link-mail' ><a  aria-label=\"Compartir por correo\" href='mailto:?subject=Jard%C3%ADn%20infantil%20de%20JUNJI%2C%20%E2%80%9CArco%C3%ADris%E2%80%9D%20recibe%20certificaci%C3%B3n%20JIALMA&#038;body=https:\/\/radiorevelacionfm.cl\/?p=45459' aria-hidden='false' data-av_icon='\ue805' data-av_iconfont='entypo-fontello' title='' data-avia-related-tooltip='Compartir por correo'><span class='avia_hidden_link_text'>Compartir por correo<\/span><\/a><\/li><\/ul><\/div><\/div>\n<div  style='height:50px' class='hr hr-invisible   avia-builder-el-8  el_after_av_social_share  el_before_av_comments_list '><span class='hr-inner ' ><span class='hr-inner-style'><\/span><\/span><\/div>\n<div  class='av-buildercomment  av-blog-meta-html-info-disabled av-blog-meta-tag-disabled  '><\/div>\n","protected":false},"excerpt":{"rendered":"","protected":false},"author":1,"featured_media":45460,"comment_status":"open","ping_status":"open","sticky":false,"template":"","format":"standard","meta":{"footnotes":""},"categories":[49],"tags":[],"class_list":["post-45459","post","type-post","status-publish","format-standard","has-post-thumbnail","hentry","category-educacion"],"jetpack_featured_media_url":"https:\/\/radiorevelacionfm.cl\/wp-content\/uploads\/2024\/08\/img_8355-1_optimized.jpg","_links":{"self":[{"href":"https:\/\/radiorevelacionfm.cl\/index.php?rest_route=\/wp\/v2\/posts\/45459","targetHints":{"allow":["GET"]}}],"collection":[{"href":"https:\/\/radiorevelacionfm.cl\/index.php?rest_route=\/wp\/v2\/posts"}],"about":[{"href":"https:\/\/radiorevelacionfm.cl\/index.php?rest_route=\/wp\/v2\/types\/post"}],"author":[{"embeddable":true,"href":"https:\/\/radiorevelacionfm.cl\/index.php?rest_route=\/wp\/v2\/users\/1"}],"replies":[{"embeddable":true,"href":"https:\/\/radiorevelacionfm.cl\/index.php?rest_route=%2Fwp%2Fv2%2Fcomments&post=45459"}],"version-history":[{"count":3,"href":"https:\/\/radiorevelacionfm.cl\/index.php?rest_route=\/wp\/v2\/posts\/45459\/revisions"}],"predecessor-version":[{"id":45463,"href":"https:\/\/radiorevelacionfm.cl\/index.php?rest_route=\/wp\/v2\/posts\/45459\/revisions\/45463"}],"wp:featuredmedia":[{"embeddable":true,"href":"https:\/\/radiorevelacionfm.cl\/index.php?rest_route=\/wp\/v2\/media\/45460"}],"wp:attachment":[{"href":"https:\/\/radiorevelacionfm.cl\/index.php?rest_route=%2Fwp%2Fv2%2Fmedia&parent=45459"}],"wp:term":[{"taxonomy":"category","embeddable":true,"href":"https:\/\/radiorevelacionfm.cl\/index.php?rest_route=%2Fwp%2Fv2%2Fcategories&post=45459"},{"taxonomy":"post_tag","embeddable":true,"href":"https:\/\/radiorevelacionfm.cl\/index.php?rest_route=%2Fwp%2Fv2%2Ftags&post=45459"}],"curies":[{"name":"wp","href":"https:\/\/api.w.org\/{rel}","templated":true}]}}