{"id":45453,"date":"2024-08-25T17:45:06","date_gmt":"2024-08-25T20:45:06","guid":{"rendered":"https:\/\/radiorevelacionfm.cl\/?p=45453"},"modified":"2024-08-30T16:20:11","modified_gmt":"2024-08-30T19:20:11","slug":"concejo-de-chile-chico-opto-por-planta-incineradora-en-contra-de-propuesta-tecnica-que-priorizaba-compostaje-y-reciclaje","status":"publish","type":"post","link":"https:\/\/radiorevelacionfm.cl\/?p=45453","title":{"rendered":"Concejo de Chile Chico opt\u00f3 por planta incineradora en contra de propuesta t\u00e9cnica que priorizaba compostaje y reciclaje"},"content":{"rendered":"<div class=\"flex_column av_one_full  flex_column_div av-zero-column-padding first  avia-builder-el-0  el_before_av_one_full  avia-builder-el-first  \" style='border-radius:0px; '><div  class='avia-image-container  av-styling-    avia-builder-el-1  avia-builder-el-no-sibling  avia-align-center '  itemprop=\"image\" itemscope=\"itemscope\" itemtype=\"https:\/\/schema.org\/ImageObject\"  ><div class='avia-image-container-inner'><div class='avia-image-overlay-wrap'><img decoding=\"async\" class='wp-image-45694 avia-img-lazy-loading-not-45694 avia_image' src=\"https:\/\/radiorevelacionfm.cl\/wp-content\/uploads\/2024\/08\/el-vertedero-de-bahia-murta-en-el-sector-del-rio-engano-1-1_optimized.jpg\" alt='' title='el-vertedero-de-bah\u00eda-murta,-en-el-sector-del-r\u00edo-enga\u00f1o-(1)-(1)_optimized' height=\"600\" width=\"800\"  itemprop=\"thumbnailUrl\" srcset=\"https:\/\/radiorevelacionfm.cl\/wp-content\/uploads\/2024\/08\/el-vertedero-de-bahia-murta-en-el-sector-del-rio-engano-1-1_optimized.jpg 800w, https:\/\/radiorevelacionfm.cl\/wp-content\/uploads\/2024\/08\/el-vertedero-de-bahia-murta-en-el-sector-del-rio-engano-1-1_optimized-300x225.jpg 300w, https:\/\/radiorevelacionfm.cl\/wp-content\/uploads\/2024\/08\/el-vertedero-de-bahia-murta-en-el-sector-del-rio-engano-1-1_optimized-768x576.jpg 768w, https:\/\/radiorevelacionfm.cl\/wp-content\/uploads\/2024\/08\/el-vertedero-de-bahia-murta-en-el-sector-del-rio-engano-1-1_optimized-705x529.jpg 705w, https:\/\/radiorevelacionfm.cl\/wp-content\/uploads\/2024\/08\/el-vertedero-de-bahia-murta-en-el-sector-del-rio-engano-1-1_optimized-450x338.jpg 450w, https:\/\/radiorevelacionfm.cl\/wp-content\/uploads\/2024\/08\/el-vertedero-de-bahia-murta-en-el-sector-del-rio-engano-1-1_optimized-600x450.jpg 600w\" sizes=\"(max-width: 800px) 100vw, 800px\" \/><\/div><\/div><\/div><\/div><div class=\"flex_column av_one_full  flex_column_div av-zero-column-padding first  avia-builder-el-2  el_after_av_one_full  el_before_av_one_full  column-top-margin\" style='border-radius:0px; '><section class=\"av_textblock_section \"  itemscope=\"itemscope\" itemtype=\"https:\/\/schema.org\/BlogPosting\" itemprop=\"blogPost\" ><div class='avia_textblock  '   itemprop=\"text\" ><p style=\"text-align: center;\"><strong><span style=\"font-size: 18pt;\">Concejo de Chile Chico opt\u00f3 por planta incineradora en contra de propuesta t\u00e9cnica que priorizaba compostaje y reciclaje<\/span><\/strong><\/p>\n<div id=\"gtx-trans\" style=\"position: absolute; left: -50px; top: 4.31534px;\">\n<div class=\"gtx-trans-icon\"><\/div>\n<\/div>\n<\/div><\/section><\/div><div class=\"flex_column av_one_full  flex_column_div av-zero-column-padding first  avia-builder-el-4  el_after_av_one_full  el_before_av_hr  column-top-margin\" style='border-radius:0px; '><section class=\"av_textblock_section \"  itemscope=\"itemscope\" itemtype=\"https:\/\/schema.org\/BlogPosting\" itemprop=\"blogPost\" ><div class='avia_textblock  '   itemprop=\"text\" ><p class=\"v1gmail-MsoListParagraphCxSpFirst\" style=\"text-align: justify;\"><em><span lang=\"ES-TRAD\">&#8211; El 6 de diciembre de 2023 se realiz\u00f3 la sesi\u00f3n donde se presentaron las alternativas por parte de Bioaqua para un futuro Centro de Gesti\u00f3n Integral de Residuos para seis localidades de las comunas de Chile Chico y R\u00edo Ib\u00e1\u00f1ez. El mayor puntaje lo obtuvo una alternativa que privilegiaba la separaci\u00f3n origen, sin embargo las autoridades pol\u00edticas prefirieron planta de termodisociaci\u00f3n an\u00f3xica.<\/span><\/em><\/p>\n<p class=\"v1MsoNormal\" style=\"text-align: justify;\"><span lang=\"ES-TRAD\">\u00abSale una alternativa que habla de<span class=\"v1gmail-Apple-converted-space\">\u00a0<\/span><b>compostaje<\/b>, de<span class=\"v1gmail-Apple-converted-space\">\u00a0<\/span><b>separaci\u00f3n de residuos<\/b>, de<span class=\"v1gmail-Apple-converted-space\">\u00a0<\/span><b>tener un centro integral<\/b>como los que se est\u00e1n haciendo en otras partes de la regi\u00f3n. \u00c9sa fue la alternativa que, despu\u00e9s de un an\u00e1lisis multicriterio, la consultora Bioaqua sugiri\u00f3 con mayor puntaje. Sin embargo, el Concejo Municipal defini\u00f3 que no quer\u00eda \u00e9sa y que quer\u00eda la termodisociaci\u00f3n an\u00f3xica\u00bb<\/span><\/p>\n<p class=\"v1MsoNormal\" style=\"text-align: justify;\"><span lang=\"ES-TRAD\">Con esta concreta frase, la profesional de la Divisi\u00f3n de Infraestructura y Transportes del Gobierno Regional de Ays\u00e9n, Paula Cruces P\u00e9rez, explic\u00f3 ante la<span class=\"v1gmail-Apple-converted-space\">\u00a0<\/span><\/span><a href=\"https:\/\/www.youtube.com\/live\/rq5W5WYmpVI?si=pnh7miPutQTj7FFS&amp;t=2915\" target=\"_blank\" rel=\"noopener noreferrer\"><b><span lang=\"ES-TRAD\">Comisi\u00f3n de Regionalizaci\u00f3n, Integraci\u00f3n Territorial y Medio Ambiente<\/span><\/b><\/a><span lang=\"ES-TRAD\"><span class=\"v1gmail-Apple-converted-space\">\u00a0<\/span>del Consejo Regional el proceso mediante el cual se fue dando cuerpo al<span class=\"v1gmail-Apple-converted-space\">\u00a0<\/span><\/span><a href=\"https:\/\/www.eldivisadero.cl\/_noticia\/La-propuesta-de-Luperciano-Mu%C3%B1oz-para-los-residuos-de-la-cuenca-del-Chelenko-Quemarlo-casi-todo\/NzU3NDM=\" target=\"_blank\" rel=\"noopener noreferrer\"><span lang=\"ES-TRAD\">proyecto de incinerar cerca del 90 % de los residuos de seis localidades de la cuenca del lago General Carrera<\/span><\/a><span lang=\"ES-TRAD\">.<\/span><\/p>\n<p class=\"v1MsoNormal\" style=\"text-align: justify;\"><span lang=\"ES-TRAD\">La iniciativa es impulsada por el Municipio de Chile Chico, que act\u00faa como unidad t\u00e9cnica con recursos del Gobierno Regional de Ays\u00e9n. Esto, desconociendo lo que propuso Bioaqua (la consultora a cargo), el trabajo que est\u00e1 desarrollando la propia comunidad y el \u00abPlan de Gesti\u00f3n de Residuos S\u00f3lidos Municipales 2015-2035\u00bb, que busca iniciativas sustentables que avancen prioritariamente en la reducci\u00f3n y el tratamiento en origen.<\/span><\/p>\n<p class=\"v1MsoNormal\" style=\"text-align: justify;\"><span lang=\"ES-TRAD\">El<span class=\"v1gmail-Apple-converted-space\">\u00a0<\/span><b>acta de la sesi\u00f3n del 6 de diciembre de 2023<\/b><span class=\"v1gmail-Apple-converted-space\">\u00a0<\/span>confirma que el Concejo Municipal de Chile Chico aprob\u00f3 un\u00e1nimemente la incineraci\u00f3n por sobre la recomendaci\u00f3n t\u00e9cnica de compostaje y la separaci\u00f3n de residuos.\u00a0<span class=\"v1gmail-Apple-converted-space\">\u00a0<\/span><\/span><\/p>\n<p class=\"v1MsoNormal\" style=\"text-align: justify;\"><span lang=\"ES-TRAD\">\u00abSe deja sin efecto la decisi\u00f3n adoptada por el equipo t\u00e9cnico de la municipalidad en elegir la opci\u00f3n N\u00b03 presentada por la empresa consultora Bioaqua&#8230; opta por una opci\u00f3n diferente que ser\u00eda la N\u00b04 (termodisociaci\u00f3n an\u00f3xica)\u00bb reza el documento. Liderados por el alcalde<span class=\"v1gmail-Apple-converted-space\">\u00a0<\/span><b>Mu\u00f1oz<\/b>, votaron favorablemente<span class=\"v1gmail-Apple-converted-space\">\u00a0<\/span><b>Ariel Keim Hermosilla<\/b>,<span class=\"v1gmail-Apple-converted-space\">\u00a0<\/span><b>Juan Pinto Dur\u00e1n<\/b>,<span class=\"v1gmail-Apple-converted-space\">\u00a0<\/span><b>Arnaldo Cruz Pe\u00f1aloza<\/b>,<span class=\"v1gmail-Apple-converted-space\">\u00a0<\/span><b>Mario Figueroa Mayorga<\/b>,<span class=\"v1gmail-Apple-converted-space\">\u00a0<\/span><b>Lidia Soto Bero\u00edza<\/b><span class=\"v1gmail-Apple-converted-space\">\u00a0<\/span>y<span class=\"v1gmail-Apple-converted-space\">\u00a0<\/span><b>\u00c1ngela Valdebenito Rivadeneira<\/b>.\u00a0\u00a0<span class=\"v1gmail-Apple-converted-space\">\u00a0<\/span><\/span><\/p>\n<p class=\"v1MsoNormal\" style=\"text-align: justify;\"><span lang=\"ES-TRAD\">A solicitud de los concejales Keim, Soto y Figueroa, se agregaron algunos procedimientos de separaci\u00f3n en origen (que quedaron en la propuesta como unos \u00abpuntos verdes\u00bb para vidrios y metales, el resto se trasladar\u00eda a la planta), construcci\u00f3n de zanjas, estaci\u00f3n de desarme de chatarras, prensa para \u00e9stas y escombrera.<span class=\"v1gmail-Apple-converted-space\">\u00a0<\/span><\/span><\/p>\n<p class=\"v1MsoNormal\" style=\"text-align: justify;\"><span lang=\"ES-TRAD\">Esta decisi\u00f3n pol\u00edtica iba en l\u00ednea con la intenci\u00f3n ya definida de la autoridad municipal: en la licitaci\u00f3n para la consultor\u00eda se otorgaba mayor puntaje a empresas que tuvieran experiencia en tecnolog\u00eda de incineraci\u00f3n con generaci\u00f3n de energ\u00eda o electricidad. Sin embargo, el proyecto presentado mediante Declaraci\u00f3n de Impacto Ambiental (DIA) no genera energ\u00eda, s\u00f3lo libera los gases a atm\u00f3sfera.<\/span><\/p>\n<p class=\"v1MsoNormal\" style=\"text-align: justify;\"><b><span lang=\"ES-TRAD\">Los problemas ya pesquisados<\/span><\/b><\/p>\n<p class=\"v1MsoNormal\" style=\"text-align: justify;\"><span lang=\"ES-TRAD\">Uno de los problemas identificados hasta ahora, explic\u00f3 Cruces en la ocasi\u00f3n, es que \u00abcon el proyecto no sabemos qu\u00e9 va a seguir despu\u00e9s, si efectivamente va a continuar aquello, porque el problema que mencionaba Mauricio (Quezada) era que esta iniciativa, que se ve muy innovadora, tiene problemas que no est\u00e1 en ninguna parte del mundo funcionando\u00bb. Esto<span class=\"v1gmail-Apple-converted-space\">\u00a0<\/span>\u00absignifica muchas complicaciones tanto para pasar por el Sistema de Evaluaci\u00f3n de Impacto Ambiental como para pasar por la evaluaci\u00f3n del Ministerio de Desarrollo Social\u00bb.<\/span><\/p>\n<p class=\"v1MsoNormal\" style=\"text-align: justify;\"><span lang=\"ES-TRAD\">M\u00e1s a\u00fan, agreg\u00f3 que \u00ablos costos operacionales son alt\u00edsimos\u00bb, los cuales podr\u00edan ser morigerados si produjera energ\u00eda o electricidad, sin embargo \u00abpor la cantidad de residuos, no logra generar energ\u00eda. Entonces, tampoco tiene ese plus que podr\u00eda ser importante. Y los costos son muy altos\u00bb.<\/span><\/p>\n<p class=\"v1MsoNormal\" style=\"text-align: justify;\"><span lang=\"ES-TRAD\">El profesional<span class=\"v1gmail-Apple-converted-space\">\u00a0<\/span><b>Mauricio Quezada Parra<\/b><span class=\"v1gmail-Apple-converted-space\">\u00a0<\/span>concord\u00f3: \u00abEs una tecnolog\u00eda bastante innovadora, por no decir primera vez que se ocupa en el mundo como tratamiento de residuos. Es una especie de combusti\u00f3n sin ox\u00edgeno, que requiere una gran cantidad de energ\u00eda para hacer funcionar este proceso, donde los residuos son adaptados para entrar en esta especie de horno\u00bb. Todo esto hace que en materia de evaluaci\u00f3n ambiental exista \u00abincertidumbre bastante grande de lo que va a pasar ah\u00ed\u00bb, se\u00f1al\u00f3 el profesional.<\/span><\/p>\n<p class=\"v1MsoNormal\" style=\"text-align: justify;\"><span lang=\"ES-TRAD\">Este an\u00e1lisis es coherente con los tropiezos que la propuesta ha tenido ya a nivel de su evaluaci\u00f3n preliminar.<\/span><\/p>\n<p class=\"v1MsoNormal\" style=\"text-align: justify;\"><span lang=\"ES-TRAD\">El 24 de julio la municipalidad present\u00f3 una<span class=\"v1gmail-Apple-converted-space\">\u00a0<\/span><\/span><a href=\"https:\/\/seia.sea.gob.cl\/expediente\/expedientesEvaluacion.php?modo=ficha&amp;id_expediente=2162637513\" target=\"_blank\" rel=\"noopener noreferrer\"><span lang=\"ES-TRAD\">primera Declaraci\u00f3n de Impacto Ambiental<\/span><\/a><span lang=\"ES-TRAD\"><span class=\"v1gmail-Apple-converted-space\">\u00a0<\/span>(DIA), que fue retirada al d\u00eda siguiente. La segunda fue ingresada 30 de julio, sin embargo el Servicio de Evaluaci\u00f3n Ambiental se demor\u00f3 s\u00f3lo una semana en declararla inadmisible por no contener los contenidos m\u00ednimos para ser analizada, como por ejemplo \u00abcuantificar las emisiones relacionadas con gases de efecto invernadero y forzantes clim\u00e1ticos de vida corta del proyecto\u00bb, elemento cr\u00edtico en t\u00e9rminos normativa asociada al cambio clim\u00e1tico que es un elemento clave del Sistema de Evaluaci\u00f3n de Impacto Ambiental.<\/span><\/p>\n<\/div><\/section><\/div><\/p>\n<div  style='height:50px' class='hr hr-invisible   avia-builder-el-6  el_after_av_one_full  el_before_av_social_share '><span class='hr-inner ' ><span class='hr-inner-style'><\/span><\/span><\/div>\n<div  class='av-social-sharing-box  avia-builder-el-7  el_after_av_hr  el_before_av_hr  '><div class='av-share-box'><h5 class='av-share-link-description av-no-toc '>Compartir esta noticia<\/h5><ul class='av-share-box-list noLightbox'><li class='av-share-link av-social-link-facebook' ><a target=\"_blank\" aria-label=\"Compartir en Facebook\" href='https:\/\/www.facebook.com\/sharer.php?u=https:\/\/radiorevelacionfm.cl\/?p=45453&#038;t=Concejo%20de%20Chile%20Chico%20opt%C3%B3%20por%20planta%20incineradora%20en%20contra%20de%20propuesta%20t%C3%A9cnica%20que%20priorizaba%20compostaje%20y%20reciclaje' aria-hidden='false' data-av_icon='\ue8f3' data-av_iconfont='entypo-fontello' title='' data-avia-related-tooltip='Compartir en Facebook' rel=\"noopener\"><span class='avia_hidden_link_text'>Compartir en Facebook<\/span><\/a><\/li><li class='av-share-link av-social-link-twitter' ><a target=\"_blank\" aria-label=\"Compartir en Twitter\" href='https:\/\/twitter.com\/share?text=Concejo%20de%20Chile%20Chico%20opt%C3%B3%20por%20planta%20incineradora%20en%20contra%20de%20propuesta%20t%C3%A9cnica%20que%20priorizaba%20compostaje%20y%20reciclaje&#038;url=https:\/\/radiorevelacionfm.cl\/?p=45453' aria-hidden='false' data-av_icon='\ue8f1' data-av_iconfont='entypo-fontello' title='' data-avia-related-tooltip='Compartir en Twitter' rel=\"noopener\"><span class='avia_hidden_link_text'>Compartir en Twitter<\/span><\/a><\/li><li class='av-share-link av-social-link-whatsapp' ><a target=\"_blank\" aria-label=\"Compartir en Whatsapp\" href='https:\/\/api.whatsapp.com\/send?text=https:\/\/radiorevelacionfm.cl\/?p=45453' aria-hidden='false' data-av_icon='\uf232' data-av_iconfont='entypo-fontello' title='' data-avia-related-tooltip='Compartir en Whatsapp' rel=\"noopener\"><span class='avia_hidden_link_text'>Compartir en Whatsapp<\/span><\/a><\/li><li class='av-share-link av-social-link-linkedin' ><a target=\"_blank\" aria-label=\"Compartir en LinkedIn\" href='https:\/\/linkedin.com\/shareArticle?mini=true&#038;title=Concejo%20de%20Chile%20Chico%20opt%C3%B3%20por%20planta%20incineradora%20en%20contra%20de%20propuesta%20t%C3%A9cnica%20que%20priorizaba%20compostaje%20y%20reciclaje&#038;url=https:\/\/radiorevelacionfm.cl\/?p=45453' aria-hidden='false' data-av_icon='\ue8fc' data-av_iconfont='entypo-fontello' title='' data-avia-related-tooltip='Compartir en LinkedIn' rel=\"noopener\"><span class='avia_hidden_link_text'>Compartir en LinkedIn<\/span><\/a><\/li><li class='av-share-link av-social-link-mail' ><a  aria-label=\"Compartir por correo\" href='mailto:?subject=Concejo%20de%20Chile%20Chico%20opt%C3%B3%20por%20planta%20incineradora%20en%20contra%20de%20propuesta%20t%C3%A9cnica%20que%20priorizaba%20compostaje%20y%20reciclaje&#038;body=https:\/\/radiorevelacionfm.cl\/?p=45453' aria-hidden='false' data-av_icon='\ue805' data-av_iconfont='entypo-fontello' title='' data-avia-related-tooltip='Compartir por correo'><span class='avia_hidden_link_text'>Compartir por correo<\/span><\/a><\/li><\/ul><\/div><\/div>\n<div  style='height:50px' class='hr hr-invisible   avia-builder-el-8  el_after_av_social_share  el_before_av_comments_list '><span class='hr-inner ' ><span class='hr-inner-style'><\/span><\/span><\/div>\n<div  class='av-buildercomment  av-blog-meta-html-info-disabled av-blog-meta-tag-disabled  '><\/div>\n","protected":false},"excerpt":{"rendered":"","protected":false},"author":1,"featured_media":45694,"comment_status":"open","ping_status":"open","sticky":false,"template":"","format":"standard","meta":{"footnotes":""},"categories":[38],"tags":[],"class_list":["post-45453","post","type-post","status-publish","format-standard","has-post-thumbnail","hentry","category-regional"],"jetpack_featured_media_url":"https:\/\/radiorevelacionfm.cl\/wp-content\/uploads\/2024\/08\/el-vertedero-de-bahia-murta-en-el-sector-del-rio-engano-1-1_optimized.jpg","_links":{"self":[{"href":"https:\/\/radiorevelacionfm.cl\/index.php?rest_route=\/wp\/v2\/posts\/45453","targetHints":{"allow":["GET"]}}],"collection":[{"href":"https:\/\/radiorevelacionfm.cl\/index.php?rest_route=\/wp\/v2\/posts"}],"about":[{"href":"https:\/\/radiorevelacionfm.cl\/index.php?rest_route=\/wp\/v2\/types\/post"}],"author":[{"embeddable":true,"href":"https:\/\/radiorevelacionfm.cl\/index.php?rest_route=\/wp\/v2\/users\/1"}],"replies":[{"embeddable":true,"href":"https:\/\/radiorevelacionfm.cl\/index.php?rest_route=%2Fwp%2Fv2%2Fcomments&post=45453"}],"version-history":[{"count":2,"href":"https:\/\/radiorevelacionfm.cl\/index.php?rest_route=\/wp\/v2\/posts\/45453\/revisions"}],"predecessor-version":[{"id":45695,"href":"https:\/\/radiorevelacionfm.cl\/index.php?rest_route=\/wp\/v2\/posts\/45453\/revisions\/45695"}],"wp:featuredmedia":[{"embeddable":true,"href":"https:\/\/radiorevelacionfm.cl\/index.php?rest_route=\/wp\/v2\/media\/45694"}],"wp:attachment":[{"href":"https:\/\/radiorevelacionfm.cl\/index.php?rest_route=%2Fwp%2Fv2%2Fmedia&parent=45453"}],"wp:term":[{"taxonomy":"category","embeddable":true,"href":"https:\/\/radiorevelacionfm.cl\/index.php?rest_route=%2Fwp%2Fv2%2Fcategories&post=45453"},{"taxonomy":"post_tag","embeddable":true,"href":"https:\/\/radiorevelacionfm.cl\/index.php?rest_route=%2Fwp%2Fv2%2Ftags&post=45453"}],"curies":[{"name":"wp","href":"https:\/\/api.w.org\/{rel}","templated":true}]}}