{"id":45450,"date":"2024-08-25T18:31:35","date_gmt":"2024-08-25T21:31:35","guid":{"rendered":"https:\/\/radiorevelacionfm.cl\/?p=45450"},"modified":"2024-08-25T18:31:35","modified_gmt":"2024-08-25T21:31:35","slug":"se-desarrolla-la-segunda-mesa-regional-de-mineria-y-geologia-en-dependencias-de-emporcha","status":"publish","type":"post","link":"https:\/\/radiorevelacionfm.cl\/?p=45450","title":{"rendered":"Se desarrolla la segunda Mesa Regional de Miner\u00eda y Geolog\u00eda en dependencias de EMPORCHA"},"content":{"rendered":"<div class=\"flex_column av_one_full  flex_column_div av-zero-column-padding first  avia-builder-el-0  el_before_av_one_full  avia-builder-el-first  \" style='border-radius:0px; '><div  class='avia-image-container  av-styling-    avia-builder-el-1  avia-builder-el-no-sibling  avia-align-center '  itemprop=\"image\" itemscope=\"itemscope\" itemtype=\"https:\/\/schema.org\/ImageObject\"  ><div class='avia-image-container-inner'><div class='avia-image-overlay-wrap'><img decoding=\"async\" class='wp-image-45451 avia-img-lazy-loading-not-45451 avia_image' src=\"https:\/\/radiorevelacionfm.cl\/wp-content\/uploads\/2024\/08\/whatsapp-image-2024-08-25-at-13_optimized.53.47-1.jpeg\" alt='' title='whatsapp-image-2024-08-25-at-13_optimized.53.47-(1)' height=\"600\" width=\"800\"  itemprop=\"thumbnailUrl\" srcset=\"https:\/\/radiorevelacionfm.cl\/wp-content\/uploads\/2024\/08\/whatsapp-image-2024-08-25-at-13_optimized.53.47-1.jpeg 800w, https:\/\/radiorevelacionfm.cl\/wp-content\/uploads\/2024\/08\/whatsapp-image-2024-08-25-at-13_optimized.53.47-1-300x225.jpeg 300w, https:\/\/radiorevelacionfm.cl\/wp-content\/uploads\/2024\/08\/whatsapp-image-2024-08-25-at-13_optimized.53.47-1-768x576.jpeg 768w, https:\/\/radiorevelacionfm.cl\/wp-content\/uploads\/2024\/08\/whatsapp-image-2024-08-25-at-13_optimized.53.47-1-705x529.jpeg 705w, https:\/\/radiorevelacionfm.cl\/wp-content\/uploads\/2024\/08\/whatsapp-image-2024-08-25-at-13_optimized.53.47-1-450x338.jpeg 450w, https:\/\/radiorevelacionfm.cl\/wp-content\/uploads\/2024\/08\/whatsapp-image-2024-08-25-at-13_optimized.53.47-1-600x450.jpeg 600w\" sizes=\"(max-width: 800px) 100vw, 800px\" \/><\/div><\/div><\/div><\/div><div class=\"flex_column av_one_full  flex_column_div av-zero-column-padding first  avia-builder-el-2  el_after_av_one_full  el_before_av_one_full  column-top-margin\" style='border-radius:0px; '><section class=\"av_textblock_section \"  itemscope=\"itemscope\" itemtype=\"https:\/\/schema.org\/BlogPosting\" itemprop=\"blogPost\" ><div class='avia_textblock  '   itemprop=\"text\" ><p style=\"text-align: center;\"><span style=\"font-size: 18pt;\"><strong>Se desarrolla la segunda Mesa Regional de Miner\u00eda y Geolog\u00eda en dependencias de EMPORCHA<\/strong><\/span><\/p>\n<div id=\"gtx-trans\" style=\"position: absolute; left: -50px; top: 4.31534px;\">\n<div class=\"gtx-trans-icon\"><\/div>\n<\/div>\n<\/div><\/section><\/div><div class=\"flex_column av_one_full  flex_column_div av-zero-column-padding first  avia-builder-el-4  el_after_av_one_full  el_before_av_hr  column-top-margin\" style='border-radius:0px; '><section class=\"av_textblock_section \"  itemscope=\"itemscope\" itemtype=\"https:\/\/schema.org\/BlogPosting\" itemprop=\"blogPost\" ><div class='avia_textblock  '   itemprop=\"text\" ><p style=\"text-align: justify;\"><em>En la oportunidad el director de Corfo present\u00f3 un plan de acci\u00f3n que busca fortalecer a los proveedores regionales y locales en el desarrollo de la industria minera regional. <\/em><\/p>\n<p style=\"text-align: justify;\">En agosto se desarroll\u00f3 la segunda Mesa Regional de Miner\u00eda y Geolog\u00eda en la localidad de Chacabuco, comuna de Ays\u00e9n. La reuni\u00f3n se efectu\u00f3 en las instalaciones de la Empresa Portuaria de Chacabuco y fue presidida por el Seremi de Miner\u00eda, Juan V\u00e1squez Alarc\u00f3n, y cont\u00f3 con la participaci\u00f3n de autoridades regionales y comunales, representantes de la industria minera, peque\u00f1os mineros y acad\u00e9micos.<\/p>\n<p style=\"text-align: justify;\">El objetivo principal de esta mesa de trabajo es fortalecer las relaciones entre el sector p\u00fablico y privado, y avanzar en el desarrollo productivo de la miner\u00eda en la regi\u00f3n.<\/p>\n<p style=\"text-align: justify;\">En este contexto, el seremi de Miner\u00eda, Juan V\u00e1squez, indic\u00f3 que \u201cEsta sesi\u00f3n se enmarca dentro del mes de la miner\u00eda y\u00a0 es un espacio donde los actores pueden expresar y abordar de forma estrat\u00e9gica los desaf\u00edos y las brechas, y con ello generar sinergia que construyen al desarrollo de la industria minera y su eje de productividad\u201d, se\u00f1al\u00f3 el seremi.<\/p>\n<p style=\"text-align: justify;\">Dentro de los temas abordados en la sesi\u00f3n, fue el papel de los proveedores regionales en el fortalecimiento de la cadena de valor minera donde destaca la \u00a0iniciativa de CORFO para impulsar el desarrollo de proveedores locales, iniciativa que busca apoyar a los peque\u00f1os y medianos empresarios, promoviendo adem\u00e1s, \u00a0la diversificaci\u00f3n econ\u00f3mica de la regi\u00f3n. La estrategia tiene como objetivo fomentar la innovaci\u00f3n y aumentar la competitividad de las empresas locales, integr\u00e1ndolas de manera m\u00e1s efectiva en el ecosistema minero regional.<\/p>\n<p style=\"text-align: justify;\">Frente a ello, el director de Corfo, Humberto Mar\u00edn, indic\u00f3 que \u201cLa generaci\u00f3n de valor local de esta industria es un tema que como gobierno nos preocupa, y en ese contexto, el instrumento que presentamos en la mesa, busca la generaci\u00f3n de valor local fortaleciendo la vinculaci\u00f3n del demandante de las empresas principales en miner\u00eda con la localidad y de esta forma, la riqueza que genere la industria sea capturada por ellos, as\u00ed fortalecemos lo local y de esa forma contribuimos al desarrollo de la industria minera en la regi\u00f3n de Ays\u00e9n\u201d.\u00a0 Dijo Mar\u00edn.<\/p>\n<p style=\"text-align: justify;\">Otro de los temas abordados fue la modernizaci\u00f3n del Puerto de Chacabuco, en este sentido, el gerente general de EMPORCHA, Felipe Candia, destac\u00f3 el papel crucial que cumple el puerto \u00a0en la log\u00edstica minera regional, se\u00f1alando que actualmente el 100% de las exportaciones mineras de Ays\u00e9n se realizan desde Chacabuco.<\/p>\n<p style=\"text-align: justify;\">En la oportunidad, el gerente tambi\u00e9n present\u00f3 el plan para modernizar las instalaciones y aumentar la capacidad operativa del puerto, acci\u00f3n que permitir\u00e1 manejar mayores vol\u00famenes de exportaci\u00f3n y consolidar la miner\u00eda como un pilar econ\u00f3mico clave para la regi\u00f3n.<\/p>\n<p style=\"text-align: justify;\">\u201cEsperamos que este trabajo de actualizaci\u00f3n del Plan Maestro de la portuaria recoja las necesidades futuras del sector minero para que\u00a0 el puerto pueda seguir atendiendo las necesidad de exportaci\u00f3n de mineral\u201d.\u00a0 Se\u00f1al\u00f3 el gerente general de EMPORCHA.<\/p>\n<\/div><\/section><\/div><div  style='height:50px' class='hr hr-invisible   avia-builder-el-6  el_after_av_one_full  el_before_av_social_share '><span class='hr-inner ' ><span class='hr-inner-style'><\/span><\/span><\/div><\/p>\n<div  class='av-social-sharing-box  avia-builder-el-7  el_after_av_hr  el_before_av_hr  '><div class='av-share-box'><h5 class='av-share-link-description av-no-toc '>Compartir esta noticia<\/h5><ul class='av-share-box-list noLightbox'><li class='av-share-link av-social-link-facebook' ><a target=\"_blank\" aria-label=\"Compartir en Facebook\" href='https:\/\/www.facebook.com\/sharer.php?u=https:\/\/radiorevelacionfm.cl\/?p=45450&#038;t=Se%20desarrolla%20la%20segunda%20Mesa%20Regional%20de%20Miner%C3%ADa%20y%20Geolog%C3%ADa%20en%20dependencias%20de%20EMPORCHA' aria-hidden='false' data-av_icon='\ue8f3' data-av_iconfont='entypo-fontello' title='' data-avia-related-tooltip='Compartir en Facebook' rel=\"noopener\"><span class='avia_hidden_link_text'>Compartir en Facebook<\/span><\/a><\/li><li class='av-share-link av-social-link-twitter' ><a target=\"_blank\" aria-label=\"Compartir en Twitter\" href='https:\/\/twitter.com\/share?text=Se%20desarrolla%20la%20segunda%20Mesa%20Regional%20de%20Miner%C3%ADa%20y%20Geolog%C3%ADa%20en%20dependencias%20de%20EMPORCHA&#038;url=https:\/\/radiorevelacionfm.cl\/?p=45450' aria-hidden='false' data-av_icon='\ue8f1' data-av_iconfont='entypo-fontello' title='' data-avia-related-tooltip='Compartir en Twitter' rel=\"noopener\"><span class='avia_hidden_link_text'>Compartir en Twitter<\/span><\/a><\/li><li class='av-share-link av-social-link-whatsapp' ><a target=\"_blank\" aria-label=\"Compartir en Whatsapp\" href='https:\/\/api.whatsapp.com\/send?text=https:\/\/radiorevelacionfm.cl\/?p=45450' aria-hidden='false' data-av_icon='\uf232' data-av_iconfont='entypo-fontello' title='' data-avia-related-tooltip='Compartir en Whatsapp' rel=\"noopener\"><span class='avia_hidden_link_text'>Compartir en Whatsapp<\/span><\/a><\/li><li class='av-share-link av-social-link-linkedin' ><a target=\"_blank\" aria-label=\"Compartir en LinkedIn\" href='https:\/\/linkedin.com\/shareArticle?mini=true&#038;title=Se%20desarrolla%20la%20segunda%20Mesa%20Regional%20de%20Miner%C3%ADa%20y%20Geolog%C3%ADa%20en%20dependencias%20de%20EMPORCHA&#038;url=https:\/\/radiorevelacionfm.cl\/?p=45450' aria-hidden='false' data-av_icon='\ue8fc' data-av_iconfont='entypo-fontello' title='' data-avia-related-tooltip='Compartir en LinkedIn' rel=\"noopener\"><span class='avia_hidden_link_text'>Compartir en LinkedIn<\/span><\/a><\/li><li class='av-share-link av-social-link-mail' ><a  aria-label=\"Compartir por correo\" href='mailto:?subject=Se%20desarrolla%20la%20segunda%20Mesa%20Regional%20de%20Miner%C3%ADa%20y%20Geolog%C3%ADa%20en%20dependencias%20de%20EMPORCHA&#038;body=https:\/\/radiorevelacionfm.cl\/?p=45450' aria-hidden='false' data-av_icon='\ue805' data-av_iconfont='entypo-fontello' title='' data-avia-related-tooltip='Compartir por correo'><span class='avia_hidden_link_text'>Compartir por correo<\/span><\/a><\/li><\/ul><\/div><\/div>\n<div  style='height:50px' class='hr hr-invisible   avia-builder-el-8  el_after_av_social_share  el_before_av_comments_list '><span class='hr-inner ' ><span class='hr-inner-style'><\/span><\/span><\/div>\n<div  class='av-buildercomment  av-blog-meta-html-info-disabled av-blog-meta-tag-disabled  '><\/div>\n","protected":false},"excerpt":{"rendered":"","protected":false},"author":1,"featured_media":45451,"comment_status":"open","ping_status":"open","sticky":false,"template":"","format":"standard","meta":{"footnotes":""},"categories":[38],"tags":[],"class_list":["post-45450","post","type-post","status-publish","format-standard","has-post-thumbnail","hentry","category-regional"],"jetpack_featured_media_url":"https:\/\/radiorevelacionfm.cl\/wp-content\/uploads\/2024\/08\/whatsapp-image-2024-08-25-at-13_optimized.53.47-1.jpeg","_links":{"self":[{"href":"https:\/\/radiorevelacionfm.cl\/index.php?rest_route=\/wp\/v2\/posts\/45450","targetHints":{"allow":["GET"]}}],"collection":[{"href":"https:\/\/radiorevelacionfm.cl\/index.php?rest_route=\/wp\/v2\/posts"}],"about":[{"href":"https:\/\/radiorevelacionfm.cl\/index.php?rest_route=\/wp\/v2\/types\/post"}],"author":[{"embeddable":true,"href":"https:\/\/radiorevelacionfm.cl\/index.php?rest_route=\/wp\/v2\/users\/1"}],"replies":[{"embeddable":true,"href":"https:\/\/radiorevelacionfm.cl\/index.php?rest_route=%2Fwp%2Fv2%2Fcomments&post=45450"}],"version-history":[{"count":1,"href":"https:\/\/radiorevelacionfm.cl\/index.php?rest_route=\/wp\/v2\/posts\/45450\/revisions"}],"predecessor-version":[{"id":45452,"href":"https:\/\/radiorevelacionfm.cl\/index.php?rest_route=\/wp\/v2\/posts\/45450\/revisions\/45452"}],"wp:featuredmedia":[{"embeddable":true,"href":"https:\/\/radiorevelacionfm.cl\/index.php?rest_route=\/wp\/v2\/media\/45451"}],"wp:attachment":[{"href":"https:\/\/radiorevelacionfm.cl\/index.php?rest_route=%2Fwp%2Fv2%2Fmedia&parent=45450"}],"wp:term":[{"taxonomy":"category","embeddable":true,"href":"https:\/\/radiorevelacionfm.cl\/index.php?rest_route=%2Fwp%2Fv2%2Fcategories&post=45450"},{"taxonomy":"post_tag","embeddable":true,"href":"https:\/\/radiorevelacionfm.cl\/index.php?rest_route=%2Fwp%2Fv2%2Ftags&post=45450"}],"curies":[{"name":"wp","href":"https:\/\/api.w.org\/{rel}","templated":true}]}}