{"id":45447,"date":"2024-08-25T16:00:51","date_gmt":"2024-08-25T19:00:51","guid":{"rendered":"https:\/\/radiorevelacionfm.cl\/?p=45447"},"modified":"2024-08-25T16:00:51","modified_gmt":"2024-08-25T19:00:51","slug":"familias-del-comite-el-salto-de-puerto-ibanez-podran-festejar-fiestas-patrias-en-su-casa-propia","status":"publish","type":"post","link":"https:\/\/radiorevelacionfm.cl\/?p=45447","title":{"rendered":"Familias del comit\u00e9 \u201cEl Salto\u201d de Puerto Ib\u00e1\u00f1ez podr\u00e1n festejar fiestas patrias en su casa propia"},"content":{"rendered":"<div class=\"flex_column av_one_full  flex_column_div av-zero-column-padding first  avia-builder-el-0  el_before_av_one_full  avia-builder-el-first  \" style='border-radius:0px; '><div  class='avia-image-container  av-styling-    avia-builder-el-1  avia-builder-el-no-sibling  avia-align-center '  itemprop=\"image\" itemscope=\"itemscope\" itemtype=\"https:\/\/schema.org\/ImageObject\"  ><div class='avia-image-container-inner'><div class='avia-image-overlay-wrap'><img decoding=\"async\" class='wp-image-45448 avia-img-lazy-loading-not-45448 avia_image' src=\"https:\/\/radiorevelacionfm.cl\/wp-content\/uploads\/2024\/08\/viviendas-comite-el-salto-puerto-ibanez-1_optimized-1.jpg\" alt='' title='viviendas-comit\u00e9-el-salto-puerto-ib\u00e1\u00f1ez-(1)_optimized (1)' height=\"600\" width=\"1066\"  itemprop=\"thumbnailUrl\" srcset=\"https:\/\/radiorevelacionfm.cl\/wp-content\/uploads\/2024\/08\/viviendas-comite-el-salto-puerto-ibanez-1_optimized-1.jpg 1066w, https:\/\/radiorevelacionfm.cl\/wp-content\/uploads\/2024\/08\/viviendas-comite-el-salto-puerto-ibanez-1_optimized-1-300x169.jpg 300w, https:\/\/radiorevelacionfm.cl\/wp-content\/uploads\/2024\/08\/viviendas-comite-el-salto-puerto-ibanez-1_optimized-1-1030x580.jpg 1030w, https:\/\/radiorevelacionfm.cl\/wp-content\/uploads\/2024\/08\/viviendas-comite-el-salto-puerto-ibanez-1_optimized-1-768x432.jpg 768w, https:\/\/radiorevelacionfm.cl\/wp-content\/uploads\/2024\/08\/viviendas-comite-el-salto-puerto-ibanez-1_optimized-1-705x397.jpg 705w, https:\/\/radiorevelacionfm.cl\/wp-content\/uploads\/2024\/08\/viviendas-comite-el-salto-puerto-ibanez-1_optimized-1-450x253.jpg 450w, https:\/\/radiorevelacionfm.cl\/wp-content\/uploads\/2024\/08\/viviendas-comite-el-salto-puerto-ibanez-1_optimized-1-600x338.jpg 600w\" sizes=\"(max-width: 1066px) 100vw, 1066px\" \/><\/div><\/div><\/div><\/div><div class=\"flex_column av_one_full  flex_column_div av-zero-column-padding first  avia-builder-el-2  el_after_av_one_full  el_before_av_one_full  column-top-margin\" style='border-radius:0px; '><section class=\"av_textblock_section \"  itemscope=\"itemscope\" itemtype=\"https:\/\/schema.org\/BlogPosting\" itemprop=\"blogPost\" ><div class='avia_textblock  '   itemprop=\"text\" ><p style=\"text-align: center;\"><span style=\"font-size: 18pt;\"><strong>Familias del comit\u00e9 \u201cEl Salto\u201d de Puerto Ib\u00e1\u00f1ez podr\u00e1n festejar fiestas patrias en su casa propia<\/strong><\/span><\/p>\n<div id=\"gtx-trans\" style=\"position: absolute; left: -50px; top: 4.31534px;\">\n<div class=\"gtx-trans-icon\"><\/div>\n<\/div>\n<\/div><\/section><\/div><div class=\"flex_column av_one_full  flex_column_div av-zero-column-padding first  avia-builder-el-4  el_after_av_one_full  el_before_av_hr  column-top-margin\" style='border-radius:0px; '><section class=\"av_textblock_section \"  itemscope=\"itemscope\" itemtype=\"https:\/\/schema.org\/BlogPosting\" itemprop=\"blogPost\" ><div class='avia_textblock  '   itemprop=\"text\" ><p style=\"text-align: justify;\">Momentos de gran alegr\u00eda y emoci\u00f3n se vivieron el pasado jueves en Puerto Ingeniero Ib\u00e1\u00f1ez, cuando diez familias de la localidad recibieron las llaves de su casa propia en una ceremonia que cont\u00f3 con la participaci\u00f3n de autoridades regionales y comunales, adem\u00e1s de vecinos y familiares de los beneficiarios.<\/p>\n<p style=\"text-align: justify;\">Los felices propietarios forman parte del proyecto habitacional \u201cEl Salto\u201d, el cual est\u00e1 conformado por 16 familias de Puerto Ib\u00e1\u00f1ez, seis de las cuales desde hace algunas semanas ya estaban habitando sus nuevos hogares. \u00a0Se trata de un proyecto muy sentido que parti\u00f3 en 2017 bajo el alero de la oficina de vivienda municipal, pero que m\u00e1s adelante fue tomado por la Entidad de Gesti\u00f3n Rural de Alejandro Figueroa, dando vida a las 16 viviendas en terrenos aportados por el Serviu y con financiamiento del Programa de Habitabilidad Rural del Ministerio de Vivienda y Urbanismo, m\u00e1s los ahorros de los mismos vecinos.<\/p>\n<p style=\"text-align: justify;\">Tal como expres\u00f3 la Seremi de Vivienda, Paulina Ruz, se trat\u00f3 de una ceremonia que tiene un gran significado, ya que es se\u00f1al de que el Plan de Emergencia Habitacional del Gobierno sigue avanzando y llega a todos los territorios. \u201cSin embargo, hay una meta que va m\u00e1s all\u00e1, que es ver las sonrisas de las familias cuando son due\u00f1os de su vivienda propia. En el caso de Puerto Ib\u00e1\u00f1ez estamos innovando bastante, ya que es una modalidad de peque\u00f1os condominios, con viviendas de gran superficie y donde hacen vida comunitaria, ya que est\u00e1n como vecinos en diferentes pa\u00f1os de terreno dentro de la localidad. Hablamos siempre de que el Ministerio de Vivienda es la casa de todas y de todos, y eso significa que podemos mejorar su vida con este tipo de iniciativas, lo que se complementa con pertinencia territorial, con acondicionamiento t\u00e9rmico y una localidad cada vez m\u00e1s bonita\u201d, indic\u00f3.<\/p>\n<p style=\"text-align: justify;\">Tambi\u00e9n el alcalde de la comuna, Juan Saldivia, se mostr\u00f3 feliz por las vecinas y vecinos de Puerto Ib\u00e1\u00f1ez, por las madres, los adultos mayores y los j\u00f3venes que est\u00e1n iniciando una nueva vida. \u201cHoy se les ha entregado las llaves de su vivienda, donde van a poder proyectarse, so\u00f1ar juntos. Es una alegr\u00eda que compartimos con ellos y agradecemos todas las gestiones que se pudieron hacer a trav\u00e9s del Minvu y del Serviu, porque en realidad necesit\u00e1bamos ese apoyo para poder llegar a buen t\u00e9rmino As\u00ed que tremendamente agradecido y feliz por nuestras vecinas y vecinos de la localidad\u201d, afirm\u00f3.<\/p>\n<p style=\"text-align: justify;\">En representaci\u00f3n de los nuevos propietarios, la vecina P\u00eda Reyes, se mostr\u00f3 muy feliz por llegar al final del camino, a pesar de las dificultades que tuvieron que superar durante el desarrollo del proceso. \u201cEs algo que est\u00e1bamos esperando desde hace como siete a\u00f1os y con la llamada hace un par de d\u00edas de parte de la Seremi nos sentimos, felices, contentos. Fue un camino largo, tuvimos varios problemas entre medio, pero hoy estamos muy contentos de dar t\u00e9rmino a este proceso que vivimos tanto tiempo. Hoy estamos ya todas las familias a minutos de cambiarnos a nuestra casa propia, as\u00ed que agradecer a la Seremi Paulina, a algunos concejales, algunas autoridades que estuvieron tambi\u00e9n en este proceso que hoy d\u00eda podemos culminar gracias a la paciencia y la perseverancia, as\u00ed que muy feliz\u201d, precis\u00f3.<\/p>\n<p style=\"text-align: justify;\">Tambi\u00e9n Fernando Quintul del grupo \u201cEl Salto II\u201d se mostr\u00f3 agradecido y emocionado al vivir un momento tan especial para su vida y su familia. \u201cEs dif\u00edcil explicarlo en palabras, la verdad es una emoci\u00f3n, alegr\u00eda. Fueron momentos de mucha espera, dif\u00edcil, complicado, nuestro proyecto, pero gracias a Dios hoy d\u00eda ya estamos recibiendo nuestras llaves y como comentaba antes, m\u00e1s que una estructura, es donde vamos a poder vivir nuestra vida, con nuestra familia, forjar nuestros sue\u00f1os, nuestro futuro. As\u00ed que demasiado contento\u201d, afirm\u00f3.<\/p>\n<p style=\"text-align: justify;\">Las viviendas del proyecto habitacional El Salto son de un piso, y cuentan con una superficie habitable que en promedio alcanza los 48 m\u00b2, incluyendo la opci\u00f3n de ampliar a otros 14,4 m\u00b2 m\u00e1s. Son viviendas que est\u00e1n equipadas con cierres perimetrales y acceso a \u00e1reas verdes, lo que contribuye a un entorno seguro y saludable para las familias. El proyecto fue ejecutado por la empresa Maquinarias y Construcciones Garc\u00e9s SPA, con una inversi\u00f3n total que super\u00f3 los 900 millones de pesos.<\/p>\n<\/div><\/section><\/div><div  style='height:50px' class='hr hr-invisible   avia-builder-el-6  el_after_av_one_full  el_before_av_social_share '><span class='hr-inner ' ><span class='hr-inner-style'><\/span><\/span><\/div><\/p>\n<div  class='av-social-sharing-box  avia-builder-el-7  el_after_av_hr  el_before_av_hr  '><div class='av-share-box'><h5 class='av-share-link-description av-no-toc '>Compartir esta noticia<\/h5><ul class='av-share-box-list noLightbox'><li class='av-share-link av-social-link-facebook' ><a target=\"_blank\" aria-label=\"Compartir en Facebook\" href='https:\/\/www.facebook.com\/sharer.php?u=https:\/\/radiorevelacionfm.cl\/?p=45447&#038;t=Familias%20del%20comit%C3%A9%20%E2%80%9CEl%20Salto%E2%80%9D%20de%20Puerto%20Ib%C3%A1%C3%B1ez%20podr%C3%A1n%20festejar%20fiestas%20patrias%20en%20su%20casa%20propia' aria-hidden='false' data-av_icon='\ue8f3' data-av_iconfont='entypo-fontello' title='' data-avia-related-tooltip='Compartir en Facebook' rel=\"noopener\"><span class='avia_hidden_link_text'>Compartir en Facebook<\/span><\/a><\/li><li class='av-share-link av-social-link-twitter' ><a target=\"_blank\" aria-label=\"Compartir en Twitter\" href='https:\/\/twitter.com\/share?text=Familias%20del%20comit%C3%A9%20%E2%80%9CEl%20Salto%E2%80%9D%20de%20Puerto%20Ib%C3%A1%C3%B1ez%20podr%C3%A1n%20festejar%20fiestas%20patrias%20en%20su%20casa%20propia&#038;url=https:\/\/radiorevelacionfm.cl\/?p=45447' aria-hidden='false' data-av_icon='\ue8f1' data-av_iconfont='entypo-fontello' title='' data-avia-related-tooltip='Compartir en Twitter' rel=\"noopener\"><span class='avia_hidden_link_text'>Compartir en Twitter<\/span><\/a><\/li><li class='av-share-link av-social-link-whatsapp' ><a target=\"_blank\" aria-label=\"Compartir en Whatsapp\" href='https:\/\/api.whatsapp.com\/send?text=https:\/\/radiorevelacionfm.cl\/?p=45447' aria-hidden='false' data-av_icon='\uf232' data-av_iconfont='entypo-fontello' title='' data-avia-related-tooltip='Compartir en Whatsapp' rel=\"noopener\"><span class='avia_hidden_link_text'>Compartir en Whatsapp<\/span><\/a><\/li><li class='av-share-link av-social-link-linkedin' ><a target=\"_blank\" aria-label=\"Compartir en LinkedIn\" href='https:\/\/linkedin.com\/shareArticle?mini=true&#038;title=Familias%20del%20comit%C3%A9%20%E2%80%9CEl%20Salto%E2%80%9D%20de%20Puerto%20Ib%C3%A1%C3%B1ez%20podr%C3%A1n%20festejar%20fiestas%20patrias%20en%20su%20casa%20propia&#038;url=https:\/\/radiorevelacionfm.cl\/?p=45447' aria-hidden='false' data-av_icon='\ue8fc' data-av_iconfont='entypo-fontello' title='' data-avia-related-tooltip='Compartir en LinkedIn' rel=\"noopener\"><span class='avia_hidden_link_text'>Compartir en LinkedIn<\/span><\/a><\/li><li class='av-share-link av-social-link-mail' ><a  aria-label=\"Compartir por correo\" href='mailto:?subject=Familias%20del%20comit%C3%A9%20%E2%80%9CEl%20Salto%E2%80%9D%20de%20Puerto%20Ib%C3%A1%C3%B1ez%20podr%C3%A1n%20festejar%20fiestas%20patrias%20en%20su%20casa%20propia&#038;body=https:\/\/radiorevelacionfm.cl\/?p=45447' aria-hidden='false' data-av_icon='\ue805' data-av_iconfont='entypo-fontello' title='' data-avia-related-tooltip='Compartir por correo'><span class='avia_hidden_link_text'>Compartir por correo<\/span><\/a><\/li><\/ul><\/div><\/div>\n<div  style='height:50px' class='hr hr-invisible   avia-builder-el-8  el_after_av_social_share  el_before_av_comments_list '><span class='hr-inner ' ><span class='hr-inner-style'><\/span><\/span><\/div>\n<div  class='av-buildercomment  av-blog-meta-html-info-disabled av-blog-meta-tag-disabled  '><\/div>\n","protected":false},"excerpt":{"rendered":"","protected":false},"author":1,"featured_media":45448,"comment_status":"open","ping_status":"open","sticky":false,"template":"","format":"standard","meta":{"footnotes":""},"categories":[57],"tags":[],"class_list":["post-45447","post","type-post","status-publish","format-standard","has-post-thumbnail","hentry","category-vivienda"],"jetpack_featured_media_url":"https:\/\/radiorevelacionfm.cl\/wp-content\/uploads\/2024\/08\/viviendas-comite-el-salto-puerto-ibanez-1_optimized-1.jpg","_links":{"self":[{"href":"https:\/\/radiorevelacionfm.cl\/index.php?rest_route=\/wp\/v2\/posts\/45447","targetHints":{"allow":["GET"]}}],"collection":[{"href":"https:\/\/radiorevelacionfm.cl\/index.php?rest_route=\/wp\/v2\/posts"}],"about":[{"href":"https:\/\/radiorevelacionfm.cl\/index.php?rest_route=\/wp\/v2\/types\/post"}],"author":[{"embeddable":true,"href":"https:\/\/radiorevelacionfm.cl\/index.php?rest_route=\/wp\/v2\/users\/1"}],"replies":[{"embeddable":true,"href":"https:\/\/radiorevelacionfm.cl\/index.php?rest_route=%2Fwp%2Fv2%2Fcomments&post=45447"}],"version-history":[{"count":1,"href":"https:\/\/radiorevelacionfm.cl\/index.php?rest_route=\/wp\/v2\/posts\/45447\/revisions"}],"predecessor-version":[{"id":45449,"href":"https:\/\/radiorevelacionfm.cl\/index.php?rest_route=\/wp\/v2\/posts\/45447\/revisions\/45449"}],"wp:featuredmedia":[{"embeddable":true,"href":"https:\/\/radiorevelacionfm.cl\/index.php?rest_route=\/wp\/v2\/media\/45448"}],"wp:attachment":[{"href":"https:\/\/radiorevelacionfm.cl\/index.php?rest_route=%2Fwp%2Fv2%2Fmedia&parent=45447"}],"wp:term":[{"taxonomy":"category","embeddable":true,"href":"https:\/\/radiorevelacionfm.cl\/index.php?rest_route=%2Fwp%2Fv2%2Fcategories&post=45447"},{"taxonomy":"post_tag","embeddable":true,"href":"https:\/\/radiorevelacionfm.cl\/index.php?rest_route=%2Fwp%2Fv2%2Ftags&post=45447"}],"curies":[{"name":"wp","href":"https:\/\/api.w.org\/{rel}","templated":true}]}}