{"id":45444,"date":"2024-08-25T16:22:58","date_gmt":"2024-08-25T19:22:58","guid":{"rendered":"https:\/\/radiorevelacionfm.cl\/?p=45444"},"modified":"2024-08-25T16:22:58","modified_gmt":"2024-08-25T19:22:58","slug":"celebracion-del-dia-de-la-campesina-y-el-campesino-2024-indap-realiza-reconocimiento-a-la-sabiduria-y-tradicion-rural-aysenina","status":"publish","type":"post","link":"https:\/\/radiorevelacionfm.cl\/?p=45444","title":{"rendered":"Celebraci\u00f3n del D\u00eda de la Campesina y el Campesino 2024: INDAP realiza reconocimiento a la sabidur\u00eda y tradici\u00f3n rural aysenina"},"content":{"rendered":"<div class=\"flex_column av_one_full  flex_column_div av-zero-column-padding first  avia-builder-el-0  el_before_av_one_full  avia-builder-el-first  \" style='border-radius:0px; '><div  class='avia-image-container  av-styling-    avia-builder-el-1  avia-builder-el-no-sibling  avia-align-center '  itemprop=\"image\" itemscope=\"itemscope\" itemtype=\"https:\/\/schema.org\/ImageObject\"  ><div class='avia-image-container-inner'><div class='avia-image-overlay-wrap'><img decoding=\"async\" class='wp-image-45445 avia-img-lazy-loading-not-45445 avia_image' src=\"https:\/\/radiorevelacionfm.cl\/wp-content\/uploads\/2024\/08\/img_1741-1_optimized.jpg\" alt='' title='img_1741-(1)_optimized' height=\"600\" width=\"1067\"  itemprop=\"thumbnailUrl\" srcset=\"https:\/\/radiorevelacionfm.cl\/wp-content\/uploads\/2024\/08\/img_1741-1_optimized.jpg 1067w, https:\/\/radiorevelacionfm.cl\/wp-content\/uploads\/2024\/08\/img_1741-1_optimized-300x169.jpg 300w, https:\/\/radiorevelacionfm.cl\/wp-content\/uploads\/2024\/08\/img_1741-1_optimized-1030x579.jpg 1030w, https:\/\/radiorevelacionfm.cl\/wp-content\/uploads\/2024\/08\/img_1741-1_optimized-768x432.jpg 768w, https:\/\/radiorevelacionfm.cl\/wp-content\/uploads\/2024\/08\/img_1741-1_optimized-705x396.jpg 705w, https:\/\/radiorevelacionfm.cl\/wp-content\/uploads\/2024\/08\/img_1741-1_optimized-450x253.jpg 450w, https:\/\/radiorevelacionfm.cl\/wp-content\/uploads\/2024\/08\/img_1741-1_optimized-600x337.jpg 600w\" sizes=\"(max-width: 1067px) 100vw, 1067px\" \/><\/div><\/div><\/div><\/div><div class=\"flex_column av_one_full  flex_column_div av-zero-column-padding first  avia-builder-el-2  el_after_av_one_full  el_before_av_one_full  column-top-margin\" style='border-radius:0px; '><section class=\"av_textblock_section \"  itemscope=\"itemscope\" itemtype=\"https:\/\/schema.org\/BlogPosting\" itemprop=\"blogPost\" ><div class='avia_textblock  '   itemprop=\"text\" ><p style=\"text-align: center;\"><strong><span style=\"font-size: 18pt;\">Celebraci\u00f3n del D\u00eda de la Campesina y el Campesino 2024: INDAP realiza reconocimiento a la sabidur\u00eda y tradici\u00f3n rural aysenina<\/span><\/strong><\/p>\n<div id=\"gtx-trans\" style=\"position: absolute; left: -50px; top: 4.31534px;\">\n<div class=\"gtx-trans-icon\"><\/div>\n<\/div>\n<\/div><\/section><\/div><div class=\"flex_column av_one_full  flex_column_div av-zero-column-padding first  avia-builder-el-4  el_after_av_one_full  el_before_av_hr  column-top-margin\" style='border-radius:0px; '><section class=\"av_textblock_section \"  itemscope=\"itemscope\" itemtype=\"https:\/\/schema.org\/BlogPosting\" itemprop=\"blogPost\" ><div class='avia_textblock  '   itemprop=\"text\" ><p style=\"text-align: justify;\">En un ambiente festivo y de profunda emotividad, se celebr\u00f3 en la Regi\u00f3n de Ays\u00e9n el D\u00eda de la Campesina y el Campesino 2024, con sede en la pintoresca localidad de Villa Frei. La actividad, organizada por INDAP del Ministerio de Agricultura, rindi\u00f3 homenaje a las mujeres y hombres que, con su trabajo y dedicaci\u00f3n, preservan la riqueza de la agricultura familiar campesina e ind\u00edgena. Esta actividad fue financiada gracias al FNDR 8% del Gobierno Regional de Ays\u00e9n y su consejo.<\/p>\n<p style=\"text-align: justify;\">En una ceremonia marcada por la identidad cultural y patrimonial de nuestra hermosa regi\u00f3n, el evento conmemor\u00f3 los 57 a\u00f1os de la promulgaci\u00f3n de las leyes de Reforma Agraria y Sindicalizaci\u00f3n Campesina, dos hitos fundamentales en la historia rural de Chile. La Directora Regional de INDAP, Yessica Lagos C\u00e1rdenas, aprovech\u00f3 la oportunidad para compartir su propio v\u00ednculo con el campo, subrayando la importancia del trabajo que INDAP realiza constantemente para que las campesinas y campesinos de Ays\u00e9n puedan acceder a los recursos y herramientas necesarios para llevar adelante su labor en la tierra. Tambi\u00e9n resalt\u00f3 la urgencia de convocar y seguir trabajando junto a la juventud rural, reconociendo su rol esencial en la continuidad y el futuro del trabajo agr\u00edcola en la regi\u00f3n. \u201cTenemos una mesa de j\u00f3venes rurales que cuenta con todo el apoyo de nuestros instrumentos y equipos para seguir capacit\u00e1ndose y postulando a proyectos. Y estamos felices de poder celebrar junto a ellos con campesinas y campesinos de los territorios de Ays\u00e9n\u201d, a\u00f1adi\u00f3.<\/p>\n<p style=\"text-align: justify;\">La jornada cont\u00f3 con la presencia de importantes autoridades regionales, incluyendo a Andrea Mac\u00edas Palma, Gobernadora Regional de Ays\u00e9n, Rodrigo Araya Morales, Delegado Presidencial, y SEREMIS, servicios del agro y directores de diversas carteras ministeriales junto al alcalde de Coyhaique, quienes acompa\u00f1aron a los asistentes en este emotivo encuentro. Los representantes de organizaciones campesinas y pueblos originarios tambi\u00e9n tuvieron un rol protag\u00f3nico junto a Di\u00f3genes Cay\u00fan Anticura, Presidente del CAR (Consejo Asesor Regional de INDAP), ofreciendo un discurso en representaci\u00f3n de las organizaciones campesinas.<\/p>\n<p style=\"text-align: justify;\">\u201cEstamos muy contentos de compartir una vez m\u00e1s con las y los campesinos de la regi\u00f3n de Ays\u00e9n en la celebraci\u00f3n de su d\u00eda. A trav\u00e9s de la sinergia que tenemos desde las instituciones del agro con el mundo campesino, nos ha permitido ir avanzando, entregando soluciones, nuevas estrategias considerando la adaptaci\u00f3n al cambio clim\u00e1tico y ocup\u00e1ndonos de sus necesidades para trabajar en conjunto por el fortalecimiento de la agricultura familiar campesina\u201d, sostuvo en el encuentro el seremi de Agricultura, Eugenio Ruiz Espinoza.<\/p>\n<p style=\"text-align: justify;\">En la instancia, se rindi\u00f3 homenaje a destacadas campesinas y campesinos de la regi\u00f3n, quienes fueron reconocidos por INDAP en su d\u00eda por su invaluable aporte al desarrollo agr\u00edcola. Desde Chile Chico, Amalia del Carmen Jara M\u00e1rquez y F\u00e9lix Arist\u00f3bulo Avil\u00e9s Pinilla fueron galardonados por su dedicaci\u00f3n ejemplar. Provenientes de Cochrane, Leonora Brunett Campos Olivales y Marcelo Iv\u00e1n Rodr\u00edguez Reyes recibieron un merecido reconocimiento por su incansable trabajo. Provenientes de Puerto Ays\u00e9n, Bernardita Lagos Rebolledo y Ad\u00e1n Mart\u00ednez Mart\u00ednez fueron homenajeados por su perseverancia y esfuerzo. Desde Puerto Ib\u00e1\u00f1ez, Patricia Alarc\u00f3n Bustos y Esteban Reyes Rivas fueron destacados por su notable labor. Originarios de La Junta, Senalia Andrea S\u00e1ez Navarrete y Linardo Alfredo Schmidt Hornig fueron felicitados por su compromiso con la tierra. Finalmente, desde Coyhaique, Mar\u00eda Martina Cay\u00fan y Donesio Aguilar Cadagan fueron celebrados por su dedicaci\u00f3n y pasi\u00f3n por la agricultura familiar campesina.<\/p>\n<p style=\"text-align: justify;\">La celebraci\u00f3n no solo se limit\u00f3 a reconocimientos, sino que tambi\u00e9n incluy\u00f3 un espect\u00e1culo cultural con la presentaci\u00f3n del grupo Los del San Lorenzo desde Cochrane, quienes deleitaron a los presentes con su m\u00fasica tradicional, rememorando las ra\u00edces campesinas que definen la identidad de la regi\u00f3n. Otras actividades programadas fueron la preparaci\u00f3n de una \u201ctorta tropera\u201d a la usanza tradicional en cuero de cordero y frita en el fog\u00f3n, truco femenino, intercambio de semillas ancestrales, exposici\u00f3n de productos agropecuarios, una muestra tecnol\u00f3gica y una charla introductoria a la ceremonia sobre sustentabilidad, a cargo de Magdalena Mansilla, entre otras actividades centradas en los intereses de las campesinas y campesinos asistentes.<\/p>\n<p style=\"text-align: justify;\">Uno de los anuncios m\u00e1s esperados del d\u00eda fue la firma del convenio de financiamiento FNDR para el programa \u00abConectividad F\u00edsica para la Agricultura Familiar Campesina en la Regi\u00f3n de Ays\u00e9n\u00bb. Este proyecto, que contar\u00e1 con un presupuesto de $4.261.700.000, beneficiar\u00e1 a agricultores y agricultoras de la regi\u00f3n, mejorando la infraestructura de caminos intraprediales, vitales para el desarrollo y sustentabilidad de la agricultura familiar campesina e ind\u00edgena en Ays\u00e9n. Asimismo, la Gobernadora Regional, Andrea Mac\u00edas Palma, enfatiz\u00f3 la relevancia de que instituciones como INDAP puedan recibir el respaldo del 8% del Fondo Nacional de Desarrollo Regional (FNDR), a trav\u00e9s del concurso de Vinculaci\u00f3n con la Comunidad. Este aporte ha sido fundamental para el desarrollo y organizaci\u00f3n de esta festividad en la Regi\u00f3n de Ays\u00e9n, fortaleciendo la conexi\u00f3n entre la comunidad y sus tradiciones campesinas. Respecto al desarrollo del mundo rural y su futuro en la juventud, la m\u00e1xima autoridad regional destac\u00f3: \u201chay distintas l\u00edneas de trabajo con distintos servicios del agro que se est\u00e1n llevando adelante. Queremos que nuestros j\u00f3venes puedan quedarse en el campo y que este trabajo sea valorado, porque el campo tiene una riqueza que no est\u00e1 en otro lugar\u201d.<\/p>\n<p style=\"text-align: justify;\">Este d\u00eda, que celebra la nobleza del trabajo campesino y la importancia de mantener vivas nuestras ra\u00edces, nos invita a reflexionar sobre el valioso aporte de quienes, con su esfuerzo, sostienen la agricultura familiar campesina e ind\u00edgena y garantizan nuestro acceso a alimentos frescos y saludables. INDAP, comprometido con el desarrollo rural y la sustentabilidad, seguir\u00e1 trabajando para que cada campesino y campesina de Ays\u00e9n cuente con las herramientas necesarias para enfrentar los desaf\u00edos del presente y del futuro.<\/p>\n<\/div><\/section><\/div><div  style='height:50px' class='hr hr-invisible   avia-builder-el-6  el_after_av_one_full  el_before_av_social_share '><span class='hr-inner ' ><span class='hr-inner-style'><\/span><\/span><\/div><\/p>\n<div  class='av-social-sharing-box  avia-builder-el-7  el_after_av_hr  el_before_av_hr  '><div class='av-share-box'><h5 class='av-share-link-description av-no-toc '>Compartir esta noticia<\/h5><ul class='av-share-box-list noLightbox'><li class='av-share-link av-social-link-facebook' ><a target=\"_blank\" aria-label=\"Compartir en Facebook\" href='https:\/\/www.facebook.com\/sharer.php?u=https:\/\/radiorevelacionfm.cl\/?p=45444&#038;t=Celebraci%C3%B3n%20del%20D%C3%ADa%20de%20la%20Campesina%20y%20el%20Campesino%202024%3A%20INDAP%20realiza%20reconocimiento%20a%20la%20sabidur%C3%ADa%20y%20tradici%C3%B3n%20rural%20aysenina' aria-hidden='false' data-av_icon='\ue8f3' data-av_iconfont='entypo-fontello' title='' data-avia-related-tooltip='Compartir en Facebook' rel=\"noopener\"><span class='avia_hidden_link_text'>Compartir en Facebook<\/span><\/a><\/li><li class='av-share-link av-social-link-twitter' ><a target=\"_blank\" aria-label=\"Compartir en Twitter\" href='https:\/\/twitter.com\/share?text=Celebraci%C3%B3n%20del%20D%C3%ADa%20de%20la%20Campesina%20y%20el%20Campesino%202024%3A%20INDAP%20realiza%20reconocimiento%20a%20la%20sabidur%C3%ADa%20y%20tradici%C3%B3n%20rural%20aysenina&#038;url=https:\/\/radiorevelacionfm.cl\/?p=45444' aria-hidden='false' data-av_icon='\ue8f1' data-av_iconfont='entypo-fontello' title='' data-avia-related-tooltip='Compartir en Twitter' rel=\"noopener\"><span class='avia_hidden_link_text'>Compartir en Twitter<\/span><\/a><\/li><li class='av-share-link av-social-link-whatsapp' ><a target=\"_blank\" aria-label=\"Compartir en Whatsapp\" href='https:\/\/api.whatsapp.com\/send?text=https:\/\/radiorevelacionfm.cl\/?p=45444' aria-hidden='false' data-av_icon='\uf232' data-av_iconfont='entypo-fontello' title='' data-avia-related-tooltip='Compartir en Whatsapp' rel=\"noopener\"><span class='avia_hidden_link_text'>Compartir en Whatsapp<\/span><\/a><\/li><li class='av-share-link av-social-link-linkedin' ><a target=\"_blank\" aria-label=\"Compartir en LinkedIn\" href='https:\/\/linkedin.com\/shareArticle?mini=true&#038;title=Celebraci%C3%B3n%20del%20D%C3%ADa%20de%20la%20Campesina%20y%20el%20Campesino%202024%3A%20INDAP%20realiza%20reconocimiento%20a%20la%20sabidur%C3%ADa%20y%20tradici%C3%B3n%20rural%20aysenina&#038;url=https:\/\/radiorevelacionfm.cl\/?p=45444' aria-hidden='false' data-av_icon='\ue8fc' data-av_iconfont='entypo-fontello' title='' data-avia-related-tooltip='Compartir en LinkedIn' rel=\"noopener\"><span class='avia_hidden_link_text'>Compartir en LinkedIn<\/span><\/a><\/li><li class='av-share-link av-social-link-mail' ><a  aria-label=\"Compartir por correo\" href='mailto:?subject=Celebraci%C3%B3n%20del%20D%C3%ADa%20de%20la%20Campesina%20y%20el%20Campesino%202024%3A%20INDAP%20realiza%20reconocimiento%20a%20la%20sabidur%C3%ADa%20y%20tradici%C3%B3n%20rural%20aysenina&#038;body=https:\/\/radiorevelacionfm.cl\/?p=45444' aria-hidden='false' data-av_icon='\ue805' data-av_iconfont='entypo-fontello' title='' data-avia-related-tooltip='Compartir por correo'><span class='avia_hidden_link_text'>Compartir por correo<\/span><\/a><\/li><\/ul><\/div><\/div>\n<div  style='height:50px' class='hr hr-invisible   avia-builder-el-8  el_after_av_social_share  el_before_av_comments_list '><span class='hr-inner ' ><span class='hr-inner-style'><\/span><\/span><\/div>\n<div  class='av-buildercomment  av-blog-meta-html-info-disabled av-blog-meta-tag-disabled  '><\/div>\n","protected":false},"excerpt":{"rendered":"","protected":false},"author":1,"featured_media":45445,"comment_status":"open","ping_status":"open","sticky":false,"template":"","format":"standard","meta":{"footnotes":""},"categories":[58],"tags":[],"class_list":["post-45444","post","type-post","status-publish","format-standard","has-post-thumbnail","hentry","category-agricultura"],"jetpack_featured_media_url":"https:\/\/radiorevelacionfm.cl\/wp-content\/uploads\/2024\/08\/img_1741-1_optimized.jpg","_links":{"self":[{"href":"https:\/\/radiorevelacionfm.cl\/index.php?rest_route=\/wp\/v2\/posts\/45444","targetHints":{"allow":["GET"]}}],"collection":[{"href":"https:\/\/radiorevelacionfm.cl\/index.php?rest_route=\/wp\/v2\/posts"}],"about":[{"href":"https:\/\/radiorevelacionfm.cl\/index.php?rest_route=\/wp\/v2\/types\/post"}],"author":[{"embeddable":true,"href":"https:\/\/radiorevelacionfm.cl\/index.php?rest_route=\/wp\/v2\/users\/1"}],"replies":[{"embeddable":true,"href":"https:\/\/radiorevelacionfm.cl\/index.php?rest_route=%2Fwp%2Fv2%2Fcomments&post=45444"}],"version-history":[{"count":1,"href":"https:\/\/radiorevelacionfm.cl\/index.php?rest_route=\/wp\/v2\/posts\/45444\/revisions"}],"predecessor-version":[{"id":45446,"href":"https:\/\/radiorevelacionfm.cl\/index.php?rest_route=\/wp\/v2\/posts\/45444\/revisions\/45446"}],"wp:featuredmedia":[{"embeddable":true,"href":"https:\/\/radiorevelacionfm.cl\/index.php?rest_route=\/wp\/v2\/media\/45445"}],"wp:attachment":[{"href":"https:\/\/radiorevelacionfm.cl\/index.php?rest_route=%2Fwp%2Fv2%2Fmedia&parent=45444"}],"wp:term":[{"taxonomy":"category","embeddable":true,"href":"https:\/\/radiorevelacionfm.cl\/index.php?rest_route=%2Fwp%2Fv2%2Fcategories&post=45444"},{"taxonomy":"post_tag","embeddable":true,"href":"https:\/\/radiorevelacionfm.cl\/index.php?rest_route=%2Fwp%2Fv2%2Ftags&post=45444"}],"curies":[{"name":"wp","href":"https:\/\/api.w.org\/{rel}","templated":true}]}}