{"id":45441,"date":"2024-08-25T16:51:46","date_gmt":"2024-08-25T19:51:46","guid":{"rendered":"https:\/\/radiorevelacionfm.cl\/?p=45441"},"modified":"2024-08-25T16:51:46","modified_gmt":"2024-08-25T19:51:46","slug":"cambio-de-hora-cuando-se-cambia-la-hora-para-dar-paso-al-horario-de-verano-en-chile","status":"publish","type":"post","link":"https:\/\/radiorevelacionfm.cl\/?p=45441","title":{"rendered":"Cambio de hora: \u00bfCu\u00e1ndo se cambia la hora para dar paso al horario de verano en Chile?"},"content":{"rendered":"<div class=\"flex_column av_one_full  flex_column_div av-zero-column-padding first  avia-builder-el-0  el_before_av_one_full  avia-builder-el-first  \" style='border-radius:0px; '><div  class='avia-image-container  av-styling-    avia-builder-el-1  avia-builder-el-no-sibling  avia-align-center '  itemprop=\"image\" itemscope=\"itemscope\" itemtype=\"https:\/\/schema.org\/ImageObject\"  ><div class='avia-image-container-inner'><div class='avia-image-overlay-wrap'><img decoding=\"async\" class='wp-image-45442 avia-img-lazy-loading-not-45442 avia_image' src=\"https:\/\/radiorevelacionfm.cl\/wp-content\/uploads\/2024\/08\/cambio-hora-verano-2024.jpg__1440x2000_q70_subsampling-2-1-1.jpg\" alt='' title='cambio-hora-verano-2024.jpg__1440x2000_q70_subsampling-2 (1) (1)' height=\"600\" width=\"1167\"  itemprop=\"thumbnailUrl\" srcset=\"https:\/\/radiorevelacionfm.cl\/wp-content\/uploads\/2024\/08\/cambio-hora-verano-2024.jpg__1440x2000_q70_subsampling-2-1-1.jpg 1167w, https:\/\/radiorevelacionfm.cl\/wp-content\/uploads\/2024\/08\/cambio-hora-verano-2024.jpg__1440x2000_q70_subsampling-2-1-1-300x154.jpg 300w, https:\/\/radiorevelacionfm.cl\/wp-content\/uploads\/2024\/08\/cambio-hora-verano-2024.jpg__1440x2000_q70_subsampling-2-1-1-1030x530.jpg 1030w, https:\/\/radiorevelacionfm.cl\/wp-content\/uploads\/2024\/08\/cambio-hora-verano-2024.jpg__1440x2000_q70_subsampling-2-1-1-768x395.jpg 768w, https:\/\/radiorevelacionfm.cl\/wp-content\/uploads\/2024\/08\/cambio-hora-verano-2024.jpg__1440x2000_q70_subsampling-2-1-1-705x362.jpg 705w, https:\/\/radiorevelacionfm.cl\/wp-content\/uploads\/2024\/08\/cambio-hora-verano-2024.jpg__1440x2000_q70_subsampling-2-1-1-450x231.jpg 450w, https:\/\/radiorevelacionfm.cl\/wp-content\/uploads\/2024\/08\/cambio-hora-verano-2024.jpg__1440x2000_q70_subsampling-2-1-1-600x308.jpg 600w\" sizes=\"(max-width: 1167px) 100vw, 1167px\" \/><\/div><\/div><\/div><\/div><div class=\"flex_column av_one_full  flex_column_div av-zero-column-padding first  avia-builder-el-2  el_after_av_one_full  el_before_av_one_full  column-top-margin\" style='border-radius:0px; '><section class=\"av_textblock_section \"  itemscope=\"itemscope\" itemtype=\"https:\/\/schema.org\/BlogPosting\" itemprop=\"blogPost\" ><div class='avia_textblock  '   itemprop=\"text\" ><p style=\"text-align: center;\"><strong><span style=\"font-size: 18pt;\">Cambio de hora: \u00bfCu\u00e1ndo se cambia la hora para dar paso al horario de verano en Chile?<\/span><\/strong><\/p>\n<div id=\"gtx-trans\" style=\"position: absolute; left: -50px; top: 4.31534px;\">\n<div class=\"gtx-trans-icon\"><\/div>\n<\/div>\n<\/div><\/section><\/div><div class=\"flex_column av_one_full  flex_column_div av-zero-column-padding first  avia-builder-el-4  el_after_av_one_full  el_before_av_hr  column-top-margin\" style='border-radius:0px; '><section class=\"av_textblock_section \"  itemscope=\"itemscope\" itemtype=\"https:\/\/schema.org\/BlogPosting\" itemprop=\"blogPost\" ><div class='avia_textblock  '   itemprop=\"text\" ><p style=\"text-align: justify;\">En septiembre se llevar\u00e1 a cabo el cambio de hora para pasar al horario de verano, tal como ocurre cada a\u00f1o.<\/p>\n<p style=\"text-align: justify;\">Revisa a continuaci\u00f3n\u00a0qu\u00e9 d\u00eda se cambian los relojes\u00a0a la hora de verano y si se atrasa o adelanta.<\/p>\n<p style=\"text-align: justify;\"><strong>\u00bfCu\u00e1ndo se cambia la hora al horario de verano 2024?<\/strong><\/p>\n<p style=\"text-align: justify;\">El cambio de hora para pasar al horario de verano 2024 se debe realizar el\u00a0s\u00e1bado 7 de septiembre.<\/p>\n<p style=\"text-align: justify;\"><strong>El d\u00eda s\u00e1bado 7 de septiembre\u00a0los relojes se deber\u00e1n adelantar en 60 minutos<\/strong>\u00a0cuando estos marquen las 23:59 en Chile Continental.<\/p>\n<p style=\"text-align: justify;\">En el caso de la Regi\u00f3n de Magallanes y el Territorio Chileno Ant\u00e1rtico, se mantendr\u00e1 el mismo huso horario actual, por lo que no deber\u00e1n modificar los relojes.<\/p>\n<p style=\"text-align: justify;\">Cambio de hora en Isla de Pascua e Isla Salas y G\u00f3mez<\/p>\n<p style=\"text-align: justify;\">El\u00a0<a href=\"https:\/\/www.bcn.cl\/leychile\/navegar?i=1179983\">cambio de hora<\/a>\u00a0en Isla de Pascua e Isla Salas y G\u00f3mez se deber\u00e1 llevar a cabo el 7 de septiembre\u00a0a las 22:00 horas\u00a0(hora local).<\/p>\n<p style=\"text-align: justify;\">De esta manera, los relojes\u00a0deber\u00e1n adelantarse hasta las 23:00 horas\u00a0de ese d\u00eda en Chile Insular Occidental.<\/p>\n<\/div><\/section><\/div><div  style='height:50px' class='hr hr-invisible   avia-builder-el-6  el_after_av_one_full  el_before_av_social_share '><span class='hr-inner ' ><span class='hr-inner-style'><\/span><\/span><\/div><\/p>\n<div  class='av-social-sharing-box  avia-builder-el-7  el_after_av_hr  el_before_av_hr  '><div class='av-share-box'><h5 class='av-share-link-description av-no-toc '>Compartir esta noticia<\/h5><ul class='av-share-box-list noLightbox'><li class='av-share-link av-social-link-facebook' ><a target=\"_blank\" aria-label=\"Compartir en Facebook\" href='https:\/\/www.facebook.com\/sharer.php?u=https:\/\/radiorevelacionfm.cl\/?p=45441&#038;t=Cambio%20de%20hora%3A%20%C2%BFCu%C3%A1ndo%20se%20cambia%20la%20hora%20para%20dar%20paso%20al%20horario%20de%20verano%20en%20Chile%3F' aria-hidden='false' data-av_icon='\ue8f3' data-av_iconfont='entypo-fontello' title='' data-avia-related-tooltip='Compartir en Facebook' rel=\"noopener\"><span class='avia_hidden_link_text'>Compartir en Facebook<\/span><\/a><\/li><li class='av-share-link av-social-link-twitter' ><a target=\"_blank\" aria-label=\"Compartir en Twitter\" href='https:\/\/twitter.com\/share?text=Cambio%20de%20hora%3A%20%C2%BFCu%C3%A1ndo%20se%20cambia%20la%20hora%20para%20dar%20paso%20al%20horario%20de%20verano%20en%20Chile%3F&#038;url=https:\/\/radiorevelacionfm.cl\/?p=45441' aria-hidden='false' data-av_icon='\ue8f1' data-av_iconfont='entypo-fontello' title='' data-avia-related-tooltip='Compartir en Twitter' rel=\"noopener\"><span class='avia_hidden_link_text'>Compartir en Twitter<\/span><\/a><\/li><li class='av-share-link av-social-link-whatsapp' ><a target=\"_blank\" aria-label=\"Compartir en Whatsapp\" href='https:\/\/api.whatsapp.com\/send?text=https:\/\/radiorevelacionfm.cl\/?p=45441' aria-hidden='false' data-av_icon='\uf232' data-av_iconfont='entypo-fontello' title='' data-avia-related-tooltip='Compartir en Whatsapp' rel=\"noopener\"><span class='avia_hidden_link_text'>Compartir en Whatsapp<\/span><\/a><\/li><li class='av-share-link av-social-link-linkedin' ><a target=\"_blank\" aria-label=\"Compartir en LinkedIn\" href='https:\/\/linkedin.com\/shareArticle?mini=true&#038;title=Cambio%20de%20hora%3A%20%C2%BFCu%C3%A1ndo%20se%20cambia%20la%20hora%20para%20dar%20paso%20al%20horario%20de%20verano%20en%20Chile%3F&#038;url=https:\/\/radiorevelacionfm.cl\/?p=45441' aria-hidden='false' data-av_icon='\ue8fc' data-av_iconfont='entypo-fontello' title='' data-avia-related-tooltip='Compartir en LinkedIn' rel=\"noopener\"><span class='avia_hidden_link_text'>Compartir en LinkedIn<\/span><\/a><\/li><li class='av-share-link av-social-link-mail' ><a  aria-label=\"Compartir por correo\" href='mailto:?subject=Cambio%20de%20hora%3A%20%C2%BFCu%C3%A1ndo%20se%20cambia%20la%20hora%20para%20dar%20paso%20al%20horario%20de%20verano%20en%20Chile%3F&#038;body=https:\/\/radiorevelacionfm.cl\/?p=45441' aria-hidden='false' data-av_icon='\ue805' data-av_iconfont='entypo-fontello' title='' data-avia-related-tooltip='Compartir por correo'><span class='avia_hidden_link_text'>Compartir por correo<\/span><\/a><\/li><\/ul><\/div><\/div>\n<div  style='height:50px' class='hr hr-invisible   avia-builder-el-8  el_after_av_social_share  el_before_av_comments_list '><span class='hr-inner ' ><span class='hr-inner-style'><\/span><\/span><\/div>\n<div  class='av-buildercomment  av-blog-meta-html-info-disabled av-blog-meta-tag-disabled  '><\/div>\n","protected":false},"excerpt":{"rendered":"","protected":false},"author":1,"featured_media":45442,"comment_status":"open","ping_status":"open","sticky":false,"template":"","format":"standard","meta":{"footnotes":""},"categories":[61],"tags":[],"class_list":["post-45441","post","type-post","status-publish","format-standard","has-post-thumbnail","hentry","category-nacional"],"jetpack_featured_media_url":"https:\/\/radiorevelacionfm.cl\/wp-content\/uploads\/2024\/08\/cambio-hora-verano-2024.jpg__1440x2000_q70_subsampling-2-1-1.jpg","_links":{"self":[{"href":"https:\/\/radiorevelacionfm.cl\/index.php?rest_route=\/wp\/v2\/posts\/45441","targetHints":{"allow":["GET"]}}],"collection":[{"href":"https:\/\/radiorevelacionfm.cl\/index.php?rest_route=\/wp\/v2\/posts"}],"about":[{"href":"https:\/\/radiorevelacionfm.cl\/index.php?rest_route=\/wp\/v2\/types\/post"}],"author":[{"embeddable":true,"href":"https:\/\/radiorevelacionfm.cl\/index.php?rest_route=\/wp\/v2\/users\/1"}],"replies":[{"embeddable":true,"href":"https:\/\/radiorevelacionfm.cl\/index.php?rest_route=%2Fwp%2Fv2%2Fcomments&post=45441"}],"version-history":[{"count":1,"href":"https:\/\/radiorevelacionfm.cl\/index.php?rest_route=\/wp\/v2\/posts\/45441\/revisions"}],"predecessor-version":[{"id":45443,"href":"https:\/\/radiorevelacionfm.cl\/index.php?rest_route=\/wp\/v2\/posts\/45441\/revisions\/45443"}],"wp:featuredmedia":[{"embeddable":true,"href":"https:\/\/radiorevelacionfm.cl\/index.php?rest_route=\/wp\/v2\/media\/45442"}],"wp:attachment":[{"href":"https:\/\/radiorevelacionfm.cl\/index.php?rest_route=%2Fwp%2Fv2%2Fmedia&parent=45441"}],"wp:term":[{"taxonomy":"category","embeddable":true,"href":"https:\/\/radiorevelacionfm.cl\/index.php?rest_route=%2Fwp%2Fv2%2Fcategories&post=45441"},{"taxonomy":"post_tag","embeddable":true,"href":"https:\/\/radiorevelacionfm.cl\/index.php?rest_route=%2Fwp%2Fv2%2Ftags&post=45441"}],"curies":[{"name":"wp","href":"https:\/\/api.w.org\/{rel}","templated":true}]}}