{"id":45438,"date":"2024-08-26T16:16:29","date_gmt":"2024-08-26T19:16:29","guid":{"rendered":"https:\/\/radiorevelacionfm.cl\/?p=45438"},"modified":"2024-08-26T16:16:29","modified_gmt":"2024-08-26T19:16:29","slug":"sistema-de-admision-escolar-sae-mineduc-recuerda-a-las-familias-descargar-el-comprobante-para-asegurar-el-envio-de-la-postulacion","status":"publish","type":"post","link":"https:\/\/radiorevelacionfm.cl\/?p=45438","title":{"rendered":"Sistema de Admisi\u00f3n Escolar (SAE): Mineduc recuerda a las familias descargar el comprobante para asegurar el env\u00edo de la postulaci\u00f3n"},"content":{"rendered":"<div class=\"flex_column av_one_full  flex_column_div av-zero-column-padding first  avia-builder-el-0  el_before_av_one_full  avia-builder-el-first  \" style='border-radius:0px; '><div  class='avia-image-container  av-styling-    avia-builder-el-1  avia-builder-el-no-sibling  avia-align-center '  itemprop=\"image\" itemscope=\"itemscope\" itemtype=\"https:\/\/schema.org\/ImageObject\"  ><div class='avia-image-container-inner'><div class='avia-image-overlay-wrap'><img decoding=\"async\" class='wp-image-45439 avia-img-lazy-loading-not-45439 avia_image' src=\"https:\/\/radiorevelacionfm.cl\/wp-content\/uploads\/2024\/08\/SAE-descargar-el-comprobante-1-1.jpg\" alt='' title='SAE descargar el comprobante (1) (1)' height=\"600\" width=\"1000\"  itemprop=\"thumbnailUrl\" srcset=\"https:\/\/radiorevelacionfm.cl\/wp-content\/uploads\/2024\/08\/SAE-descargar-el-comprobante-1-1.jpg 1000w, https:\/\/radiorevelacionfm.cl\/wp-content\/uploads\/2024\/08\/SAE-descargar-el-comprobante-1-1-300x180.jpg 300w, https:\/\/radiorevelacionfm.cl\/wp-content\/uploads\/2024\/08\/SAE-descargar-el-comprobante-1-1-768x461.jpg 768w, https:\/\/radiorevelacionfm.cl\/wp-content\/uploads\/2024\/08\/SAE-descargar-el-comprobante-1-1-705x423.jpg 705w, https:\/\/radiorevelacionfm.cl\/wp-content\/uploads\/2024\/08\/SAE-descargar-el-comprobante-1-1-450x270.jpg 450w, https:\/\/radiorevelacionfm.cl\/wp-content\/uploads\/2024\/08\/SAE-descargar-el-comprobante-1-1-600x360.jpg 600w\" sizes=\"(max-width: 1000px) 100vw, 1000px\" \/><\/div><\/div><\/div><\/div><div class=\"flex_column av_one_full  flex_column_div av-zero-column-padding first  avia-builder-el-2  el_after_av_one_full  el_before_av_one_full  column-top-margin\" style='border-radius:0px; '><section class=\"av_textblock_section \"  itemscope=\"itemscope\" itemtype=\"https:\/\/schema.org\/BlogPosting\" itemprop=\"blogPost\" ><div class='avia_textblock  '   itemprop=\"text\" ><p style=\"text-align: center;\"><span style=\"font-size: 18pt;\"><b>Sistema de Admisi\u00f3n Escolar (SAE): Mineduc recuerda a las familias descargar el comprobante para asegurar el env\u00edo de la postulaci\u00f3n<\/b><\/span><\/p>\n<div id=\"gtx-trans\" style=\"position: absolute; left: -50px; top: 4.31534px;\">\n<div class=\"gtx-trans-icon\"><\/div>\n<\/div>\n<\/div><\/section><\/div><div class=\"flex_column av_one_full  flex_column_div av-zero-column-padding first  avia-builder-el-4  el_after_av_one_full  el_before_av_hr  column-top-margin\" style='border-radius:0px; '><section class=\"av_textblock_section \"  itemscope=\"itemscope\" itemtype=\"https:\/\/schema.org\/BlogPosting\" itemprop=\"blogPost\" ><div class='avia_textblock  '   itemprop=\"text\" ><p class=\"v1MsoNormal\" style=\"text-align: justify;\" align=\"center\"><i>M\u00e1s de 373 mil estudiantes de todo el pa\u00eds han postulado en estas dos semanas. Los apoderados pueden modificar su postulaci\u00f3n hasta las 14 horas del 30 de agosto, y si as\u00ed lo hicieran, deben volver a descargar el comprobante.<\/i><\/p>\n<p class=\"v1MsoNormal\" style=\"text-align: justify;\">Hasta el 30 de agosto, a las 14:00 horas, hay plazo para que las familias postulen a establecimientos educacionales a trav\u00e9s del Sistema de Admisi\u00f3n Escolar (SAE), la plataforma del Ministerio de Educaci\u00f3n para obtener un cupo en la educaci\u00f3n p\u00fablica o particular subvencionada.<\/p>\n<p class=\"v1MsoNormal\" style=\"text-align: justify;\">En estas dos semanas ya han postulado m\u00e1s de 373 mil estudiantes. Para hacerlo, los apoderados deben ingresar al sitio web\u00a0<u><a href=\"http:\/\/www.sistemadeadmisionescolar.cl\/\" target=\"_blank\" rel=\"noopener noreferrer\">www.sistemadeadmisionescolar.cl<\/a><\/u>\u00a0con sus datos, buscar los establecimientos que sean de su inter\u00e9s, marcando idealmente al menos a seis de estos, ordenarlos seg\u00fan sus preferencias y enviar la postulaci\u00f3n haciendo clic en el bot\u00f3n \u00abenviar postulaci\u00f3n\u00bb.<\/p>\n<p class=\"v1MsoNormal\" style=\"text-align: justify;\">Cuando hagan clic en \u00abaceptar\u00bb, la postulaci\u00f3n estar\u00e1 enviada, pero el Mineduc recuerda a las familias que deben descargar su comprobante del proceso, con todos los datos. Este paso asegura que el proceso haya sido realizado correctamente.<\/p>\n<p class=\"v1MsoNormal\" style=\"text-align: justify;\">Pese a esto \u00faltimo, las familias pueden seguir modificando su postulaci\u00f3n hasta el 30 de agosto a las 14:00 horas. Si as\u00ed lo hicieran, deben enviar nuevamente su postulaci\u00f3n y volver a descargar el comprobante, el que asegura que la postulaci\u00f3n fue enviada.<\/p>\n<p class=\"v1MsoNormal\" style=\"text-align: justify;\">Cuando venza el plazo, se cerrar\u00e1 el proceso principal de postulaci\u00f3n y comenzar\u00e1 la asignaci\u00f3n de cupos, cuyos resultados se conocer\u00e1n el 17 de octubre. Luego habr\u00e1 un per\u00edodo complementario de postulaci\u00f3n, entre el 5 y 22 de noviembre, y las matr\u00edculas ser\u00e1n entre el 5 y 13 de diciembre.<\/p>\n<p class=\"v1MsoNormal\" style=\"text-align: justify;\"><b>\u00abAn\u00f3tate en la lista\u00bb<\/b><\/p>\n<p class=\"v1MsoNormal\" style=\"text-align: justify;\">Este a\u00f1o, el Mineduc implement\u00f3 la herramienta \u00abAn\u00f3tate en la Lista\u00bb, que permite a las familias que por distintos motivos no cuentan con un cupo (por ejemplo, por traslado de ciudad), solicitar una vacante en los establecimientos que deseen, para matricularse durante este a\u00f1o 2024.<\/p>\n<p class=\"v1MsoNormal\" style=\"text-align: justify;\">Esa lista de espera virtual o registro p\u00fablico de solicitudes estar\u00e1 vigente solo hasta el 4 de diciembre, justo antes de que comiencen las matr\u00edculas, por lo que el Mineduc recomienda a las familias que hayan usado la herramienta en las \u00faltimas semanas postular directamente en el SAE en este proceso en curso.<\/p>\n<\/div><\/section><\/div><div  style='height:50px' class='hr hr-invisible   avia-builder-el-6  el_after_av_one_full  el_before_av_social_share '><span class='hr-inner ' ><span class='hr-inner-style'><\/span><\/span><\/div><\/p>\n<div  class='av-social-sharing-box  avia-builder-el-7  el_after_av_hr  el_before_av_hr  '><div class='av-share-box'><h5 class='av-share-link-description av-no-toc '>Compartir esta noticia<\/h5><ul class='av-share-box-list noLightbox'><li class='av-share-link av-social-link-facebook' ><a target=\"_blank\" aria-label=\"Compartir en Facebook\" href='https:\/\/www.facebook.com\/sharer.php?u=https:\/\/radiorevelacionfm.cl\/?p=45438&#038;t=Sistema%20de%20Admisi%C3%B3n%20Escolar%20%28SAE%29%3A%20Mineduc%20recuerda%20a%20las%20familias%20descargar%20el%20comprobante%20para%20asegurar%20el%20env%C3%ADo%20de%20la%20postulaci%C3%B3n' aria-hidden='false' data-av_icon='\ue8f3' data-av_iconfont='entypo-fontello' title='' data-avia-related-tooltip='Compartir en Facebook' rel=\"noopener\"><span class='avia_hidden_link_text'>Compartir en Facebook<\/span><\/a><\/li><li class='av-share-link av-social-link-twitter' ><a target=\"_blank\" aria-label=\"Compartir en Twitter\" href='https:\/\/twitter.com\/share?text=Sistema%20de%20Admisi%C3%B3n%20Escolar%20%28SAE%29%3A%20Mineduc%20recuerda%20a%20las%20familias%20descargar%20el%20comprobante%20para%20asegurar%20el%20env%C3%ADo%20de%20la%20postulaci%C3%B3n&#038;url=https:\/\/radiorevelacionfm.cl\/?p=45438' aria-hidden='false' data-av_icon='\ue8f1' data-av_iconfont='entypo-fontello' title='' data-avia-related-tooltip='Compartir en Twitter' rel=\"noopener\"><span class='avia_hidden_link_text'>Compartir en Twitter<\/span><\/a><\/li><li class='av-share-link av-social-link-whatsapp' ><a target=\"_blank\" aria-label=\"Compartir en Whatsapp\" href='https:\/\/api.whatsapp.com\/send?text=https:\/\/radiorevelacionfm.cl\/?p=45438' aria-hidden='false' data-av_icon='\uf232' data-av_iconfont='entypo-fontello' title='' data-avia-related-tooltip='Compartir en Whatsapp' rel=\"noopener\"><span class='avia_hidden_link_text'>Compartir en Whatsapp<\/span><\/a><\/li><li class='av-share-link av-social-link-linkedin' ><a target=\"_blank\" aria-label=\"Compartir en LinkedIn\" href='https:\/\/linkedin.com\/shareArticle?mini=true&#038;title=Sistema%20de%20Admisi%C3%B3n%20Escolar%20%28SAE%29%3A%20Mineduc%20recuerda%20a%20las%20familias%20descargar%20el%20comprobante%20para%20asegurar%20el%20env%C3%ADo%20de%20la%20postulaci%C3%B3n&#038;url=https:\/\/radiorevelacionfm.cl\/?p=45438' aria-hidden='false' data-av_icon='\ue8fc' data-av_iconfont='entypo-fontello' title='' data-avia-related-tooltip='Compartir en LinkedIn' rel=\"noopener\"><span class='avia_hidden_link_text'>Compartir en LinkedIn<\/span><\/a><\/li><li class='av-share-link av-social-link-mail' ><a  aria-label=\"Compartir por correo\" href='mailto:?subject=Sistema%20de%20Admisi%C3%B3n%20Escolar%20%28SAE%29%3A%20Mineduc%20recuerda%20a%20las%20familias%20descargar%20el%20comprobante%20para%20asegurar%20el%20env%C3%ADo%20de%20la%20postulaci%C3%B3n&#038;body=https:\/\/radiorevelacionfm.cl\/?p=45438' aria-hidden='false' data-av_icon='\ue805' data-av_iconfont='entypo-fontello' title='' data-avia-related-tooltip='Compartir por correo'><span class='avia_hidden_link_text'>Compartir por correo<\/span><\/a><\/li><\/ul><\/div><\/div>\n<div  style='height:50px' class='hr hr-invisible   avia-builder-el-8  el_after_av_social_share  el_before_av_comments_list '><span class='hr-inner ' ><span class='hr-inner-style'><\/span><\/span><\/div>\n<div  class='av-buildercomment  av-blog-meta-html-info-disabled av-blog-meta-tag-disabled  '><\/div>\n","protected":false},"excerpt":{"rendered":"","protected":false},"author":1,"featured_media":45439,"comment_status":"open","ping_status":"open","sticky":false,"template":"","format":"standard","meta":{"footnotes":""},"categories":[49],"tags":[],"class_list":["post-45438","post","type-post","status-publish","format-standard","has-post-thumbnail","hentry","category-educacion"],"jetpack_featured_media_url":"https:\/\/radiorevelacionfm.cl\/wp-content\/uploads\/2024\/08\/SAE-descargar-el-comprobante-1-1.jpg","_links":{"self":[{"href":"https:\/\/radiorevelacionfm.cl\/index.php?rest_route=\/wp\/v2\/posts\/45438","targetHints":{"allow":["GET"]}}],"collection":[{"href":"https:\/\/radiorevelacionfm.cl\/index.php?rest_route=\/wp\/v2\/posts"}],"about":[{"href":"https:\/\/radiorevelacionfm.cl\/index.php?rest_route=\/wp\/v2\/types\/post"}],"author":[{"embeddable":true,"href":"https:\/\/radiorevelacionfm.cl\/index.php?rest_route=\/wp\/v2\/users\/1"}],"replies":[{"embeddable":true,"href":"https:\/\/radiorevelacionfm.cl\/index.php?rest_route=%2Fwp%2Fv2%2Fcomments&post=45438"}],"version-history":[{"count":1,"href":"https:\/\/radiorevelacionfm.cl\/index.php?rest_route=\/wp\/v2\/posts\/45438\/revisions"}],"predecessor-version":[{"id":45440,"href":"https:\/\/radiorevelacionfm.cl\/index.php?rest_route=\/wp\/v2\/posts\/45438\/revisions\/45440"}],"wp:featuredmedia":[{"embeddable":true,"href":"https:\/\/radiorevelacionfm.cl\/index.php?rest_route=\/wp\/v2\/media\/45439"}],"wp:attachment":[{"href":"https:\/\/radiorevelacionfm.cl\/index.php?rest_route=%2Fwp%2Fv2%2Fmedia&parent=45438"}],"wp:term":[{"taxonomy":"category","embeddable":true,"href":"https:\/\/radiorevelacionfm.cl\/index.php?rest_route=%2Fwp%2Fv2%2Fcategories&post=45438"},{"taxonomy":"post_tag","embeddable":true,"href":"https:\/\/radiorevelacionfm.cl\/index.php?rest_route=%2Fwp%2Fv2%2Ftags&post=45438"}],"curies":[{"name":"wp","href":"https:\/\/api.w.org\/{rel}","templated":true}]}}