{"id":45430,"date":"2024-08-24T19:09:44","date_gmt":"2024-08-24T22:09:44","guid":{"rendered":"https:\/\/radiorevelacionfm.cl\/?p=45430"},"modified":"2024-08-24T19:09:44","modified_gmt":"2024-08-24T22:09:44","slug":"controversial-proyecto-pretende-incinerar-el-97-de-los-desechos-de-localidades-de-la-cuenca-del-general-carrera","status":"publish","type":"post","link":"https:\/\/radiorevelacionfm.cl\/?p=45430","title":{"rendered":"Controversial proyecto pretende incinerar el 97 % de los desechos de localidades de la cuenca del General Carrera"},"content":{"rendered":"<div class=\"flex_column av_one_full  flex_column_div av-zero-column-padding first  avia-builder-el-0  el_before_av_one_full  avia-builder-el-first  \" style='border-radius:0px; '><div  class='avia-image-container  av-styling-    avia-builder-el-1  avia-builder-el-no-sibling  avia-align-center '  itemprop=\"image\" itemscope=\"itemscope\" itemtype=\"https:\/\/schema.org\/ImageObject\"  ><div class='avia-image-container-inner'><div class='avia-image-overlay-wrap'><img decoding=\"async\" class='wp-image-45431 avia-img-lazy-loading-not-45431 avia_image' src=\"https:\/\/radiorevelacionfm.cl\/wp-content\/uploads\/2024\/08\/los-residuos-no-tratados-se-acumulan-dentro-y-fuera-del-vertedero-municipal-de-puerto-guadal-que-hoy-esta-cerrado-1_optimized.jpg\" alt='' title='los-residuos-no-tratados-se-acumulan-dentro-y-fuera-del-vertedero-municipal-de-puerto-guadal-que-hoy-est\u00e1-cerrado-(1)_optimized' height=\"600\" width=\"800\"  itemprop=\"thumbnailUrl\" srcset=\"https:\/\/radiorevelacionfm.cl\/wp-content\/uploads\/2024\/08\/los-residuos-no-tratados-se-acumulan-dentro-y-fuera-del-vertedero-municipal-de-puerto-guadal-que-hoy-esta-cerrado-1_optimized.jpg 800w, https:\/\/radiorevelacionfm.cl\/wp-content\/uploads\/2024\/08\/los-residuos-no-tratados-se-acumulan-dentro-y-fuera-del-vertedero-municipal-de-puerto-guadal-que-hoy-esta-cerrado-1_optimized-300x225.jpg 300w, https:\/\/radiorevelacionfm.cl\/wp-content\/uploads\/2024\/08\/los-residuos-no-tratados-se-acumulan-dentro-y-fuera-del-vertedero-municipal-de-puerto-guadal-que-hoy-esta-cerrado-1_optimized-768x576.jpg 768w, https:\/\/radiorevelacionfm.cl\/wp-content\/uploads\/2024\/08\/los-residuos-no-tratados-se-acumulan-dentro-y-fuera-del-vertedero-municipal-de-puerto-guadal-que-hoy-esta-cerrado-1_optimized-705x529.jpg 705w, https:\/\/radiorevelacionfm.cl\/wp-content\/uploads\/2024\/08\/los-residuos-no-tratados-se-acumulan-dentro-y-fuera-del-vertedero-municipal-de-puerto-guadal-que-hoy-esta-cerrado-1_optimized-450x338.jpg 450w, https:\/\/radiorevelacionfm.cl\/wp-content\/uploads\/2024\/08\/los-residuos-no-tratados-se-acumulan-dentro-y-fuera-del-vertedero-municipal-de-puerto-guadal-que-hoy-esta-cerrado-1_optimized-600x450.jpg 600w\" sizes=\"(max-width: 800px) 100vw, 800px\" \/><\/div><\/div><\/div><\/div>\n<div class=\"flex_column av_one_full  flex_column_div av-zero-column-padding first  avia-builder-el-2  el_after_av_one_full  el_before_av_one_full  column-top-margin\" style='border-radius:0px; '><section class=\"av_textblock_section \"  itemscope=\"itemscope\" itemtype=\"https:\/\/schema.org\/BlogPosting\" itemprop=\"blogPost\" ><div class='avia_textblock  '   itemprop=\"text\" ><p style=\"text-align: center;\"><strong><span style=\"font-size: 18pt;\">Controversial proyecto pretende incinerar el 97 % de los desechos de localidades de la cuenca del General Carrera<\/span><\/strong><\/p>\n<div id=\"gtx-trans\" style=\"position: absolute; left: -50px; top: 4.31534px;\">\n<div class=\"gtx-trans-icon\"><\/div>\n<\/div>\n<\/div><\/section><\/div><div class=\"flex_column av_one_full  flex_column_div av-zero-column-padding first  avia-builder-el-4  el_after_av_one_full  el_before_av_hr  column-top-margin\" style='border-radius:0px; '><section class=\"av_textblock_section \"  itemscope=\"itemscope\" itemtype=\"https:\/\/schema.org\/BlogPosting\" itemprop=\"blogPost\" ><div class='avia_textblock  '   itemprop=\"text\" ><p dir=\"ltr\" style=\"text-align: justify;\">El 8 de agosto, el alcalde de Chile Chico Luperciano Mu\u00f1oz Gonz\u00e1lez recibi\u00f3 dos noticias de parte del Estado.\u00a0 Como en el chiste, una buena y otra mala.<\/p>\n<p dir=\"ltr\" style=\"text-align: justify;\">La buena, el Servicio Electoral <a href=\"https:\/\/repodocacto.blob.core.windows.net\/public\/Aceptacion_rechazo_Candidatura2024\/15RESALC100824.pdf\" target=\"_blank\" rel=\"noopener noreferrer\">aceptaba su candidatura<\/a> a la <a href=\"https:\/\/repodocacto.blob.core.windows.net\/public\/Aceptacion_rechazo_Candidatura2024\/15ALCANEXO1100824.pdf\" target=\"_blank\" rel=\"noopener noreferrer\">alcald\u00eda de Coyhaique<\/a>.<\/p>\n<p dir=\"ltr\" style=\"text-align: justify;\">La mala, el Servicio de Evaluaci\u00f3n Ambiental de Ays\u00e9n le informaba que su propuesta de \u00absoluci\u00f3n\u00bb para los residuos s\u00f3lidos de gran parte de la cuenca del lago General Carrera, tambi\u00e9n conocida como Chelenko, era <a href=\"https:\/\/infofirma.sea.gob.cl\/DocumentosSEA\/MostrarDocumento?docId=2024\/08\/06\/7ccb-56bd-45c8-9bdf-64be639a8627\" target=\"_blank\" rel=\"noopener noreferrer\">declarada inadmisible<\/a>.<\/p>\n<p dir=\"ltr\" style=\"text-align: justify;\">En esta cr\u00f3nica, los detalles de una controversial iniciativa que plantea incinerar (en una tecnolog\u00eda denominada termodisociaci\u00f3n an\u00f3xica o TDA) desechos org\u00e1nicos, poda, pl\u00e1sticos, papel, cartones y todo material con poder calor\u00edfico proveniente de Puerto S\u00e1nchez, Bah\u00eda Murta y Puerto R\u00edo Tranquilo (comuna de R\u00edo Ib\u00e1\u00f1ez), y de Puerto Guadal, Puerto Bertrand y Mall\u00edn Grande (comuna de Chile Chico). En un territorio donde, esencialmente gracias a la organizaci\u00f3n comunitaria, se plantea una gesti\u00f3n responsable de los residuos en m\u00faltiples niveles: reducci\u00f3n, reutilizaci\u00f3n, reciclaje, y con miras a avanzar a las 7Rs con redise\u00f1o de los sistemas, junto a recuperaci\u00f3n, reparaci\u00f3n y renovaci\u00f3n de los bienes.<\/p>\n<p dir=\"ltr\" style=\"text-align: justify;\"><strong>Una controversial idea que avanza<\/strong><\/p>\n<p dir=\"ltr\" style=\"text-align: justify;\">En 2020, la Unidad de Proyectos de la Divisi\u00f3n de Presupuesto e Inversi\u00f3n Regional Gobierno Regional de Ays\u00e9n elabor\u00f3 el perfil \u00ab<a href=\"https:\/\/drive.google.com\/file\/d\/1Ocn6sbDG4zj7PGzfkEGXc8BAjyrCf2Hd\/view?usp=sharing\" target=\"_blank\" rel=\"noopener noreferrer\">Construcci\u00f3n Centro de Gesti\u00f3n de Residuos S\u00f3lidos<\/a>\u00bb que planteaba un centro de gesti\u00f3n bicomunal para los residuos generados en las seis localidades, ubicado en un predio de 45 hect\u00e1reas aleda\u00f1o al actual vertedero de Puerto Bertrand.<\/p>\n<p dir=\"ltr\" style=\"text-align: justify;\">El informe establec\u00eda que la propuesta de soluci\u00f3n deb\u00eda considerar \u00abel consumo responsable y la reducci\u00f3n de la generaci\u00f3n de residuos\u00bb, poniendo \u00aben pr\u00e1ctica medidas de prevenci\u00f3n&#8230; acciones sobre bolsas pl\u00e1sticas de un solo uso y envases pl\u00e1sticos\u00bb; \u00abrecolecci\u00f3n selectiva de materiales recuperables claramente definidos, los que ser\u00edan densificados y apropiadamente almacenados para su posterior transporte y comercializaci\u00f3n, minimizando intermediarios\u00bb; \u00abla utilizaci\u00f3n de composteras caseras para el tratamiento en origen de la fracci\u00f3n FORM para su posterior valorizaci\u00f3n secundaria\u00bb. Y \u00abrespecto a la infraestructura de disposici\u00f3n final se definir\u00e1n -bajo principios de sustentabilidad, racionalidad, proximidad, eficiencia y complementariedad- los sitios apropiados para ordenar los flujos de residuos\u00bb.<\/p>\n<p dir=\"ltr\" style=\"text-align: justify;\">La alternativa priorizada en este perfil contemplaba un fuerte \u00e9nfasis en infraestructura e instalaciones para el tratamiento en origen, con la disposici\u00f3n final como \u00faltima alternativa.<\/p>\n<p dir=\"ltr\" style=\"text-align: justify;\">En l\u00ednea con esta idea, el alcalde DC Ricardo Ibarra Valdebenito -quien hoy postula nuevamente al cargo- logr\u00f3 que a fines de 2020 el Gobierno Regional de Ays\u00e9n <a href=\"https:\/\/www.rln.cl\/destacado\/81378-comunas-chile-chico-ibanez-core-aprobo-recursos-para-diseno-de-centro-de-residuos-solidos-de-la-cuenca-del-lago\/\" target=\"_blank\" rel=\"noopener noreferrer\">aprobara 800 millones de pesos para adquirir las 45 hect\u00e1reas<\/a> mencionadas. Decisi\u00f3n en la cual la comunidad de Puerto Bertrand no tuvo mayor participaci\u00f3n, inform\u00e1ndose s\u00f3lo cuando se hizo p\u00fablica la adquisici\u00f3n.<\/p>\n<p dir=\"ltr\" style=\"text-align: justify;\">Esta materia tambi\u00e9n fue abordada en el <a href=\"https:\/\/drive.google.com\/file\/d\/1Qai450fu5D8ar05azxuynFS5JC03EW78\/view?usp=sharing\" target=\"_blank\" rel=\"noopener noreferrer\">Informe Final (2021) de la evaluaci\u00f3n a cinco a\u00f1os de la implementaci\u00f3n del \u00abPlan de Gesti\u00f3n de Residuos S\u00f3lidos Municipales 2015-2035\u00bb<\/a> del Gobierno Regional de Ays\u00e9n, donde se se\u00f1alaba que la alternativa para la cuenca del lago General Carrera \u00abse espera que en un mediano plazo de una soluci\u00f3n sustentable a la gesti\u00f3n de residuos de ambas comunas\u00bb.<\/p>\n<p dir=\"ltr\" style=\"text-align: justify;\">Con el terreno ya adquirido, se avanz\u00f3 en contratar una consultor\u00eda para elaborar el dise\u00f1o respectivo. Tras una <a href=\"https:\/\/www.mercadopublico.cl\/Procurement\/Modules\/RFB\/DetailsAcquisition.aspx?qs=H9vRJv9rEwbW81V5LecNtw==\" target=\"_blank\" rel=\"noopener noreferrer\">licitaci\u00f3n publicada en enero de 2023<\/a> por la administraci\u00f3n de Mu\u00f1oz, \u00e9sta se adjudic\u00f3 en marzo de ese a\u00f1o a Bioaqua, que tambi\u00e9n realiz\u00f3 el \u00abEstudio diagn\u00f3stico plan de Gesti\u00f3n de Residuos S\u00f3lidos Regi\u00f3n de Ays\u00e9n\u00bb por mandato del Gobierno Regional de Ays\u00e9n en 2012.<\/p>\n<p dir=\"ltr\" style=\"text-align: justify;\">Durante 2023 la consultora realiz\u00f3 el proceso de levantamiento de informaci\u00f3n y socializaci\u00f3n de la iniciativa.<\/p>\n<p dir=\"ltr\" style=\"text-align: justify;\">Ya en los t\u00e9rminos de referencia se se\u00f1alaba expresamente que \u00abel centro de gesti\u00f3n de residuos contemplar\u00e1 el procesamiento de los distintos tipos de residuos, evaluando la implementaci\u00f3n de una planta de transformaci\u00f3n o eliminaci\u00f3n de residuos, incorporando en la evaluaci\u00f3n distintas tecnolog\u00edas siendo una de ellas WtE (Waste to Energy), tambi\u00e9n se debe evaluar la incorporaci\u00f3n de compostaje de residuos org\u00e1nicos, recuperaci\u00f3n de materiales reciclables y disposici\u00f3n final de residuos, todo esto en una superficie total de 45 hect\u00e1reas\u00bb. Incluso se ponderaba con mayor puntaje a los proponentes que tuvieran experiencia en esta tecnolog\u00eda.<\/p>\n<p dir=\"ltr\" style=\"text-align: justify;\">Aunque son seis las localidades contempladas, la licitaci\u00f3n estipulaba s\u00f3lo una actividad de participaci\u00f3n ciudadana, en la cual se sometiera \u00aba consideraci\u00f3n de la comunidad los resultados obtenidos de manera preliminar en la L\u00ednea Base Ambiental y la propuesta t\u00e9cnica a nivel de anteproyecto\u00bb. \u00c9sta se realiz\u00f3 v\u00eda Zoom el 23 de enero de 2024, con la participaci\u00f3n de unas 15 personas (principalmente de Puerto Guadal, m\u00e1s algunas de Puerto Bertrand).<\/p>\n<p dir=\"ltr\" style=\"text-align: justify;\"><strong>El proyecto<\/strong><\/p>\n<p dir=\"ltr\" style=\"text-align: justify;\">Pero antes de ver c\u00f3mo ca\u00eda su Declaraci\u00f3n de Impacto Ambiental (DIA) el 8 de agosto, el municipio ya hab\u00eda tenido un tropez\u00f3n previo con el Servicio de Evaluaci\u00f3n Ambiental.<\/p>\n<p dir=\"ltr\" style=\"text-align: justify;\">El 10 de mayo el SEA declar\u00f3 desistida la <a href=\"https:\/\/pertinencia.sea.gob.cl\/api\/public\/expediente\/PERTI-2024-1654\" target=\"_blank\" rel=\"noopener noreferrer\">consulta de pertinencia<\/a> presentada el 15 de marzo por el gobierno comunal. En \u00e9sta, el municipio buscaba dilucidar si su propuesta de un \u00abCentro de Gesti\u00f3n de Residuos\u00bb deb\u00eda ingresar o no al Sistema de Evaluaci\u00f3n de Impacto Ambiental (SEIA). La autoridad ambiental <a href=\"https:\/\/drive.google.com\/file\/d\/1QdYT5gEzhK0RMPD2L6Bi3A2Uya236RI_\/view?usp=sharing\" target=\"_blank\" rel=\"noopener noreferrer\">tom\u00f3 la decisi\u00f3n<\/a> tras el silencio del proponente ante la <a href=\"https:\/\/drive.google.com\/file\/d\/1WC2G_JLtxMEMNhmlYYIMcan2FdIkmKkJ\/view?usp=sharing\" target=\"_blank\" rel=\"noopener noreferrer\">solicitud de mayores antecedentes<\/a> que se le exigieron.<\/p>\n<p dir=\"ltr\" style=\"text-align: justify;\">En la DIA es posible conocer el proyecto.<\/p>\n<p dir=\"ltr\" style=\"text-align: justify;\">Lo primero es la tecnolog\u00eda seleccionada: termodisociaci\u00f3n an\u00f3xica (TDA), que <a href=\"https:\/\/www.markco.tech\/es\/destructor#:~:text=La%20Termo%20Disociaci%C3%B3n%20An%C3%B3xica%20es,de%20ox%C3%ADgeno%2C%20aire%20o%20vapor.\" target=\"_blank\" rel=\"noopener noreferrer\">dicho en simple<\/a> -y seg\u00fan sus impulsores- es la \u00abdescomposici\u00f3n por term\u00f3lisis en una c\u00e1mara sellada bajo presi\u00f3n negativa, con un alto flujo t\u00e9rmico y una alta temperatura sin presencia de ox\u00edgeno, aire o vapor\u00bb. Por esto, insisten, el proceso no puede ser considerado \u00abincineraci\u00f3n\u00bb ni \u00abquema\u00bb de material sino de tratamiento o destrucci\u00f3n t\u00e9rmica.\u00a0 Esto, a pesar de que el propio alcalde <a href=\"https:\/\/www.facebook.com\/watch\/live\/?ref=watch_permalink&amp;v=1070729700171192\" target=\"_blank\" rel=\"noopener noreferrer\">se\u00f1al\u00f3 en marzo de 2022<\/a> que se trata de \u00abuna planta trituradora que a m\u00e1s de mil grados de calor va a quemar la basura sin generar contaminaci\u00f3n\u00bb. Y frente a la alternativa de separaci\u00f3n en origen para compostaje o botellas pl\u00e1sticas, el 29 de junio del mismo a\u00f1o dijo Mu\u00f1oz <a href=\"https:\/\/www.facebook.com\/ilustremunicipalidadchilechico\/videos\/727066581838222\/\" target=\"_blank\" rel=\"noopener noreferrer\">que<\/a> \u00abel tratamiento de que uno junta la cascarita de papa, el otro junta la latita, no sirve\u00bb.<\/p>\n<p dir=\"ltr\" style=\"text-align: justify;\">El sistema consistir\u00eda en incinerar los residuos org\u00e1nicos (de alimentos y podas), pl\u00e1sticos, tetrapack, cartones, papeles, y restos de residuos voluminosos combustionables, mientras que los desechos \u00absin poder calor\u00edfico que pueden ser reciclados (vidrio y metales)\u00bb ser\u00edan separados en puntos verdes en las propias localidades, los cuales se derivar\u00edan posteriormente al centro de gesti\u00f3n. Se calcula en que m\u00e1s de un 97 % del total de los desechos recolectados ser\u00edan incinerados.<\/p>\n<p dir=\"ltr\" style=\"text-align: justify;\">Los residuos transformados en escoria o ceniza \u00abse trasvasijar\u00e1n desde el contenedor a maxisacos, los cuales se trasladar\u00e1n a la zona de disposici\u00f3n de escorias del relleno sanitario con la ayuda de un minicargador\u00bb.<\/p>\n<p dir=\"ltr\" style=\"text-align: justify;\">Se contempla que los escombros tambi\u00e9n sean depositados en una zona especialmente habilitada, mientras que en el caso de los residuos voluminosos como \u00abmuebles y aparatos el\u00e9ctricos y electr\u00f3nicos de gran tama\u00f1o&#8230; ser\u00e1n retirados de los domicilios de las localidades objetivo\u00bb. Los elementos que no se combustionen y que \u00abpor su estado puedan ser reutilizados, ser\u00e1n derivados a reparaci\u00f3n y aqu\u00e9llos que no puedan ser reutilizados ser\u00e1n derivados a desarme\u00bb.<\/p>\n<p dir=\"ltr\" style=\"text-align: justify;\">El proceso de combusti\u00f3n generar\u00eda un gas que ser\u00eda \u00abextra\u00eddo inmediatamente de la unidad Blue Box mediante un turbo-extractor, pasa a trav\u00e9s de un filtro cicl\u00f3nico para remover las part\u00edculas volantes y es inyectado a un quemador del tipo Hi TAC SWIRL en combusti\u00f3n turbulenta para garantizar una combusti\u00f3n completa\u00bb.<\/p>\n<p dir=\"ltr\" style=\"text-align: justify;\">Tras una sencilla <a href=\"https:\/\/www.google.com\/search?q=%22termodisociaci%C3%B3n+an%C3%B3xica%22&amp;client=safari&amp;sca_esv=f9bc78ae23fbce7b&amp;sca_upv=1&amp;rls=en&amp;sxsrf=ADLYWIJoczYIOBIk52lDP_f_c0l0Gr9GfQ%3A1717888086668&amp;ei=VuRkZvWzKLHb1sQPkK-e4A8&amp;ved=0ahUKEwj1tq3pj82GAxWxrZUCHZCXB_wQ4dUDCA8&amp;uact=5&amp;oq=%22termodisociaci%C3%B3n+an%C3%B3xica%22&amp;gs_lp=Egxnd3Mtd2l6LXNlcnAiHCJ0ZXJtb2Rpc29jaWFjacOzbiBhbsOzeGljYSJI-h5QyQJYqB1wAXgAkAEAmAEAoAEAqgEAuAEDyAEA-AEBmAIAoAIAmAMA4gMFEgExIECIBgGSBwCgBwA&amp;sclient=gws-wiz-serp\" target=\"_blank\" rel=\"noopener noreferrer\">b\u00fasqueda en internet<\/a> se constata que no existe mucha informaci\u00f3n sobre la tecnolog\u00eda propuesta. Tampoco si \u00e9sta se ha implementado en alg\u00fan proyecto en particular en Chile o a nivel internacional. Esto, aunque Mu\u00f1oz ha se\u00f1alado que procesos similares se aplican en Turqu\u00eda, pa\u00eds que \u00faltimamente ha sido catalogado como \u00ab<a href=\"https:\/\/www.abc.es\/xlsemanal\/a-fondo\/problema-basura-arma-guerra-europa-vertedero-turquia.html\" target=\"_blank\" rel=\"noopener noreferrer\">el nuevo vertedero de Europa<\/a>\u00ab.<\/p>\n<p dir=\"ltr\" style=\"text-align: justify;\">Lo que s\u00ed existe son informes sobre los efectos de la incineraci\u00f3n: \u00abOtras emisiones de preocupaci\u00f3n son las part\u00edculas ultra-finas o nanopart\u00edculas. Como son super finas atraviesan los filtros de los incineradores y tambi\u00e9n los filtros que tenemos en nuestro cuerpo. Las part\u00edculas ultra-finas pueden provocar serios problemas de salud, como c\u00e1ncer, infartos, asma y enfermedades pulmonares, entre otras. Arrastran los qu\u00edmicos que emiten los incineradores, como dioxinas y metales pesados, que as\u00ed pueden ingresar f\u00e1cilmente en el ambiente y en nuestro organismo\u00bb se\u00f1ala el documento \u00ab<a href=\"https:\/\/www.no-burn.org\/wp-content\/uploads\/2021\/11\/GAIA.incinerandoelfuturo-2.pdf\" target=\"_blank\" rel=\"noopener noreferrer\">Incinerando el Futuro<\/a>\u00bb de la Alianza Global para Alternativas a la Incineraci\u00f3n.<\/p>\n<p dir=\"ltr\" style=\"text-align: justify;\"><strong>Las dudas del SEA y la comunidad<\/strong><\/p>\n<p dir=\"ltr\" style=\"text-align: justify;\">Aunque la DIA no alcanz\u00f3 a llegar a manos de los organismos evaluadores, cuando pas\u00f3 por la consulta de pertinencia concit\u00f3 m\u00faltiples dudas en el SEA. En carta enviada el 2 de mayo, el organismo hizo <a href=\"https:\/\/drive.google.com\/file\/d\/1WC2G_JLtxMEMNhmlYYIMcan2FdIkmKkJ\/view?usp=sharing\" target=\"_blank\" rel=\"noopener noreferrer\">m\u00e1s de 30 observaciones<\/a> solicitando aclaraciones, particularmente en lo relacionado con \u00abcaracterizar y estimar las emisiones atmosf\u00e9ricas para las distintas etapas del proyecto, acompa\u00f1ando modelaci\u00f3n de dispersi\u00f3n atmosf\u00e9rica\u00bb, toda vez que no exist\u00eda menci\u00f3n alguna sobre el particular. Lo mismo solicit\u00f3 para el olor: \u00abCaracterizar (considerando concentraci\u00f3n, calidad, tono hed\u00f3nico, intensidad) y estimar el olor. Adem\u00e1s, en su an\u00e1lisis deber\u00e1 considerar su proceso de formaci\u00f3n y forma de liberaci\u00f3n a la atm\u00f3sfera, acompa\u00f1ando modelo de dispersi\u00f3n de olores u otras metodolog\u00edas que estime pertinente\u00bb.<\/p>\n<p dir=\"ltr\" style=\"text-align: justify;\">Asimismo, requiri\u00f3 que \u00abconsiderando los contaminantes de las aguas de lavado, y, la cercan\u00eda del proyecto al r\u00edo Bertrand, presentar gr\u00e1fica y espacialmente, el dise\u00f1o del manejo de los residuos l\u00edquidos del proyecto (considerar drenes de infiltraci\u00f3n)\u00bb. Y consult\u00f3 \u00abcu\u00e1l ser\u00e1 el tratamiento\/disposici\u00f3n\/eliminaci\u00f3n de las escorias y cenizas que estar\u00e1n dispuestas en esta zona\u00bb. Aludi\u00f3 tambi\u00e9n a que no queda clara la vida \u00fatil del proyecto, \u00abconsiderando sus distintas etapas (construcci\u00f3n, operaci\u00f3n y cierre)\u00bb.<\/p>\n<p dir=\"ltr\" style=\"text-align: justify;\">En ocho p\u00e1ginas, el SEA solicit\u00f3 m\u00faltiples precisiones, incluidas las relacionadas con el hecho de emplazarse en la Zona de Inter\u00e9s Tur\u00edstico Chelenko.<\/p>\n<p dir=\"ltr\" style=\"text-align: justify;\">Pero no fue s\u00f3lo este organismo el que hizo saber sus inquietudes.<\/p>\n<p dir=\"ltr\" style=\"text-align: justify;\">El 19 de abril, doce organizaciones de las dos comunas involucradas <a href=\"https:\/\/drive.google.com\/file\/d\/1JPuGPre0h3IvN-apq0N-udRN3NlPGVTD\/view?usp=sharing\" target=\"_blank\" rel=\"noopener noreferrer\">enviaron una carta<\/a> al Servicio de Evaluaci\u00f3n Ambiental planteando que un proyecto de estas caracter\u00edsticas debe ser evaluado con el mayor est\u00e1ndar: Estudio de Impacto Ambiental. Estas fueron la Junta de Vecinos N8 de Puerto Guadal, la Junta de Vecinos N6 Puerto R\u00edo Tranquilo, la AG de Turismo, Cultura y Artesan\u00eda de Puerto Guadal, la Agrupaci\u00f3n de Turismo y Cultura Calafates de Bah\u00eda Murta, la Corporaci\u00f3n Chelenko, la Uni\u00f3n Comunal Rural de Chile Chico, el Comit\u00e9 de Turismo y Cultura de R\u00edo Leones, la Feria Campesina de Bah\u00eda Murta, la C\u00e1mara de Turismo y Comercio de Puerto R\u00edo Tranquilo, el Comit\u00e9 de Desarrollo de la Infancia del Baker de Puerto Bertrand, la AG Turismo, Recreaci\u00f3n, Educaci\u00f3n Ambiental Costa Murta y la Comunidad Organizada de Operadores y Servicios Tur\u00edsticos de Puerto Bertrand.<\/p>\n<p dir=\"ltr\" style=\"text-align: justify;\">Entre los argumentos de car\u00e1cter t\u00e9cnico mencionaron que \u00e9ste generar\u00eda al menos cuatro de los efectos que obligan a ingreso de un EIA, \u00abdebido a las potenciales emisiones al ambiente de dioxinas, furanos y metales pesados, todas sustancias t\u00f3xicas para la salud de las personas y el ambiente, en cantidades superiores a las permitidas por las normas nacionales y extranjeras. Estas emisiones ser\u00e1n expulsadas de la planta, entre otras formas, dentro de las emisiones de gases a la atm\u00f3sfera en tama\u00f1os de nanopart\u00edculas, muy dif\u00edciles de detectar y filtrar, por lo que las probabilidades de que salgan al ambiente son altas\u00bb.<\/p>\n<p dir=\"ltr\" style=\"text-align: justify;\">Se alude as\u00ed a los \u00abriesgos para la salud de la poblaci\u00f3n, debido a la cantidad y calidad de efluentes, emisiones o residuos\u00bb; \u00abefectos adversos significativos sobre la cantidad y calidad de los recursos naturales renovables, incluidos el suelo, agua y aire\u00bb; \u00abreasentamiento de comunidades humanas, o alteraci\u00f3n significativa de los sistemas de vida y costumbres de grupos humanos\u00bb; y a \u00ablocalizaci\u00f3n en o pr\u00f3xima a poblaciones, recursos y \u00e1reas protegidas, sitios prioritarios para la conservaci\u00f3n, humedales protegidos, glaciares y \u00e1reas con valor para la observaci\u00f3n astron\u00f3mica con fines de investigaci\u00f3n cient\u00edfica, susceptibles de ser afectados, as\u00ed como el valor ambiental del territorio en que se pretende emplazar\u00bb.<\/p>\n<p dir=\"ltr\" style=\"text-align: justify;\">En t\u00e9rminos de pol\u00edticas p\u00fablicas, aclaran que la incineraci\u00f3n de materia org\u00e1nica, poda, pl\u00e1sticos y otros componentes, va en contra de todas las iniciativas que desde las <a href=\"https:\/\/www.diarioregionalaysen.cl\/noticia\/actualidad\/2023\/12\/conoce-el-plan-piloto-de-gestion-de-residuos-en-guadal-y-bertrand\" target=\"_blank\" rel=\"noopener noreferrer\">localidades<\/a> de <a href=\"https:\/\/rioibanez.cl\/wp-content\/uploads\/2024\/02\/Estrategia-Ambiental-Comunal.pdf\" target=\"_blank\" rel=\"noopener noreferrer\">ambas comunas<\/a> se han venido impulsando en pos de la reducci\u00f3n de la generaci\u00f3n de basura mediante la autoproducci\u00f3n, la reutilizaci\u00f3n de los residuos org\u00e1nicos para recuperaci\u00f3n de suelos cultivables y huertas familiares, la valorizaci\u00f3n de residuos y reciclaje, por lo que ser\u00eda contradictorio dar una se\u00f1al del tipo \u00abno haga esfuerzos en reducir o reutilizar su basura, nosotros la hacemos desaparecer\u00bb.<\/p>\n<p dir=\"ltr\" style=\"text-align: justify;\">M\u00e1s a\u00fan, el proyecto va en direcci\u00f3n contraria a las iniciativas apoyadas por fondos p\u00fablicos sectoriales y del propio Gobierno Regional de Ays\u00e9n, coherentes con el \u00ab<a href=\"https:\/\/www.goreaysen.cl\/controls\/neochannels\/neo_ch95\/appinstances\/media204\/Plan_Gestion_Residuos_solidos_a_5_agnos.pdf\" target=\"_blank\" rel=\"noopener noreferrer\">Plan de Gesti\u00f3n de Residuos S\u00f3lidos Municipales 2015-2035 del Gobierno Regional de Ays\u00e9n<\/a>\u00bb y que considera un \u00abprograma ciudadano que incluye el desarrollo de iniciativas que buscan el cambio de h\u00e1bitos de consumo, el desarrollo de actitudes de conciencia ambiental, pero tambi\u00e9n se suman las acciones asociadas a la promoci\u00f3n de instrumentos normativos y otras gestiones relacionadas\u00bb.<\/p>\n<p dir=\"ltr\" style=\"text-align: justify;\">La <a href=\"https:\/\/santiagorecicla.mma.gob.cl\/wp-content\/uploads\/2020\/02\/Politica-Nacional-de-Residuos_final-V_sin-presentacion.pdf\" target=\"_blank\" rel=\"noopener noreferrer\">Pol\u00edtica Nacional de Residuos 2018-2030<\/a> establece una estrategia jerarquizada para el manejo de residuos donde la prioridad est\u00e1 en evitar la generaci\u00f3n, seguida de reutilizaci\u00f3n, reciclaje de uno o m\u00e1s de sus componentes, su valorizaci\u00f3n energ\u00e9tica \u00abdejando como \u00faltima alternativa su eliminaci\u00f3n\u00bb. \u00abEl proyecto &#8216;Centro de Gesti\u00f3n de Residuos S\u00f3lidos Cuenca General Carrera&#8217; ofrece una alternativa que corresponde a la \u00faltima acci\u00f3n de la jerarqu\u00eda para el manejo sustentable de residuos, y por tanto deber\u00edan ser otras las actividades a realizar en la regi\u00f3n para avanzar en el manejo sustentable de los residuos s\u00f3lidos\u00bb se\u00f1alan las y los dirigentes comunitarios en la carta dirigida al SEA.<\/p>\n<p dir=\"ltr\" style=\"text-align: justify;\">Y, en un listado amplio, dan cuenta en la carta de la incongruencia del proyecto con la <a href=\"https:\/\/economiacircular.mma.gob.cl\/wp-content\/uploads\/2021\/07\/HOJA-DE-RUTA-PARA-UN-CHILE-CIRCULAR-AL-2040-ES-VERSION-COMPLETA.pdf\" target=\"_blank\" rel=\"noopener noreferrer\">Hoja de Ruta para un Chile Circular al 2040<\/a> desarrollada recientemente por el Ministerio de Medio Ambiente, la <a href=\"https:\/\/www.bcn.cl\/leychile\/navegar?idNorma=1090894\" target=\"_blank\" rel=\"noopener noreferrer\">Ley de Responsabilidad Extendida al Productor y Fomento al Reciclaje<\/a>, el <a href=\"https:\/\/www.bcn.cl\/leychile\/navegar?idNorma=1157019\" target=\"_blank\" rel=\"noopener noreferrer\">Reglamento de Envases y Embalajes de la Ley REP<\/a> y la <a href=\"https:\/\/drive.google.com\/file\/d\/1THd7on23LToU77CIH30WPmogsSVkpuJC\/view\" target=\"_blank\" rel=\"noopener noreferrer\">Estrategia Nacional de Residuos Org\u00e1nicos al 2040<\/a> que plantea alcanzar a ese a\u00f1o un 66% de valorizaci\u00f3n de los residuos org\u00e1nicos generados a nivel municipal, a lo cual este proyecto claramente no aportar\u00eda al ser reducidos a cenizas.<\/p>\n<p dir=\"ltr\" style=\"text-align: justify;\">Por \u00faltimo, recuerdan que \u00abuna planta incineradora de residuos propuesta en Lautaro (WTE Araucan\u00eda), fue rechazada en 2022 por la Comisi\u00f3n de Evaluaci\u00f3n Ambiental de la Araucan\u00eda y en <a href=\"https:\/\/www.biobiochile.cl\/noticias\/nacional\/region-de-la-araucania\/2023\/12\/20\/comite-de-ministros-mantiene-calificacion-desfavorable-a-planta-incineradora-de-basura-en-lautaro.shtml\" target=\"_blank\" rel=\"noopener noreferrer\">2023 el Comit\u00e9 de Ministros<\/a>, con 17 mil observaciones ciudadanas en contra, ya que fue evaluada ambientalmente mediante estudio de impacto ambiental\u00bb.<\/p>\n<p dir=\"ltr\" style=\"text-align: justify;\">A la misiva de las organizaciones se sum\u00f3 la Corporaci\u00f3n Privada para el Desarrollo de Ays\u00e9n (CODESA) que solicit\u00f3 por esos d\u00edas hacerse parte en el procedimiento de consulta de pertinencia. Pero el SEA no tuvo que responder al declararse desistido el tr\u00e1mite.<\/p>\n<p dir=\"ltr\" style=\"text-align: justify;\">CODESA puso estos antecedentes en conocimiento del Gobierno Regional de Ays\u00e9n, financista tanto de las 45 hect\u00e1reas donde se pretende materializar el proyecto como de los fondos para la <a href=\"https:\/\/bipdata.ministeriodesarrollosocial.gob.cl\/profile\/iniciativa\/400097600\" target=\"_blank\" rel=\"noopener noreferrer\">realizaci\u00f3n del estudio<\/a>. M\u00e1s a\u00fan y parad\u00f3jicamente, este organismo lo ha incluido como parte de la cartera de proyectos que operativizan el avance del Plan de Gesti\u00f3n de Residuos S\u00f3lidos Municipales 2015-2035, present\u00e1ndolo el 8 de agosto ante la Comisi\u00f3n de Regionalizaci\u00f3n Integraci\u00f3n Territorial y Medio Ambiente del Consejo Regional.<\/p>\n<p dir=\"ltr\" style=\"text-align: justify;\">El futuro del proyecto hoy es incierto. El argumento del SEA para <a href=\"https:\/\/infofirma.sea.gob.cl\/DocumentosSEA\/MostrarDocumento?docId=2024\/08\/06\/7ccb-56bd-45c8-9bdf-64be639a8627\" target=\"_blank\" rel=\"noopener noreferrer\">declararlo inadmisible<\/a>, entre otros, fue que su falta de \u00abclaridad\u00bb para ser comprendido por la ciudadan\u00eda, que \u00abno presenta los contenidos comunes y m\u00ednimos de las Declaraciones de Impacto Ambiental\u00bb, en especial dado que no \u00abcuantifica las emisiones relacionadas con gases de efecto invernadero y forzantes clim\u00e1ticos de vida corta del proyecto\u00bb. Incluso, se se\u00f1ala que la iniciativa no aclara por qu\u00e9 podr\u00eda evaluarse v\u00eda Declaraci\u00f3n y no mediante Estudio de Impacto Ambiental.<\/p>\n<p dir=\"ltr\" style=\"text-align: justify;\">La licitaci\u00f3n de la consultor\u00eda obliga a que se presente el proyecto a evaluaci\u00f3n ambiental, donde uno de los productos de los t\u00e9rminos de referencia es la \u00ab<a href=\"https:\/\/drive.google.com\/file\/d\/1QePuXxgvlaFjf2_Kk5-0BwL-pzlXvlEg\/view?usp=sharing\" target=\"_blank\" rel=\"noopener noreferrer\">obtenci\u00f3n de la resoluci\u00f3n de calificaci\u00f3n ambiental (RCA) favorable<\/a>\u00ab.<\/p>\n<p dir=\"ltr\" style=\"text-align: justify;\">Un objetivo que, hoy por hoy, no est\u00e1 tan claro que se pueda alcanzar.<\/p>\n<\/div><\/section><\/div><\/p>\n<div  style='height:50px' class='hr hr-invisible   avia-builder-el-6  el_after_av_one_full  el_before_av_social_share '><span class='hr-inner ' ><span class='hr-inner-style'><\/span><\/span><\/div>\n<div  class='av-social-sharing-box  avia-builder-el-7  el_after_av_hr  el_before_av_hr  '><div class='av-share-box'><h5 class='av-share-link-description av-no-toc '>Compartir esta noticia<\/h5><ul class='av-share-box-list noLightbox'><li class='av-share-link av-social-link-facebook' ><a target=\"_blank\" aria-label=\"Compartir en Facebook\" href='https:\/\/www.facebook.com\/sharer.php?u=https:\/\/radiorevelacionfm.cl\/?p=45430&#038;t=Controversial%20proyecto%20pretende%20incinerar%20el%2097%20%25%20de%20los%20desechos%20de%20localidades%20de%20la%20cuenca%20del%20General%20Carrera' aria-hidden='false' data-av_icon='\ue8f3' data-av_iconfont='entypo-fontello' title='' data-avia-related-tooltip='Compartir en Facebook' rel=\"noopener\"><span class='avia_hidden_link_text'>Compartir en Facebook<\/span><\/a><\/li><li class='av-share-link av-social-link-twitter' ><a target=\"_blank\" aria-label=\"Compartir en Twitter\" href='https:\/\/twitter.com\/share?text=Controversial%20proyecto%20pretende%20incinerar%20el%2097%20%25%20de%20los%20desechos%20de%20localidades%20de%20la%20cuenca%20del%20General%20Carrera&#038;url=https:\/\/radiorevelacionfm.cl\/?p=45430' aria-hidden='false' data-av_icon='\ue8f1' data-av_iconfont='entypo-fontello' title='' data-avia-related-tooltip='Compartir en Twitter' rel=\"noopener\"><span class='avia_hidden_link_text'>Compartir en Twitter<\/span><\/a><\/li><li class='av-share-link av-social-link-whatsapp' ><a target=\"_blank\" aria-label=\"Compartir en Whatsapp\" href='https:\/\/api.whatsapp.com\/send?text=https:\/\/radiorevelacionfm.cl\/?p=45430' aria-hidden='false' data-av_icon='\uf232' data-av_iconfont='entypo-fontello' title='' data-avia-related-tooltip='Compartir en Whatsapp' rel=\"noopener\"><span class='avia_hidden_link_text'>Compartir en Whatsapp<\/span><\/a><\/li><li class='av-share-link av-social-link-linkedin' ><a target=\"_blank\" aria-label=\"Compartir en LinkedIn\" href='https:\/\/linkedin.com\/shareArticle?mini=true&#038;title=Controversial%20proyecto%20pretende%20incinerar%20el%2097%20%25%20de%20los%20desechos%20de%20localidades%20de%20la%20cuenca%20del%20General%20Carrera&#038;url=https:\/\/radiorevelacionfm.cl\/?p=45430' aria-hidden='false' data-av_icon='\ue8fc' data-av_iconfont='entypo-fontello' title='' data-avia-related-tooltip='Compartir en LinkedIn' rel=\"noopener\"><span class='avia_hidden_link_text'>Compartir en LinkedIn<\/span><\/a><\/li><li class='av-share-link av-social-link-mail' ><a  aria-label=\"Compartir por correo\" href='mailto:?subject=Controversial%20proyecto%20pretende%20incinerar%20el%2097%20%25%20de%20los%20desechos%20de%20localidades%20de%20la%20cuenca%20del%20General%20Carrera&#038;body=https:\/\/radiorevelacionfm.cl\/?p=45430' aria-hidden='false' data-av_icon='\ue805' data-av_iconfont='entypo-fontello' title='' data-avia-related-tooltip='Compartir por correo'><span class='avia_hidden_link_text'>Compartir por correo<\/span><\/a><\/li><\/ul><\/div><\/div>\n<div  style='height:50px' class='hr hr-invisible   avia-builder-el-8  el_after_av_social_share  el_before_av_comments_list '><span class='hr-inner ' ><span class='hr-inner-style'><\/span><\/span><\/div>\n<div  class='av-buildercomment  av-blog-meta-html-info-disabled av-blog-meta-tag-disabled  '><\/div>\n","protected":false},"excerpt":{"rendered":"","protected":false},"author":1,"featured_media":45431,"comment_status":"open","ping_status":"open","sticky":false,"template":"","format":"standard","meta":{"footnotes":""},"categories":[38],"tags":[],"class_list":["post-45430","post","type-post","status-publish","format-standard","has-post-thumbnail","hentry","category-regional"],"jetpack_featured_media_url":"https:\/\/radiorevelacionfm.cl\/wp-content\/uploads\/2024\/08\/los-residuos-no-tratados-se-acumulan-dentro-y-fuera-del-vertedero-municipal-de-puerto-guadal-que-hoy-esta-cerrado-1_optimized.jpg","_links":{"self":[{"href":"https:\/\/radiorevelacionfm.cl\/index.php?rest_route=\/wp\/v2\/posts\/45430","targetHints":{"allow":["GET"]}}],"collection":[{"href":"https:\/\/radiorevelacionfm.cl\/index.php?rest_route=\/wp\/v2\/posts"}],"about":[{"href":"https:\/\/radiorevelacionfm.cl\/index.php?rest_route=\/wp\/v2\/types\/post"}],"author":[{"embeddable":true,"href":"https:\/\/radiorevelacionfm.cl\/index.php?rest_route=\/wp\/v2\/users\/1"}],"replies":[{"embeddable":true,"href":"https:\/\/radiorevelacionfm.cl\/index.php?rest_route=%2Fwp%2Fv2%2Fcomments&post=45430"}],"version-history":[{"count":2,"href":"https:\/\/radiorevelacionfm.cl\/index.php?rest_route=\/wp\/v2\/posts\/45430\/revisions"}],"predecessor-version":[{"id":45433,"href":"https:\/\/radiorevelacionfm.cl\/index.php?rest_route=\/wp\/v2\/posts\/45430\/revisions\/45433"}],"wp:featuredmedia":[{"embeddable":true,"href":"https:\/\/radiorevelacionfm.cl\/index.php?rest_route=\/wp\/v2\/media\/45431"}],"wp:attachment":[{"href":"https:\/\/radiorevelacionfm.cl\/index.php?rest_route=%2Fwp%2Fv2%2Fmedia&parent=45430"}],"wp:term":[{"taxonomy":"category","embeddable":true,"href":"https:\/\/radiorevelacionfm.cl\/index.php?rest_route=%2Fwp%2Fv2%2Fcategories&post=45430"},{"taxonomy":"post_tag","embeddable":true,"href":"https:\/\/radiorevelacionfm.cl\/index.php?rest_route=%2Fwp%2Fv2%2Ftags&post=45430"}],"curies":[{"name":"wp","href":"https:\/\/api.w.org\/{rel}","templated":true}]}}