{"id":45427,"date":"2024-08-24T14:09:05","date_gmt":"2024-08-24T17:09:05","guid":{"rendered":"https:\/\/radiorevelacionfm.cl\/?p=45427"},"modified":"2024-08-24T14:09:05","modified_gmt":"2024-08-24T17:09:05","slug":"escuela-eusebio-ibar-de-la-junta-gana-final-regional-del-torneo-delibera-2024","status":"publish","type":"post","link":"https:\/\/radiorevelacionfm.cl\/?p=45427","title":{"rendered":"Escuela Eusebio Ibar de La Junta gana Final Regional del Torneo Delibera 2024"},"content":{"rendered":"<div class=\"flex_column av_one_full  flex_column_div av-zero-column-padding first  avia-builder-el-0  el_before_av_one_full  avia-builder-el-first  \" style='border-radius:0px; '><div  class='avia-image-container  av-styling-    avia-builder-el-1  avia-builder-el-no-sibling  avia-align-center '  itemprop=\"image\" itemscope=\"itemscope\" itemtype=\"https:\/\/schema.org\/ImageObject\"  ><div class='avia-image-container-inner'><div class='avia-image-overlay-wrap'><img decoding=\"async\" class='wp-image-45428 avia-img-lazy-loading-not-45428 avia_image' src=\"https:\/\/radiorevelacionfm.cl\/wp-content\/uploads\/2024\/08\/1-er-Lugar-1-1.jpg\" alt='' title='1 er Lugar (1) (1)' height=\"600\" width=\"970\"  itemprop=\"thumbnailUrl\" srcset=\"https:\/\/radiorevelacionfm.cl\/wp-content\/uploads\/2024\/08\/1-er-Lugar-1-1.jpg 970w, https:\/\/radiorevelacionfm.cl\/wp-content\/uploads\/2024\/08\/1-er-Lugar-1-1-300x186.jpg 300w, https:\/\/radiorevelacionfm.cl\/wp-content\/uploads\/2024\/08\/1-er-Lugar-1-1-768x475.jpg 768w, https:\/\/radiorevelacionfm.cl\/wp-content\/uploads\/2024\/08\/1-er-Lugar-1-1-705x436.jpg 705w, https:\/\/radiorevelacionfm.cl\/wp-content\/uploads\/2024\/08\/1-er-Lugar-1-1-450x278.jpg 450w, https:\/\/radiorevelacionfm.cl\/wp-content\/uploads\/2024\/08\/1-er-Lugar-1-1-600x371.jpg 600w\" sizes=\"(max-width: 970px) 100vw, 970px\" \/><\/div><\/div><\/div><\/div><div class=\"flex_column av_one_full  flex_column_div av-zero-column-padding first  avia-builder-el-2  el_after_av_one_full  el_before_av_one_full  column-top-margin\" style='border-radius:0px; '><section class=\"av_textblock_section \"  itemscope=\"itemscope\" itemtype=\"https:\/\/schema.org\/BlogPosting\" itemprop=\"blogPost\" ><div class='avia_textblock  '   itemprop=\"text\" ><p dir=\"ltr\" style=\"text-align: center;\"><strong><span style=\"font-size: 18pt;\">Escuela Eusebio Ibar de La Junta gana Final Regional del Torneo Delibera 2024\u00a0<\/span><\/strong><\/p>\n<div id=\"gtx-trans\" style=\"position: absolute; left: -50px; top: 4.31534px;\">\n<div class=\"gtx-trans-icon\"><\/div>\n<\/div>\n<\/div><\/section><\/div><div class=\"flex_column av_one_full  flex_column_div av-zero-column-padding first  avia-builder-el-4  el_after_av_one_full  el_before_av_hr  column-top-margin\" style='border-radius:0px; '><section class=\"av_textblock_section \"  itemscope=\"itemscope\" itemtype=\"https:\/\/schema.org\/BlogPosting\" itemprop=\"blogPost\" ><div class='avia_textblock  '   itemprop=\"text\" ><p dir=\"ltr\" style=\"text-align: justify;\"><em>El equipo triunfador deber\u00e1 representar a la Regi\u00f3n de Ays\u00e9n en la final nacional que se llevar\u00e1 a cabo en el Congreso en Valpara\u00edso el pr\u00f3ximo 20 de noviembre.<\/em><\/p>\n<p dir=\"ltr\" style=\"text-align: justify;\">La Biblioteca del Congreso Nacional, en colaboraci\u00f3n con la Universidad de Ays\u00e9n, llev\u00f3 a cabo con \u00e9xito la Final Regional del Torneo Delibera 2024. El evento reuni\u00f3 a siete equipos de j\u00f3venes talentos provenientes de establecimientos educativos que abarcan desde La Junta hasta Villa O&#8217;Higgins. Estos estudiantes reflexionaron y debatieron sobre temas sociales relevantes mediante la presentaci\u00f3n de propuestas legislativas.<\/p>\n<p dir=\"ltr\" style=\"text-align: justify;\">Los equipos participantes incluyeron al Liceo Pioneros del Sur de Villa O&#8217;Higgins, Liceo San Jos\u00e9 de Puerto Ays\u00e9n, Liceo Bicentenario Luisa Rabanal Palma de Chile Chico, Liceo Josefina Aguirre Montenegro y Colegio Alianza Austral de Coyhaique, Liceo Bicentenario Rural de Cerro Castillo y la Escuela Eusebio Ibar Schepeler de La Junta. Este \u00faltimo equipo se llev\u00f3 el primer lugar con su innovadora propuesta de \u00abLey de Tratamiento Integral contra la Obesidad Infantil en Establecimientos Educacionales\u00bb.<\/p>\n<p dir=\"ltr\" style=\"text-align: justify;\">El equipo \u00abK\u00e1lel\u00bb de la Escuela Eusebio Ibar Schepeler ser\u00e1 el encargado de representar a la Regi\u00f3n de Ays\u00e9n en la Final Nacional del Torneo Delibera 2024, que se celebrar\u00e1 en el Congreso en Valpara\u00edso el pr\u00f3ximo 20 de noviembre. Los equipos mostraron una dedicaci\u00f3n y creatividad sobresalientes al abordar temas que afectan a sus comunidades y al pa\u00eds en general.<\/p>\n<p dir=\"ltr\" style=\"text-align: justify;\">El segundo lugar fue obtenido por el equipo del Liceo Bicentenario San Jos\u00e9 U.R. de Puerto Ays\u00e9n con su propuesta de \u00abActualizaci\u00f3n de la Ley 19.628 sobre protecci\u00f3n de datos biom\u00e9tricos\u00bb. El tercer lugar lo ocup\u00f3 el equipo \u00abAmapola\u00bb del Liceo Bicentenario Rural Cerro Castillo de R\u00edo Ib\u00e1\u00f1ez, con su propuesta de \u00abModificaci\u00f3n de la ley para sancionar y prevenir la ciberviolencia en el \u00e1mbito escolar\u00bb.<\/p>\n<p dir=\"ltr\" style=\"text-align: justify;\">Juan Pablo Prieto Cox, administrador provisional de la Universidad de Ays\u00e9n, destac\u00f3 el entusiasmo y el alto nivel de los finalistas. \u00abComo Universidad de Ays\u00e9n, estamos muy orgullosos de organizar este torneo regional y de observar el impresionante nivel alcanzado por los siete equipos finalistas. Estos j\u00f3venes est\u00e1n demostrando un gran potencial y compromiso con su formaci\u00f3n como ciudadanos. Apoyaremos al equipo ganador para que represente a la regi\u00f3n en la final nacional en Valpara\u00edso, y animamos a otros equipos a participar el pr\u00f3ximo a\u00f1o\u00bb, coment\u00f3 Prieto.<\/p>\n<p dir=\"ltr\" style=\"text-align: justify;\">Denisse Zollner, profesora de la Escuela Eusebio Ibar Schepeler, expres\u00f3 su emoci\u00f3n y satisfacci\u00f3n con el logro de su equipo. \u00abNos cuesta creerlo, pero sab\u00edamos que nuestro proyecto era s\u00f3lido. Ahora, recogeremos esta experiencia para mejorar y prepararnos para la final nacional. Este reconocimiento visibiliza la formaci\u00f3n ciudadana de nuestros estudiantes, y esperamos que m\u00e1s generaciones se sumen a este tipo de iniciativas\u00bb, se\u00f1al\u00f3 Zollner.<\/p>\n<p dir=\"ltr\" style=\"text-align: justify;\">Javiera Zamora, estudiante del equipo ganador, tambi\u00e9n comparti\u00f3 su entusiasmo. \u00abEstamos muy contentos con nuestro logro. Nos preparamos mucho y ahora nos dedicaremos a estudiar y perfeccionar nuestra propuesta para representar bien a nuestra regi\u00f3n en Valpara\u00edso\u00bb, dijo Zamora.<\/p>\n<p dir=\"ltr\" style=\"text-align: justify;\">El senador David Sandoval Plaza valor\u00f3 la importancia del torneo para la formaci\u00f3n de los j\u00f3venes. \u00abEste programa, promovido por el Congreso Nacional, ofrece una valiosa oportunidad de educaci\u00f3n c\u00edvica. Me alegra ver a j\u00f3venes motivados de toda la regi\u00f3n participando activamente en este proceso\u00bb, destac\u00f3 Sandoval.<\/p>\n<p dir=\"ltr\" style=\"text-align: justify;\">Por su parte, la diputada Marcia Raphael tambi\u00e9n asisti\u00f3 a la final y coment\u00f3 que \u00abes fundamental apoyar eventos como este, que permiten a los alumnos involucrarse en el proceso legislativo y desarrollar habilidades de an\u00e1lisis, investigaci\u00f3n y debate, prepar\u00e1ndolos para futuros roles en la pol\u00edtica\u00bb.<\/p>\n<p dir=\"ltr\" style=\"text-align: justify;\">El Torneo Delibera, que busca fomentar competencias ciudadanas entre los estudiantes, ha demostrado ser una plataforma eficaz para que los j\u00f3venes de la Regi\u00f3n de Ays\u00e9n desarrollen habilidades en investigaci\u00f3n, deliberaci\u00f3n y comprensi\u00f3n del proceso legislativo.<\/p>\n<\/div><\/section><\/div><div  style='height:50px' class='hr hr-invisible   avia-builder-el-6  el_after_av_one_full  el_before_av_social_share '><span class='hr-inner ' ><span class='hr-inner-style'><\/span><\/span><\/div><\/p>\n<div  class='av-social-sharing-box  avia-builder-el-7  el_after_av_hr  el_before_av_hr  '><div class='av-share-box'><h5 class='av-share-link-description av-no-toc '>Compartir esta noticia<\/h5><ul class='av-share-box-list noLightbox'><li class='av-share-link av-social-link-facebook' ><a target=\"_blank\" aria-label=\"Compartir en Facebook\" href='https:\/\/www.facebook.com\/sharer.php?u=https:\/\/radiorevelacionfm.cl\/?p=45427&#038;t=Escuela%20Eusebio%20Ibar%20de%20La%20Junta%20gana%20Final%20Regional%20del%20Torneo%20Delibera%202024' aria-hidden='false' data-av_icon='\ue8f3' data-av_iconfont='entypo-fontello' title='' data-avia-related-tooltip='Compartir en Facebook' rel=\"noopener\"><span class='avia_hidden_link_text'>Compartir en Facebook<\/span><\/a><\/li><li class='av-share-link av-social-link-twitter' ><a target=\"_blank\" aria-label=\"Compartir en Twitter\" href='https:\/\/twitter.com\/share?text=Escuela%20Eusebio%20Ibar%20de%20La%20Junta%20gana%20Final%20Regional%20del%20Torneo%20Delibera%202024&#038;url=https:\/\/radiorevelacionfm.cl\/?p=45427' aria-hidden='false' data-av_icon='\ue8f1' data-av_iconfont='entypo-fontello' title='' data-avia-related-tooltip='Compartir en Twitter' rel=\"noopener\"><span class='avia_hidden_link_text'>Compartir en Twitter<\/span><\/a><\/li><li class='av-share-link av-social-link-whatsapp' ><a target=\"_blank\" aria-label=\"Compartir en Whatsapp\" href='https:\/\/api.whatsapp.com\/send?text=https:\/\/radiorevelacionfm.cl\/?p=45427' aria-hidden='false' data-av_icon='\uf232' data-av_iconfont='entypo-fontello' title='' data-avia-related-tooltip='Compartir en Whatsapp' rel=\"noopener\"><span class='avia_hidden_link_text'>Compartir en Whatsapp<\/span><\/a><\/li><li class='av-share-link av-social-link-linkedin' ><a target=\"_blank\" aria-label=\"Compartir en LinkedIn\" href='https:\/\/linkedin.com\/shareArticle?mini=true&#038;title=Escuela%20Eusebio%20Ibar%20de%20La%20Junta%20gana%20Final%20Regional%20del%20Torneo%20Delibera%202024&#038;url=https:\/\/radiorevelacionfm.cl\/?p=45427' aria-hidden='false' data-av_icon='\ue8fc' data-av_iconfont='entypo-fontello' title='' data-avia-related-tooltip='Compartir en LinkedIn' rel=\"noopener\"><span class='avia_hidden_link_text'>Compartir en LinkedIn<\/span><\/a><\/li><li class='av-share-link av-social-link-mail' ><a  aria-label=\"Compartir por correo\" href='mailto:?subject=Escuela%20Eusebio%20Ibar%20de%20La%20Junta%20gana%20Final%20Regional%20del%20Torneo%20Delibera%202024&#038;body=https:\/\/radiorevelacionfm.cl\/?p=45427' aria-hidden='false' data-av_icon='\ue805' data-av_iconfont='entypo-fontello' title='' data-avia-related-tooltip='Compartir por correo'><span class='avia_hidden_link_text'>Compartir por correo<\/span><\/a><\/li><\/ul><\/div><\/div>\n<div  style='height:50px' class='hr hr-invisible   avia-builder-el-8  el_after_av_social_share  el_before_av_comments_list '><span class='hr-inner ' ><span class='hr-inner-style'><\/span><\/span><\/div>\n<div  class='av-buildercomment  av-blog-meta-html-info-disabled av-blog-meta-tag-disabled  '><\/div>\n","protected":false},"excerpt":{"rendered":"","protected":false},"author":1,"featured_media":45428,"comment_status":"open","ping_status":"open","sticky":false,"template":"","format":"standard","meta":{"footnotes":""},"categories":[38],"tags":[],"class_list":["post-45427","post","type-post","status-publish","format-standard","has-post-thumbnail","hentry","category-regional"],"jetpack_featured_media_url":"https:\/\/radiorevelacionfm.cl\/wp-content\/uploads\/2024\/08\/1-er-Lugar-1-1.jpg","_links":{"self":[{"href":"https:\/\/radiorevelacionfm.cl\/index.php?rest_route=\/wp\/v2\/posts\/45427","targetHints":{"allow":["GET"]}}],"collection":[{"href":"https:\/\/radiorevelacionfm.cl\/index.php?rest_route=\/wp\/v2\/posts"}],"about":[{"href":"https:\/\/radiorevelacionfm.cl\/index.php?rest_route=\/wp\/v2\/types\/post"}],"author":[{"embeddable":true,"href":"https:\/\/radiorevelacionfm.cl\/index.php?rest_route=\/wp\/v2\/users\/1"}],"replies":[{"embeddable":true,"href":"https:\/\/radiorevelacionfm.cl\/index.php?rest_route=%2Fwp%2Fv2%2Fcomments&post=45427"}],"version-history":[{"count":1,"href":"https:\/\/radiorevelacionfm.cl\/index.php?rest_route=\/wp\/v2\/posts\/45427\/revisions"}],"predecessor-version":[{"id":45429,"href":"https:\/\/radiorevelacionfm.cl\/index.php?rest_route=\/wp\/v2\/posts\/45427\/revisions\/45429"}],"wp:featuredmedia":[{"embeddable":true,"href":"https:\/\/radiorevelacionfm.cl\/index.php?rest_route=\/wp\/v2\/media\/45428"}],"wp:attachment":[{"href":"https:\/\/radiorevelacionfm.cl\/index.php?rest_route=%2Fwp%2Fv2%2Fmedia&parent=45427"}],"wp:term":[{"taxonomy":"category","embeddable":true,"href":"https:\/\/radiorevelacionfm.cl\/index.php?rest_route=%2Fwp%2Fv2%2Fcategories&post=45427"},{"taxonomy":"post_tag","embeddable":true,"href":"https:\/\/radiorevelacionfm.cl\/index.php?rest_route=%2Fwp%2Fv2%2Ftags&post=45427"}],"curies":[{"name":"wp","href":"https:\/\/api.w.org\/{rel}","templated":true}]}}