{"id":45424,"date":"2024-08-24T13:47:06","date_gmt":"2024-08-24T16:47:06","guid":{"rendered":"https:\/\/radiorevelacionfm.cl\/?p=45424"},"modified":"2024-08-24T13:47:06","modified_gmt":"2024-08-24T16:47:06","slug":"con-amplio-marco-de-publico-se-desarrollo-la-feria-productiva-festival-del-marmol-en-puerto-rio-tranquilo","status":"publish","type":"post","link":"https:\/\/radiorevelacionfm.cl\/?p=45424","title":{"rendered":"Con amplio marco de p\u00fablico se desarroll\u00f3 la feria productiva Festival del M\u00e1rmol en Puerto R\u00edo Tranquilo"},"content":{"rendered":"<div class=\"flex_column av_one_full  flex_column_div av-zero-column-padding first  avia-builder-el-0  el_before_av_one_full  avia-builder-el-first  \" style='border-radius:0px; '><div  class='avia-image-container  av-styling-    avia-builder-el-1  avia-builder-el-no-sibling  avia-align-center '  itemprop=\"image\" itemscope=\"itemscope\" itemtype=\"https:\/\/schema.org\/ImageObject\"  ><div class='avia-image-container-inner'><div class='avia-image-overlay-wrap'><img decoding=\"async\" class='wp-image-45425 avia-img-lazy-loading-not-45425 avia_image' src=\"https:\/\/radiorevelacionfm.cl\/wp-content\/uploads\/2024\/08\/img_5446-1_optimized-1.jpg\" alt='' title='img_5446-(1)_optimized (1)' height=\"600\" width=\"854\"  itemprop=\"thumbnailUrl\" srcset=\"https:\/\/radiorevelacionfm.cl\/wp-content\/uploads\/2024\/08\/img_5446-1_optimized-1.jpg 854w, https:\/\/radiorevelacionfm.cl\/wp-content\/uploads\/2024\/08\/img_5446-1_optimized-1-300x211.jpg 300w, https:\/\/radiorevelacionfm.cl\/wp-content\/uploads\/2024\/08\/img_5446-1_optimized-1-768x540.jpg 768w, https:\/\/radiorevelacionfm.cl\/wp-content\/uploads\/2024\/08\/img_5446-1_optimized-1-705x495.jpg 705w, https:\/\/radiorevelacionfm.cl\/wp-content\/uploads\/2024\/08\/img_5446-1_optimized-1-450x316.jpg 450w, https:\/\/radiorevelacionfm.cl\/wp-content\/uploads\/2024\/08\/img_5446-1_optimized-1-600x422.jpg 600w\" sizes=\"(max-width: 854px) 100vw, 854px\" \/><\/div><\/div><\/div><\/div><div class=\"flex_column av_one_full  flex_column_div av-zero-column-padding first  avia-builder-el-2  el_after_av_one_full  el_before_av_one_full  column-top-margin\" style='border-radius:0px; '><section class=\"av_textblock_section \"  itemscope=\"itemscope\" itemtype=\"https:\/\/schema.org\/BlogPosting\" itemprop=\"blogPost\" ><div class='avia_textblock  '   itemprop=\"text\" ><p style=\"text-align: center;\"><strong><span style=\"font-size: 18pt;\">Con amplio marco de p\u00fablico se desarroll\u00f3 la feria productiva Festival del M\u00e1rmol en Puerto R\u00edo Tranquilo<\/span><\/strong><\/p>\n<div id=\"gtx-trans\" style=\"position: absolute; left: -50px; top: 4.31534px;\">\n<div class=\"gtx-trans-icon\"><\/div>\n<\/div>\n<\/div><\/section><\/div><div class=\"flex_column av_one_full  flex_column_div av-zero-column-padding first  avia-builder-el-4  el_after_av_one_full  el_before_av_hr  column-top-margin\" style='border-radius:0px; '><section class=\"av_textblock_section \"  itemscope=\"itemscope\" itemtype=\"https:\/\/schema.org\/BlogPosting\" itemprop=\"blogPost\" ><div class='avia_textblock  '   itemprop=\"text\" ><p style=\"text-align: justify;\">Con una alta participaci\u00f3n de la comunidad de Puerto R\u00edo Tranquilo y visitantes de distintos sectores de la Regi\u00f3n de Ays\u00e9n, el s\u00e1bado 17 de agosto se vivi\u00f3 un exitoso evento en la comuna de R\u00edo Ib\u00e1\u00f1ez: la \u00abFeria Productiva Festival del M\u00e1rmol 2024\u00bb, que cont\u00f3 con un espectacular show musical de cierre protagonizado por los Charros de Lumaco.<\/p>\n<p style=\"text-align: justify;\">Este importante evento reuni\u00f3 a artesanos, emprendedores y productores locales en un atractivo encuentro de exposiciones llevado a cabo en el gimnasio municipal de dicha localidad, donde los asistentes tambi\u00e9n pudieron disfrutar con m\u00e1s presentaciones a cargo de los grupos regionales C\u00f3digo de Barra, Los Camperos de Murta y Grupo Energ\u00eda X.<\/p>\n<p style=\"text-align: justify;\">Luc\u00eda Barr\u00eda, artesana de la AG de Artesanos de Puerto R\u00edo Tranquilo, destac\u00f3: \u00abAunque no estamos en \u00e9poca de festival, fue una excelente iniciativa que deber\u00eda repetirse. Hay que felicitar a la gente que viene de afuera a conocernos. Puerto Tranquilo est\u00e1 creciendo, y con estos espacios seguimos fomentando el turismo y nuestra artesan\u00eda\u00bb.<\/p>\n<p style=\"text-align: justify;\">El Alcalde de R\u00edo Ib\u00e1\u00f1ez, Juan Saldivia Cea, se\u00f1al\u00f3: \u00abA trav\u00e9s de estos encuentros, involucramos a distintas organizaciones sociales que integran nuestra comunidad y fomentamos el desarrollo de diversas actividades productivas en nuestras localidades. Tuvimos un gran marco de p\u00fablico de distintos puntos de la Regi\u00f3n de Ays\u00e9n, lo cual es muy positivo para el crecimiento de nuestro territorio\u00bb.<\/p>\n<p style=\"text-align: justify;\">Esta iniciativa fue financiada por el Gobierno Regional de Ays\u00e9n, en el marco del Programa de Fortalecimiento Productivo para la comuna de R\u00edo Ib\u00e1\u00f1ez 2024, ejecutado por la I. Municipalidad de R\u00edo Ib\u00e1\u00f1ez, y cont\u00f3 con la destacada colaboraci\u00f3n de la AG de Mineros Artesanales en M\u00e1rmol del Carrera de Puerto R\u00edo Tranquilo, del Club Deportivo, Social y Femenino Ventisquero, del Club Francisco B\u00f3rquez Lagos y del Club Adulto Mayor La Nueva Esperanza; quienes hicieron posible que esta actividad se llevara a cabo de la mejor manera posible.<\/p>\n<\/div><\/section><\/div><div  style='height:50px' class='hr hr-invisible   avia-builder-el-6  el_after_av_one_full  el_before_av_social_share '><span class='hr-inner ' ><span class='hr-inner-style'><\/span><\/span><\/div><\/p>\n<div  class='av-social-sharing-box  avia-builder-el-7  el_after_av_hr  el_before_av_hr  '><div class='av-share-box'><h5 class='av-share-link-description av-no-toc '>Compartir esta noticia<\/h5><ul class='av-share-box-list noLightbox'><li class='av-share-link av-social-link-facebook' ><a target=\"_blank\" aria-label=\"Compartir en Facebook\" href='https:\/\/www.facebook.com\/sharer.php?u=https:\/\/radiorevelacionfm.cl\/?p=45424&#038;t=Con%20amplio%20marco%20de%20p%C3%BAblico%20se%20desarroll%C3%B3%20la%20feria%20productiva%20Festival%20del%20M%C3%A1rmol%20en%20Puerto%20R%C3%ADo%20Tranquilo' aria-hidden='false' data-av_icon='\ue8f3' data-av_iconfont='entypo-fontello' title='' data-avia-related-tooltip='Compartir en Facebook' rel=\"noopener\"><span class='avia_hidden_link_text'>Compartir en Facebook<\/span><\/a><\/li><li class='av-share-link av-social-link-twitter' ><a target=\"_blank\" aria-label=\"Compartir en Twitter\" href='https:\/\/twitter.com\/share?text=Con%20amplio%20marco%20de%20p%C3%BAblico%20se%20desarroll%C3%B3%20la%20feria%20productiva%20Festival%20del%20M%C3%A1rmol%20en%20Puerto%20R%C3%ADo%20Tranquilo&#038;url=https:\/\/radiorevelacionfm.cl\/?p=45424' aria-hidden='false' data-av_icon='\ue8f1' data-av_iconfont='entypo-fontello' title='' data-avia-related-tooltip='Compartir en Twitter' rel=\"noopener\"><span class='avia_hidden_link_text'>Compartir en Twitter<\/span><\/a><\/li><li class='av-share-link av-social-link-whatsapp' ><a target=\"_blank\" aria-label=\"Compartir en Whatsapp\" href='https:\/\/api.whatsapp.com\/send?text=https:\/\/radiorevelacionfm.cl\/?p=45424' aria-hidden='false' data-av_icon='\uf232' data-av_iconfont='entypo-fontello' title='' data-avia-related-tooltip='Compartir en Whatsapp' rel=\"noopener\"><span class='avia_hidden_link_text'>Compartir en Whatsapp<\/span><\/a><\/li><li class='av-share-link av-social-link-linkedin' ><a target=\"_blank\" aria-label=\"Compartir en LinkedIn\" href='https:\/\/linkedin.com\/shareArticle?mini=true&#038;title=Con%20amplio%20marco%20de%20p%C3%BAblico%20se%20desarroll%C3%B3%20la%20feria%20productiva%20Festival%20del%20M%C3%A1rmol%20en%20Puerto%20R%C3%ADo%20Tranquilo&#038;url=https:\/\/radiorevelacionfm.cl\/?p=45424' aria-hidden='false' data-av_icon='\ue8fc' data-av_iconfont='entypo-fontello' title='' data-avia-related-tooltip='Compartir en LinkedIn' rel=\"noopener\"><span class='avia_hidden_link_text'>Compartir en LinkedIn<\/span><\/a><\/li><li class='av-share-link av-social-link-mail' ><a  aria-label=\"Compartir por correo\" href='mailto:?subject=Con%20amplio%20marco%20de%20p%C3%BAblico%20se%20desarroll%C3%B3%20la%20feria%20productiva%20Festival%20del%20M%C3%A1rmol%20en%20Puerto%20R%C3%ADo%20Tranquilo&#038;body=https:\/\/radiorevelacionfm.cl\/?p=45424' aria-hidden='false' data-av_icon='\ue805' data-av_iconfont='entypo-fontello' title='' data-avia-related-tooltip='Compartir por correo'><span class='avia_hidden_link_text'>Compartir por correo<\/span><\/a><\/li><\/ul><\/div><\/div>\n<div  style='height:50px' class='hr hr-invisible   avia-builder-el-8  el_after_av_social_share  el_before_av_comments_list '><span class='hr-inner ' ><span class='hr-inner-style'><\/span><\/span><\/div>\n<div  class='av-buildercomment  av-blog-meta-html-info-disabled av-blog-meta-tag-disabled  '><\/div>\n","protected":false},"excerpt":{"rendered":"","protected":false},"author":1,"featured_media":45425,"comment_status":"open","ping_status":"open","sticky":false,"template":"","format":"standard","meta":{"footnotes":""},"categories":[38],"tags":[],"class_list":["post-45424","post","type-post","status-publish","format-standard","has-post-thumbnail","hentry","category-regional"],"jetpack_featured_media_url":"https:\/\/radiorevelacionfm.cl\/wp-content\/uploads\/2024\/08\/img_5446-1_optimized-1.jpg","_links":{"self":[{"href":"https:\/\/radiorevelacionfm.cl\/index.php?rest_route=\/wp\/v2\/posts\/45424","targetHints":{"allow":["GET"]}}],"collection":[{"href":"https:\/\/radiorevelacionfm.cl\/index.php?rest_route=\/wp\/v2\/posts"}],"about":[{"href":"https:\/\/radiorevelacionfm.cl\/index.php?rest_route=\/wp\/v2\/types\/post"}],"author":[{"embeddable":true,"href":"https:\/\/radiorevelacionfm.cl\/index.php?rest_route=\/wp\/v2\/users\/1"}],"replies":[{"embeddable":true,"href":"https:\/\/radiorevelacionfm.cl\/index.php?rest_route=%2Fwp%2Fv2%2Fcomments&post=45424"}],"version-history":[{"count":1,"href":"https:\/\/radiorevelacionfm.cl\/index.php?rest_route=\/wp\/v2\/posts\/45424\/revisions"}],"predecessor-version":[{"id":45426,"href":"https:\/\/radiorevelacionfm.cl\/index.php?rest_route=\/wp\/v2\/posts\/45424\/revisions\/45426"}],"wp:featuredmedia":[{"embeddable":true,"href":"https:\/\/radiorevelacionfm.cl\/index.php?rest_route=\/wp\/v2\/media\/45425"}],"wp:attachment":[{"href":"https:\/\/radiorevelacionfm.cl\/index.php?rest_route=%2Fwp%2Fv2%2Fmedia&parent=45424"}],"wp:term":[{"taxonomy":"category","embeddable":true,"href":"https:\/\/radiorevelacionfm.cl\/index.php?rest_route=%2Fwp%2Fv2%2Fcategories&post=45424"},{"taxonomy":"post_tag","embeddable":true,"href":"https:\/\/radiorevelacionfm.cl\/index.php?rest_route=%2Fwp%2Fv2%2Ftags&post=45424"}],"curies":[{"name":"wp","href":"https:\/\/api.w.org\/{rel}","templated":true}]}}