{"id":45421,"date":"2024-08-23T19:49:09","date_gmt":"2024-08-23T22:49:09","guid":{"rendered":"https:\/\/radiorevelacionfm.cl\/?p=45421"},"modified":"2024-08-23T19:49:09","modified_gmt":"2024-08-23T22:49:09","slug":"en-coyhaique-logran-detencion-de-individuo-que-mantenia-orden-de-detencion-por-violacion","status":"publish","type":"post","link":"https:\/\/radiorevelacionfm.cl\/?p=45421","title":{"rendered":"En Coyhaique logran detenci\u00f3n de individuo que manten\u00eda orden de detenci\u00f3n por violaci\u00f3n"},"content":{"rendered":"<div class=\"flex_column av_one_full  flex_column_div av-zero-column-padding first  avia-builder-el-0  el_before_av_one_full  avia-builder-el-first  \" style='border-radius:0px; '><div  class='avia-image-container  av-styling-    avia-builder-el-1  avia-builder-el-no-sibling  avia-align-center '  itemprop=\"image\" itemscope=\"itemscope\" itemtype=\"https:\/\/schema.org\/ImageObject\"  ><div class='avia-image-container-inner'><div class='avia-image-overlay-wrap'><img decoding=\"async\" class='wp-image-45422 avia-img-lazy-loading-not-45422 avia_image' src=\"https:\/\/radiorevelacionfm.cl\/wp-content\/uploads\/2024\/08\/patrullaje-1_optimized.jpeg\" alt='' title='patrullaje-(1)_optimized' height=\"600\" width=\"834\"  itemprop=\"thumbnailUrl\" srcset=\"https:\/\/radiorevelacionfm.cl\/wp-content\/uploads\/2024\/08\/patrullaje-1_optimized.jpeg 834w, https:\/\/radiorevelacionfm.cl\/wp-content\/uploads\/2024\/08\/patrullaje-1_optimized-300x216.jpeg 300w, https:\/\/radiorevelacionfm.cl\/wp-content\/uploads\/2024\/08\/patrullaje-1_optimized-768x553.jpeg 768w, https:\/\/radiorevelacionfm.cl\/wp-content\/uploads\/2024\/08\/patrullaje-1_optimized-705x507.jpeg 705w, https:\/\/radiorevelacionfm.cl\/wp-content\/uploads\/2024\/08\/patrullaje-1_optimized-450x324.jpeg 450w, https:\/\/radiorevelacionfm.cl\/wp-content\/uploads\/2024\/08\/patrullaje-1_optimized-600x432.jpeg 600w\" sizes=\"(max-width: 834px) 100vw, 834px\" \/><\/div><\/div><\/div><\/div><div class=\"flex_column av_one_full  flex_column_div av-zero-column-padding first  avia-builder-el-2  el_after_av_one_full  el_before_av_one_full  column-top-margin\" style='border-radius:0px; '><section class=\"av_textblock_section \"  itemscope=\"itemscope\" itemtype=\"https:\/\/schema.org\/BlogPosting\" itemprop=\"blogPost\" ><div class='avia_textblock  '   itemprop=\"text\" ><p style=\"text-align: center;\"><strong><span style=\"font-size: 18pt;\">En Coyhaique logran detenci\u00f3n de individuo que manten\u00eda orden de detenci\u00f3n por violaci\u00f3n<\/span><\/strong><\/p>\n<div id=\"gtx-trans\" style=\"position: absolute; left: -50px; top: 4.31534px;\">\n<div class=\"gtx-trans-icon\"><\/div>\n<\/div>\n<\/div><\/section><\/div><div class=\"flex_column av_one_full  flex_column_div av-zero-column-padding first  avia-builder-el-4  el_after_av_one_full  el_before_av_hr  column-top-margin\" style='border-radius:0px; '><section class=\"av_textblock_section \"  itemscope=\"itemscope\" itemtype=\"https:\/\/schema.org\/BlogPosting\" itemprop=\"blogPost\" ><div class='avia_textblock  '   itemprop=\"text\" ><p style=\"text-align: justify;\">La tarde de este viernes se logr\u00f3 la detenci\u00f3n en el centro de Coyhaique de un individuo que manten\u00eda orden vigente de detenci\u00f3n por el delito de violaci\u00f3n, la acci\u00f3n oportuna de Carabineros de Chile se logr\u00f3 tras la colaboraci\u00f3n de la central de c\u00e1maras del \u00e1rea de Seguridad P\u00fablica del Municipio de Coyhaique, quienes realizaron el seguimiento al actuar del sospechoso, lo que permiti\u00f3 interceptarlo.<\/p>\n<p style=\"text-align: justify;\">Sobre el procedimiento que se realiz\u00f3, Jorge Risco, director de Seguridad P\u00fablica del Municipio de Coyhaique detall\u00f3 que \u201cen un trabajo conjunto de la sala de c\u00e1maras del Municipio de Coyhaique &#8211; SENDA previene y el oportuno actuar de Carabineros de Chile se logr\u00f3 la detenci\u00f3n en las inmediaciones de la plaza Angol de un ciudadano tras ser controlado, que manten\u00eda una orden vigente de detenci\u00f3n por el delito de violaci\u00f3n\u201d.<\/p>\n<p style=\"text-align: justify;\">Por su parte, el alcalde, Carlos Gatica, enfatiz\u00f3 que \u201ceste trabajo coordinado que se est\u00e1 realizando entre los equipos Municipales de Seguridad P\u00fablica y Carabineros de Chile est\u00e1 dando positivos resultados no s\u00f3lo en este hecho puntual sino que tambi\u00e9n en otros preventivos que se han desarrollado y que se continuar\u00e1n llevando a cabo, lo que demuestra que el apoyo que estamos entregando est\u00e1 permitiendo que Carabineros pueda proceder de manera r\u00e1pida y efectiva, dando una mejor respuesta a nuestra comunidad\u201d.<\/p>\n<\/div><\/section><\/div><div  style='height:50px' class='hr hr-invisible   avia-builder-el-6  el_after_av_one_full  el_before_av_social_share '><span class='hr-inner ' ><span class='hr-inner-style'><\/span><\/span><\/div><\/p>\n<div  class='av-social-sharing-box  avia-builder-el-7  el_after_av_hr  el_before_av_hr  '><div class='av-share-box'><h5 class='av-share-link-description av-no-toc '>Compartir esta noticia<\/h5><ul class='av-share-box-list noLightbox'><li class='av-share-link av-social-link-facebook' ><a target=\"_blank\" aria-label=\"Compartir en Facebook\" href='https:\/\/www.facebook.com\/sharer.php?u=https:\/\/radiorevelacionfm.cl\/?p=45421&#038;t=En%20Coyhaique%20logran%20detenci%C3%B3n%20de%20individuo%20que%20manten%C3%ADa%20orden%20de%20detenci%C3%B3n%20por%20violaci%C3%B3n' aria-hidden='false' data-av_icon='\ue8f3' data-av_iconfont='entypo-fontello' title='' data-avia-related-tooltip='Compartir en Facebook' rel=\"noopener\"><span class='avia_hidden_link_text'>Compartir en Facebook<\/span><\/a><\/li><li class='av-share-link av-social-link-twitter' ><a target=\"_blank\" aria-label=\"Compartir en Twitter\" href='https:\/\/twitter.com\/share?text=En%20Coyhaique%20logran%20detenci%C3%B3n%20de%20individuo%20que%20manten%C3%ADa%20orden%20de%20detenci%C3%B3n%20por%20violaci%C3%B3n&#038;url=https:\/\/radiorevelacionfm.cl\/?p=45421' aria-hidden='false' data-av_icon='\ue8f1' data-av_iconfont='entypo-fontello' title='' data-avia-related-tooltip='Compartir en Twitter' rel=\"noopener\"><span class='avia_hidden_link_text'>Compartir en Twitter<\/span><\/a><\/li><li class='av-share-link av-social-link-whatsapp' ><a target=\"_blank\" aria-label=\"Compartir en Whatsapp\" href='https:\/\/api.whatsapp.com\/send?text=https:\/\/radiorevelacionfm.cl\/?p=45421' aria-hidden='false' data-av_icon='\uf232' data-av_iconfont='entypo-fontello' title='' data-avia-related-tooltip='Compartir en Whatsapp' rel=\"noopener\"><span class='avia_hidden_link_text'>Compartir en Whatsapp<\/span><\/a><\/li><li class='av-share-link av-social-link-linkedin' ><a target=\"_blank\" aria-label=\"Compartir en LinkedIn\" href='https:\/\/linkedin.com\/shareArticle?mini=true&#038;title=En%20Coyhaique%20logran%20detenci%C3%B3n%20de%20individuo%20que%20manten%C3%ADa%20orden%20de%20detenci%C3%B3n%20por%20violaci%C3%B3n&#038;url=https:\/\/radiorevelacionfm.cl\/?p=45421' aria-hidden='false' data-av_icon='\ue8fc' data-av_iconfont='entypo-fontello' title='' data-avia-related-tooltip='Compartir en LinkedIn' rel=\"noopener\"><span class='avia_hidden_link_text'>Compartir en LinkedIn<\/span><\/a><\/li><li class='av-share-link av-social-link-mail' ><a  aria-label=\"Compartir por correo\" href='mailto:?subject=En%20Coyhaique%20logran%20detenci%C3%B3n%20de%20individuo%20que%20manten%C3%ADa%20orden%20de%20detenci%C3%B3n%20por%20violaci%C3%B3n&#038;body=https:\/\/radiorevelacionfm.cl\/?p=45421' aria-hidden='false' data-av_icon='\ue805' data-av_iconfont='entypo-fontello' title='' data-avia-related-tooltip='Compartir por correo'><span class='avia_hidden_link_text'>Compartir por correo<\/span><\/a><\/li><\/ul><\/div><\/div>\n<div  style='height:50px' class='hr hr-invisible   avia-builder-el-8  el_after_av_social_share  el_before_av_comments_list '><span class='hr-inner ' ><span class='hr-inner-style'><\/span><\/span><\/div>\n<div  class='av-buildercomment  av-blog-meta-html-info-disabled av-blog-meta-tag-disabled  '><\/div>\n","protected":false},"excerpt":{"rendered":"","protected":false},"author":1,"featured_media":45422,"comment_status":"open","ping_status":"open","sticky":false,"template":"","format":"standard","meta":{"footnotes":""},"categories":[36],"tags":[],"class_list":["post-45421","post","type-post","status-publish","format-standard","has-post-thumbnail","hentry","category-policial"],"jetpack_featured_media_url":"https:\/\/radiorevelacionfm.cl\/wp-content\/uploads\/2024\/08\/patrullaje-1_optimized.jpeg","_links":{"self":[{"href":"https:\/\/radiorevelacionfm.cl\/index.php?rest_route=\/wp\/v2\/posts\/45421","targetHints":{"allow":["GET"]}}],"collection":[{"href":"https:\/\/radiorevelacionfm.cl\/index.php?rest_route=\/wp\/v2\/posts"}],"about":[{"href":"https:\/\/radiorevelacionfm.cl\/index.php?rest_route=\/wp\/v2\/types\/post"}],"author":[{"embeddable":true,"href":"https:\/\/radiorevelacionfm.cl\/index.php?rest_route=\/wp\/v2\/users\/1"}],"replies":[{"embeddable":true,"href":"https:\/\/radiorevelacionfm.cl\/index.php?rest_route=%2Fwp%2Fv2%2Fcomments&post=45421"}],"version-history":[{"count":1,"href":"https:\/\/radiorevelacionfm.cl\/index.php?rest_route=\/wp\/v2\/posts\/45421\/revisions"}],"predecessor-version":[{"id":45423,"href":"https:\/\/radiorevelacionfm.cl\/index.php?rest_route=\/wp\/v2\/posts\/45421\/revisions\/45423"}],"wp:featuredmedia":[{"embeddable":true,"href":"https:\/\/radiorevelacionfm.cl\/index.php?rest_route=\/wp\/v2\/media\/45422"}],"wp:attachment":[{"href":"https:\/\/radiorevelacionfm.cl\/index.php?rest_route=%2Fwp%2Fv2%2Fmedia&parent=45421"}],"wp:term":[{"taxonomy":"category","embeddable":true,"href":"https:\/\/radiorevelacionfm.cl\/index.php?rest_route=%2Fwp%2Fv2%2Fcategories&post=45421"},{"taxonomy":"post_tag","embeddable":true,"href":"https:\/\/radiorevelacionfm.cl\/index.php?rest_route=%2Fwp%2Fv2%2Ftags&post=45421"}],"curies":[{"name":"wp","href":"https:\/\/api.w.org\/{rel}","templated":true}]}}