{"id":45418,"date":"2024-08-23T22:09:19","date_gmt":"2024-08-24T01:09:19","guid":{"rendered":"https:\/\/radiorevelacionfm.cl\/?p=45418"},"modified":"2024-08-23T22:09:19","modified_gmt":"2024-08-24T01:09:19","slug":"gobernadora-macias-califica-de-historica-adquisicion-de-inmueble-para-residencia-de-cuidado-para-la-infancia","status":"publish","type":"post","link":"https:\/\/radiorevelacionfm.cl\/?p=45418","title":{"rendered":"Gobernadora Mac\u00edas califica de \u00abhist\u00f3rica\u00bb adquisici\u00f3n de inmueble para residencia de cuidado para la infancia"},"content":{"rendered":"<div class=\"flex_column av_one_full  flex_column_div av-zero-column-padding first  avia-builder-el-0  el_before_av_one_full  avia-builder-el-first  \" style='border-radius:0px; '><div  class='avia-image-container  av-styling-    avia-builder-el-1  avia-builder-el-no-sibling  avia-align-center '  itemprop=\"image\" itemscope=\"itemscope\" itemtype=\"https:\/\/schema.org\/ImageObject\"  ><div class='avia-image-container-inner'><div class='avia-image-overlay-wrap'><img decoding=\"async\" class='wp-image-45419 avia-img-lazy-loading-not-45419 avia_image' src=\"https:\/\/radiorevelacionfm.cl\/wp-content\/uploads\/2024\/08\/whatsapp-image-2024-08-23-at-12_optimized.13.18-pm-1-1.jpeg\" alt='' title='whatsapp-image-2024-08-23-at-12_optimized.13.18-pm-(1) (1)' height=\"600\" width=\"1171\"  itemprop=\"thumbnailUrl\" srcset=\"https:\/\/radiorevelacionfm.cl\/wp-content\/uploads\/2024\/08\/whatsapp-image-2024-08-23-at-12_optimized.13.18-pm-1-1.jpeg 1171w, https:\/\/radiorevelacionfm.cl\/wp-content\/uploads\/2024\/08\/whatsapp-image-2024-08-23-at-12_optimized.13.18-pm-1-1-300x154.jpeg 300w, https:\/\/radiorevelacionfm.cl\/wp-content\/uploads\/2024\/08\/whatsapp-image-2024-08-23-at-12_optimized.13.18-pm-1-1-1030x528.jpeg 1030w, https:\/\/radiorevelacionfm.cl\/wp-content\/uploads\/2024\/08\/whatsapp-image-2024-08-23-at-12_optimized.13.18-pm-1-1-768x394.jpeg 768w, https:\/\/radiorevelacionfm.cl\/wp-content\/uploads\/2024\/08\/whatsapp-image-2024-08-23-at-12_optimized.13.18-pm-1-1-705x361.jpeg 705w, https:\/\/radiorevelacionfm.cl\/wp-content\/uploads\/2024\/08\/whatsapp-image-2024-08-23-at-12_optimized.13.18-pm-1-1-450x231.jpeg 450w, https:\/\/radiorevelacionfm.cl\/wp-content\/uploads\/2024\/08\/whatsapp-image-2024-08-23-at-12_optimized.13.18-pm-1-1-600x307.jpeg 600w\" sizes=\"(max-width: 1171px) 100vw, 1171px\" \/><\/div><\/div><\/div><\/div><div class=\"flex_column av_one_full  flex_column_div av-zero-column-padding first  avia-builder-el-2  el_after_av_one_full  el_before_av_one_full  column-top-margin\" style='border-radius:0px; '><section class=\"av_textblock_section \"  itemscope=\"itemscope\" itemtype=\"https:\/\/schema.org\/BlogPosting\" itemprop=\"blogPost\" ><div class='avia_textblock  '   itemprop=\"text\" ><p style=\"text-align: center;\"><strong><span style=\"font-size: 18pt;\">Gobernadora Mac\u00edas califica de \u00abhist\u00f3rica\u00bb adquisici\u00f3n de inmueble para residencia de cuidado para la infancia<\/span><\/strong><\/p>\n<div id=\"gtx-trans\" style=\"position: absolute; left: -50px; top: 4.31534px;\">\n<div class=\"gtx-trans-icon\"><\/div>\n<\/div>\n<\/div><\/section><\/div><div class=\"flex_column av_one_full  flex_column_div av-zero-column-padding first  avia-builder-el-4  el_after_av_one_full  el_before_av_hr  column-top-margin\" style='border-radius:0px; '><section class=\"av_textblock_section \"  itemscope=\"itemscope\" itemtype=\"https:\/\/schema.org\/BlogPosting\" itemprop=\"blogPost\" ><div class='avia_textblock  '   itemprop=\"text\" ><p dir=\"ltr\" style=\"text-align: justify;\">La Gobernadora Regional Andrea Mac\u00edas Palma destac\u00f3 la aprobaci\u00f3n del financiamiento para la adquisici\u00f3n de un inmueble de residencia de cuidado alternativo para la segunda infancia en la regi\u00f3n, iniciativa hist\u00f3rica por cuanto no se hab\u00eda abordado la necesidad de un espacio para el cuidado alternativo de infancias vulneradas en el territorio.<\/p>\n<p dir=\"ltr\" style=\"text-align: justify;\">El proyecto por m\u00e1s de 606 millones de pesos considera la compra de una vivienda y equipamiento con capacidad para 12 ni\u00f1os y ni\u00f1as que pueda dar cumplimiento efectivo a las labores que dependen del Servicio Especializado de Protecci\u00f3n de Ni\u00f1os, Ni\u00f1as y Adolescentes.<\/p>\n<p dir=\"ltr\" style=\"text-align: justify;\">Seg\u00fan la Gobernadora se trata de un d\u00eda hist\u00f3rico para la regi\u00f3n, no s\u00f3lo por el monto de la inversi\u00f3n \u00absino por lo que significa, y es la adquisici\u00f3n de una residencia para poder atender a la segunda infancia, que son ni\u00f1os y ni\u00f1as entre 7 y 13 a\u00f1os, que por diversas razones de la vida han sido vulnerados en sus derechos y hoy d\u00eda requieren efectivamente tener un espacio. Esos ni\u00f1os y ni\u00f1as hoy d\u00eda no est\u00e1n en las condiciones adecuadas, la regi\u00f3n no tiene la oferta necesaria para ellos y por lo tanto los exponemos y el Estado sigue vulnerando finalmente a ellos, impidi\u00e9ndoles poder profundizar sus capacidades, su potencial. Por lo tanto, es un tremendo hito y yo agradezco la votaci\u00f3n un\u00e1nime del Consejo\u00bb.<\/p>\n<p dir=\"ltr\" style=\"text-align: justify;\">La iniciativa tambi\u00e9n fue destacada por la Secretaria Regional Ministerial de Desarrollo Social y Familia, Karina Acevedo Auad, quien asegur\u00f3 que esta aprobaci\u00f3n un\u00e1nime en la Sala del Consejo Regional de Ays\u00e9n se logr\u00f3 tras \u00abun camino de harto trabajo, de di\u00e1logo, de conversaci\u00f3n con los equipos t\u00e9cnicos\u00bb.<\/p>\n<p dir=\"ltr\" style=\"text-align: justify;\">La seremi del MDS destac\u00f3 \u00ablo que significa comprar una vivienda para el Servicio de Protecci\u00f3n Especializada, lo que significa tambi\u00e9n el desaf\u00edo para el servicio, contar con los recursos en suplementaci\u00f3n, a contar de qu\u00e9 parte de la vivienda y para, de aqu\u00ed en adelante, esto es una residencia que llega a la regi\u00f3n de Ays\u00e9n, que se instala por apoyo del Consejo, pero que adem\u00e1s de eso va a permitir colaborar a todos nuestros ni\u00f1os que est\u00e1n con vulneraci\u00f3n de derechos. As\u00ed que es una muy buena noticia, de una forma innovadora, como en la regi\u00f3n damos respuesta a una demanda que tenemos en nuestro territorio\u00bb.<\/p>\n<p dir=\"ltr\" style=\"text-align: justify;\">Por su parte, el presidente de la comisi\u00f3n de Desarrollo Social del CORE, donde se discuti\u00f3 la iniciativa, Jorge Sep\u00falveda Haugen, valor\u00f3 \u00abhaber traspasado una l\u00ednea de poder adquirir un bien m\u00e1s all\u00e1 de su monto, pero eso tiene mucha implicancia y potencialidades a futuro, que el Consejo Regional va a estar dispuesto siempre a apoyar a la Seremi de Desarrollo Social por su visi\u00f3n y por su persistencia en esto, y sobre todo los desaf\u00edos que involucran a trabajar sist\u00e9micamente, transversalmente, porque esto no es s\u00f3lo el tema de la vivienda, la casa, no va a resolver los temas, es un tema que simplemente va a simplificar una crisis actual. Ahora hay que abordar las ra\u00edces estructurales, las razones por qu\u00e9 ocurre, trabajar junto con la Gobernadora, junto con la Seremi, junto con todos los actores implicados\u00bb.<\/p>\n<p dir=\"ltr\" style=\"text-align: justify;\">Con este inmueble los ni\u00f1os y ni\u00f1as que requieran la residencia habitar\u00e1n una infraestructura adecuada para vivir diariamente, donde ver\u00e1n cubiertas sus necesidades b\u00e1sicas y proteccionales, contando con un espacio f\u00edsico armonioso y bien tratante con un equipo profesional y t\u00e9cnico que entrega estabilidad y predictibilidad.<\/p>\n<p dir=\"ltr\" style=\"text-align: justify;\">Adem\u00e1s, para las familias de origen, extensas o sustitutas que participan en el proceso de acercamiento y revinculaci\u00f3n familiar; el contar con una infraestructura les permitir\u00e1 acceder a intervenciones de mejor calidad y profundidad lo cual posibilitar\u00e1 que un mayor n\u00famero de ni\u00f1os y ni\u00f1as, logren desarrollar habilidades individuales y sociales, dado que se encontrar\u00e1n en un espacio que favorece la relaci\u00f3n con redes privadas y p\u00fablicas.<\/p>\n<\/div><\/section><\/div><div  style='height:50px' class='hr hr-invisible   avia-builder-el-6  el_after_av_one_full  el_before_av_social_share '><span class='hr-inner ' ><span class='hr-inner-style'><\/span><\/span><\/div><\/p>\n<div  class='av-social-sharing-box  avia-builder-el-7  el_after_av_hr  el_before_av_hr  '><div class='av-share-box'><h5 class='av-share-link-description av-no-toc '>Compartir esta noticia<\/h5><ul class='av-share-box-list noLightbox'><li class='av-share-link av-social-link-facebook' ><a target=\"_blank\" aria-label=\"Compartir en Facebook\" href='https:\/\/www.facebook.com\/sharer.php?u=https:\/\/radiorevelacionfm.cl\/?p=45418&#038;t=Gobernadora%20Mac%C3%ADas%20califica%20de%20%C2%ABhist%C3%B3rica%C2%BB%20adquisici%C3%B3n%20de%20inmueble%20para%20residencia%20de%20cuidado%20para%20la%20infancia' aria-hidden='false' data-av_icon='\ue8f3' data-av_iconfont='entypo-fontello' title='' data-avia-related-tooltip='Compartir en Facebook' rel=\"noopener\"><span class='avia_hidden_link_text'>Compartir en Facebook<\/span><\/a><\/li><li class='av-share-link av-social-link-twitter' ><a target=\"_blank\" aria-label=\"Compartir en Twitter\" href='https:\/\/twitter.com\/share?text=Gobernadora%20Mac%C3%ADas%20califica%20de%20%C2%ABhist%C3%B3rica%C2%BB%20adquisici%C3%B3n%20de%20inmueble%20para%20residencia%20de%20cuidado%20para%20la%20infancia&#038;url=https:\/\/radiorevelacionfm.cl\/?p=45418' aria-hidden='false' data-av_icon='\ue8f1' data-av_iconfont='entypo-fontello' title='' data-avia-related-tooltip='Compartir en Twitter' rel=\"noopener\"><span class='avia_hidden_link_text'>Compartir en Twitter<\/span><\/a><\/li><li class='av-share-link av-social-link-whatsapp' ><a target=\"_blank\" aria-label=\"Compartir en Whatsapp\" href='https:\/\/api.whatsapp.com\/send?text=https:\/\/radiorevelacionfm.cl\/?p=45418' aria-hidden='false' data-av_icon='\uf232' data-av_iconfont='entypo-fontello' title='' data-avia-related-tooltip='Compartir en Whatsapp' rel=\"noopener\"><span class='avia_hidden_link_text'>Compartir en Whatsapp<\/span><\/a><\/li><li class='av-share-link av-social-link-linkedin' ><a target=\"_blank\" aria-label=\"Compartir en LinkedIn\" href='https:\/\/linkedin.com\/shareArticle?mini=true&#038;title=Gobernadora%20Mac%C3%ADas%20califica%20de%20%C2%ABhist%C3%B3rica%C2%BB%20adquisici%C3%B3n%20de%20inmueble%20para%20residencia%20de%20cuidado%20para%20la%20infancia&#038;url=https:\/\/radiorevelacionfm.cl\/?p=45418' aria-hidden='false' data-av_icon='\ue8fc' data-av_iconfont='entypo-fontello' title='' data-avia-related-tooltip='Compartir en LinkedIn' rel=\"noopener\"><span class='avia_hidden_link_text'>Compartir en LinkedIn<\/span><\/a><\/li><li class='av-share-link av-social-link-mail' ><a  aria-label=\"Compartir por correo\" href='mailto:?subject=Gobernadora%20Mac%C3%ADas%20califica%20de%20%C2%ABhist%C3%B3rica%C2%BB%20adquisici%C3%B3n%20de%20inmueble%20para%20residencia%20de%20cuidado%20para%20la%20infancia&#038;body=https:\/\/radiorevelacionfm.cl\/?p=45418' aria-hidden='false' data-av_icon='\ue805' data-av_iconfont='entypo-fontello' title='' data-avia-related-tooltip='Compartir por correo'><span class='avia_hidden_link_text'>Compartir por correo<\/span><\/a><\/li><\/ul><\/div><\/div>\n<div  style='height:50px' class='hr hr-invisible   avia-builder-el-8  el_after_av_social_share  el_before_av_comments_list '><span class='hr-inner ' ><span class='hr-inner-style'><\/span><\/span><\/div>\n<div  class='av-buildercomment  av-blog-meta-html-info-disabled av-blog-meta-tag-disabled  '><\/div>\n","protected":false},"excerpt":{"rendered":"","protected":false},"author":1,"featured_media":45419,"comment_status":"open","ping_status":"open","sticky":false,"template":"","format":"standard","meta":{"footnotes":""},"categories":[38],"tags":[],"class_list":["post-45418","post","type-post","status-publish","format-standard","has-post-thumbnail","hentry","category-regional"],"jetpack_featured_media_url":"https:\/\/radiorevelacionfm.cl\/wp-content\/uploads\/2024\/08\/whatsapp-image-2024-08-23-at-12_optimized.13.18-pm-1-1.jpeg","_links":{"self":[{"href":"https:\/\/radiorevelacionfm.cl\/index.php?rest_route=\/wp\/v2\/posts\/45418","targetHints":{"allow":["GET"]}}],"collection":[{"href":"https:\/\/radiorevelacionfm.cl\/index.php?rest_route=\/wp\/v2\/posts"}],"about":[{"href":"https:\/\/radiorevelacionfm.cl\/index.php?rest_route=\/wp\/v2\/types\/post"}],"author":[{"embeddable":true,"href":"https:\/\/radiorevelacionfm.cl\/index.php?rest_route=\/wp\/v2\/users\/1"}],"replies":[{"embeddable":true,"href":"https:\/\/radiorevelacionfm.cl\/index.php?rest_route=%2Fwp%2Fv2%2Fcomments&post=45418"}],"version-history":[{"count":1,"href":"https:\/\/radiorevelacionfm.cl\/index.php?rest_route=\/wp\/v2\/posts\/45418\/revisions"}],"predecessor-version":[{"id":45420,"href":"https:\/\/radiorevelacionfm.cl\/index.php?rest_route=\/wp\/v2\/posts\/45418\/revisions\/45420"}],"wp:featuredmedia":[{"embeddable":true,"href":"https:\/\/radiorevelacionfm.cl\/index.php?rest_route=\/wp\/v2\/media\/45419"}],"wp:attachment":[{"href":"https:\/\/radiorevelacionfm.cl\/index.php?rest_route=%2Fwp%2Fv2%2Fmedia&parent=45418"}],"wp:term":[{"taxonomy":"category","embeddable":true,"href":"https:\/\/radiorevelacionfm.cl\/index.php?rest_route=%2Fwp%2Fv2%2Fcategories&post=45418"},{"taxonomy":"post_tag","embeddable":true,"href":"https:\/\/radiorevelacionfm.cl\/index.php?rest_route=%2Fwp%2Fv2%2Ftags&post=45418"}],"curies":[{"name":"wp","href":"https:\/\/api.w.org\/{rel}","templated":true}]}}