{"id":45411,"date":"2024-08-23T18:57:38","date_gmt":"2024-08-23T21:57:38","guid":{"rendered":"https:\/\/radiorevelacionfm.cl\/?p=45411"},"modified":"2024-08-23T18:57:38","modified_gmt":"2024-08-23T21:57:38","slug":"minagri-desarrolla-comision-intersectorial-para-la-conservacion-del-huemul-y-entrega-balance-de-medidas-ejecutadas","status":"publish","type":"post","link":"https:\/\/radiorevelacionfm.cl\/?p=45411","title":{"rendered":"Minagri desarrolla Comisi\u00f3n Intersectorial para la Conservaci\u00f3n del Huemul y entrega balance de medidas ejecutadas"},"content":{"rendered":"<div class=\"flex_column av_one_full  flex_column_div av-zero-column-padding first  avia-builder-el-0  el_before_av_one_full  avia-builder-el-first  \" style='border-radius:0px; '><div  class='avia-image-container  av-styling-    avia-builder-el-1  avia-builder-el-no-sibling  avia-align-center '  itemprop=\"image\" itemscope=\"itemscope\" itemtype=\"https:\/\/schema.org\/ImageObject\"  ><div class='avia-image-container-inner'><div class='avia-image-overlay-wrap'><img decoding=\"async\" class='wp-image-45412 avia-img-lazy-loading-not-45412 avia_image' src=\"https:\/\/radiorevelacionfm.cl\/wp-content\/uploads\/2024\/08\/foto-huemul-cortesia-sag-1_optimized.jpeg\" alt='' title='foto-huemul---cortes\u00eda-sag-(1)_optimized' height=\"600\" width=\"900\"  itemprop=\"thumbnailUrl\" srcset=\"https:\/\/radiorevelacionfm.cl\/wp-content\/uploads\/2024\/08\/foto-huemul-cortesia-sag-1_optimized.jpeg 900w, https:\/\/radiorevelacionfm.cl\/wp-content\/uploads\/2024\/08\/foto-huemul-cortesia-sag-1_optimized-300x200.jpeg 300w, https:\/\/radiorevelacionfm.cl\/wp-content\/uploads\/2024\/08\/foto-huemul-cortesia-sag-1_optimized-768x512.jpeg 768w, https:\/\/radiorevelacionfm.cl\/wp-content\/uploads\/2024\/08\/foto-huemul-cortesia-sag-1_optimized-705x470.jpeg 705w, https:\/\/radiorevelacionfm.cl\/wp-content\/uploads\/2024\/08\/foto-huemul-cortesia-sag-1_optimized-450x300.jpeg 450w, https:\/\/radiorevelacionfm.cl\/wp-content\/uploads\/2024\/08\/foto-huemul-cortesia-sag-1_optimized-600x400.jpeg 600w\" sizes=\"(max-width: 900px) 100vw, 900px\" \/><\/div><\/div><\/div><\/div><div class=\"flex_column av_one_full  flex_column_div av-zero-column-padding first  avia-builder-el-2  el_after_av_one_full  el_before_av_one_full  column-top-margin\" style='border-radius:0px; '><section class=\"av_textblock_section \"  itemscope=\"itemscope\" itemtype=\"https:\/\/schema.org\/BlogPosting\" itemprop=\"blogPost\" ><div class='avia_textblock  '   itemprop=\"text\" ><p style=\"text-align: center;\"><span style=\"font-size: 18pt;\"><b>Minagri desarrolla Comisi\u00f3n Intersectorial para la Conservaci\u00f3n del Huemul y entrega balance de medidas ejecutadas<\/b><\/span><\/p>\n<div id=\"gtx-trans\" style=\"position: absolute; left: -50px; top: 4.31534px;\">\n<div class=\"gtx-trans-icon\"><\/div>\n<\/div>\n<\/div><\/section><\/div><div class=\"flex_column av_one_full  flex_column_div av-zero-column-padding first  avia-builder-el-4  el_after_av_one_full  el_before_av_hr  column-top-margin\" style='border-radius:0px; '><section class=\"av_textblock_section \"  itemscope=\"itemscope\" itemtype=\"https:\/\/schema.org\/BlogPosting\" itemprop=\"blogPost\" ><div class='avia_textblock  '   itemprop=\"text\" ><p style=\"text-align: justify;\">Con m\u00e1s de 10 a\u00f1os de trabajo p\u00fablico-privado, este martes 20 de agosto sesion\u00f3 de manera h\u00edbrida la Comisi\u00f3n Intersectorial para la Conservaci\u00f3n del Huemul, instancia que coordina acciones concretas para la protecci\u00f3n y conservaci\u00f3n de la especie end\u00e9mica en peligro de extensi\u00f3n que habita en la regi\u00f3n de Ays\u00e9n. El Gobierno Regional de Ays\u00e9n junto a miembros del Consejo Regional; el Ministerio de Agricultura junto al Servicio Agr\u00edcola y Ganadero (SAG), la Corporaci\u00f3n Nacional Forestal (CONAF), el Instituto de Desarrollo Agropecuario (INDAP); Bienes Nacionales; Obras P\u00fablicas; Medioambiente; Sernatur; Ej\u00e9rcito de Chile; representantes de los municipios de Coyhaique y Tortel; CIEP; Rewilding Chile; CODEFF Ays\u00e9n; Fundaci\u00f3n Kosken, Aumen, Shoonem y La Tapera, fueron entidades que participaron en esta sesi\u00f3n.<\/p>\n<p style=\"text-align: justify;\">\u00abEl agro ha ejecutado medidas para la protecci\u00f3n del huemul. A la fecha, tiene convenios activos de Conaf con organizaciones como Kosken y Shoonem, y prontamente SAG tendr\u00e1 con la Fundaci\u00f3n Aumen para fortalecer el trabajo sanitario. En tanto, Rewilding tiene convenios vigentes con ambos servicios de nuestro Ministerio. Hemos avanzado y hoy estamos enfocados en articular medidas p\u00fablico-privadas locales y binacionales, en el entendiendo que el 60 % de la distribuci\u00f3n conocida del huemul en Chile, se concentra en la regi\u00f3n de Ays\u00e9n\u00bb, detall\u00f3 en el encuentro el seremi de Agricultura, Eugenio Ruiz Espinoza.<\/p>\n<p style=\"text-align: justify;\">Con principal foco en priorizar las amenazas para la especie que han sido planteadas en el transcurso del trabajo en torno al huemul, el equipo t\u00e9cnico del Minagri, compuesto por la Secretar\u00eda Regional y los servicios del SAG, Conaf e Indap, fueron sistematizadas para definir l\u00edneas de acci\u00f3n a trav\u00e9s de los integrantes de la Comisi\u00f3n.<\/p>\n<p style=\"text-align: justify;\">Transmisi\u00f3n de enfermedades por ovinos, bovinos y perros; desplazamiento del huemul por presencia de bovinos, ovinos, equinos, jabal\u00ed y ciervo rojo; competencia por alimento; atropello en carreteras y caminos relacionados al h\u00e1bitat; p\u00e9rdida y fragmentaci\u00f3n de h\u00e1bitat; caza y hostigamiento por personas; falta de informaci\u00f3n cient\u00edfico-t\u00e9cnica y falta de conciencia de la poblaci\u00f3n en cuanto a la protecci\u00f3n de una especie en peligro de extinci\u00f3n, son las principales amenazas detectadas.<\/p>\n<p style=\"text-align: justify;\">De esta manera, la oportunidad dio cuenta del trabajo realizado por el SAG desde octubre 2023 a la fecha, de acuerdo con la l\u00ednea base sanitaria de la especie, muestreos y capturas. Para este 2024, el servicio se mantiene en constante trabajo para ampliar el \u00e1rea de muestreo, generar apoyo y coordinaciones externas e internas, publicaciones cient\u00edficas, adem\u00e1s de validar la base sangu\u00ednea de la especie.<\/p>\n<p style=\"text-align: justify;\">Por su parte, en representaci\u00f3n del Gobierno Regional de Ays\u00e9n, Francisco Lara, detall\u00f3 que \u00abel trabajo de la Comisi\u00f3n se ha venido desarrollando hace varios a\u00f1os, pero se ha retomado desde el a\u00f1o pasado m\u00e1s peri\u00f3dicamente con nuestra gobernadora Andrea Mac\u00edas presidiendo la instancia. En la \u00faltima sesi\u00f3n pudimos escuchar los avances del SAG en cuanto al monitoreo de la especie, las enfermedades que tiene como amenaza, y tambi\u00e9n el trabajo de la Fundaci\u00f3n Kosken en la Reserva Nacional Lago Las Torres. Pudimos conocer los alcances de su intervenci\u00f3n, siempre en coordinaci\u00f3n con el Ministerio de Agricultura, que act\u00faa como secretar\u00eda t\u00e9cnica de esta instancia\u00bb.<\/p>\n<p style=\"text-align: justify;\">Adicionalmente, Conaf dio cuenta de la inspecci\u00f3n de lugares preliminares donde ubicar se\u00f1al\u00e9ticas en el Parque Nacional Cerro Castillo. Se estima que este proceso pueda ejecutarse a finales del segundo semestre del presente a\u00f1o, cuando no exista nieve en el tramo. Asimismo, la gesti\u00f3n ser\u00e1 acompa\u00f1a de controles carreteros para la prevenci\u00f3n vehicular en la ruta 7 de la Carretera Austral.<\/p>\n<p style=\"text-align: justify;\">El director de la Fundaci\u00f3n Kosken, Ra\u00fal Desmadryl, indic\u00f3 que \u00abestamos viendo un proyecto de conservaci\u00f3n de la especie en el paralelo 45\u00ba sur, zona en la cual nos vinculamos directamente con un Parque Municipal de Argentina, Shoonem. A trav\u00e9s de c\u00e1maras trampa y distintas formas de seguimiento, podemos tener evidencia de corredor de Huemules. Hay un movimiento binacional\u00bb.<\/p>\n<p style=\"text-align: justify;\">\u00abHace un tiempo atr\u00e1s empezamos a trabajar con Conaf y con bastantes resultados positivos, haciendo un acuerdo de colaboraci\u00f3n tripartita junto a Fundaci\u00f3n Shoonem. Estamos generando impactos en la zona donde trabajamos y compartimos geograf\u00eda, pues necesitamos ver esto de una forma integral. Tomamos la recomendaci\u00f3n de Conaf, nos sumamos a la Comisi\u00f3n el a\u00f1o pasado y con esta reuni\u00f3n estamos bastante contentos\u00bb, detall\u00f3 Desmadryl.<\/p>\n<p style=\"text-align: justify;\">Cabe se\u00f1alar que, durante los a\u00f1os de trabajo de la Comisi\u00f3n, se ha recopilado informaci\u00f3n de inter\u00e9s para la conservaci\u00f3n del huemul que ahora est\u00e1 almacenada en una plataforma digital p\u00fablica que proporcion\u00f3 el Gobierno Regional de Ays\u00e9n, a trav\u00e9s de la Divisi\u00f3n de Planificaci\u00f3n y Desarrollo Regional, que permite el almacenamiento de datos en l\u00ednea y transparencia de informes a la fecha. Para acceder al sitio, puedes hacer\u00a0click\u00a0<a href=\"https:\/\/gorecloud.goreaysen.cl\/owncloud\/index.php\/s\/o6O6ig9IatdK1O0\">aqu\u00ed<\/a>.<\/p>\n<\/div><\/section><\/div><div  style='height:50px' class='hr hr-invisible   avia-builder-el-6  el_after_av_one_full  el_before_av_social_share '><span class='hr-inner ' ><span class='hr-inner-style'><\/span><\/span><\/div><\/p>\n<div  class='av-social-sharing-box  avia-builder-el-7  el_after_av_hr  el_before_av_hr  '><div class='av-share-box'><h5 class='av-share-link-description av-no-toc '>Compartir esta noticia<\/h5><ul class='av-share-box-list noLightbox'><li class='av-share-link av-social-link-facebook' ><a target=\"_blank\" aria-label=\"Compartir en Facebook\" href='https:\/\/www.facebook.com\/sharer.php?u=https:\/\/radiorevelacionfm.cl\/?p=45411&#038;t=Minagri%20desarrolla%20Comisi%C3%B3n%20Intersectorial%20para%20la%20Conservaci%C3%B3n%20del%20Huemul%20y%20entrega%20balance%20de%20medidas%20ejecutadas' aria-hidden='false' data-av_icon='\ue8f3' data-av_iconfont='entypo-fontello' title='' data-avia-related-tooltip='Compartir en Facebook' rel=\"noopener\"><span class='avia_hidden_link_text'>Compartir en Facebook<\/span><\/a><\/li><li class='av-share-link av-social-link-twitter' ><a target=\"_blank\" aria-label=\"Compartir en Twitter\" href='https:\/\/twitter.com\/share?text=Minagri%20desarrolla%20Comisi%C3%B3n%20Intersectorial%20para%20la%20Conservaci%C3%B3n%20del%20Huemul%20y%20entrega%20balance%20de%20medidas%20ejecutadas&#038;url=https:\/\/radiorevelacionfm.cl\/?p=45411' aria-hidden='false' data-av_icon='\ue8f1' data-av_iconfont='entypo-fontello' title='' data-avia-related-tooltip='Compartir en Twitter' rel=\"noopener\"><span class='avia_hidden_link_text'>Compartir en Twitter<\/span><\/a><\/li><li class='av-share-link av-social-link-whatsapp' ><a target=\"_blank\" aria-label=\"Compartir en Whatsapp\" href='https:\/\/api.whatsapp.com\/send?text=https:\/\/radiorevelacionfm.cl\/?p=45411' aria-hidden='false' data-av_icon='\uf232' data-av_iconfont='entypo-fontello' title='' data-avia-related-tooltip='Compartir en Whatsapp' rel=\"noopener\"><span class='avia_hidden_link_text'>Compartir en Whatsapp<\/span><\/a><\/li><li class='av-share-link av-social-link-linkedin' ><a target=\"_blank\" aria-label=\"Compartir en LinkedIn\" href='https:\/\/linkedin.com\/shareArticle?mini=true&#038;title=Minagri%20desarrolla%20Comisi%C3%B3n%20Intersectorial%20para%20la%20Conservaci%C3%B3n%20del%20Huemul%20y%20entrega%20balance%20de%20medidas%20ejecutadas&#038;url=https:\/\/radiorevelacionfm.cl\/?p=45411' aria-hidden='false' data-av_icon='\ue8fc' data-av_iconfont='entypo-fontello' title='' data-avia-related-tooltip='Compartir en LinkedIn' rel=\"noopener\"><span class='avia_hidden_link_text'>Compartir en LinkedIn<\/span><\/a><\/li><li class='av-share-link av-social-link-mail' ><a  aria-label=\"Compartir por correo\" href='mailto:?subject=Minagri%20desarrolla%20Comisi%C3%B3n%20Intersectorial%20para%20la%20Conservaci%C3%B3n%20del%20Huemul%20y%20entrega%20balance%20de%20medidas%20ejecutadas&#038;body=https:\/\/radiorevelacionfm.cl\/?p=45411' aria-hidden='false' data-av_icon='\ue805' data-av_iconfont='entypo-fontello' title='' data-avia-related-tooltip='Compartir por correo'><span class='avia_hidden_link_text'>Compartir por correo<\/span><\/a><\/li><\/ul><\/div><\/div>\n<div  style='height:50px' class='hr hr-invisible   avia-builder-el-8  el_after_av_social_share  el_before_av_comments_list '><span class='hr-inner ' ><span class='hr-inner-style'><\/span><\/span><\/div>\n<div  class='av-buildercomment  av-blog-meta-html-info-disabled av-blog-meta-tag-disabled  '><\/div>\n","protected":false},"excerpt":{"rendered":"","protected":false},"author":1,"featured_media":45412,"comment_status":"open","ping_status":"open","sticky":false,"template":"","format":"standard","meta":{"footnotes":""},"categories":[38],"tags":[],"class_list":["post-45411","post","type-post","status-publish","format-standard","has-post-thumbnail","hentry","category-regional"],"jetpack_featured_media_url":"https:\/\/radiorevelacionfm.cl\/wp-content\/uploads\/2024\/08\/foto-huemul-cortesia-sag-1_optimized.jpeg","_links":{"self":[{"href":"https:\/\/radiorevelacionfm.cl\/index.php?rest_route=\/wp\/v2\/posts\/45411","targetHints":{"allow":["GET"]}}],"collection":[{"href":"https:\/\/radiorevelacionfm.cl\/index.php?rest_route=\/wp\/v2\/posts"}],"about":[{"href":"https:\/\/radiorevelacionfm.cl\/index.php?rest_route=\/wp\/v2\/types\/post"}],"author":[{"embeddable":true,"href":"https:\/\/radiorevelacionfm.cl\/index.php?rest_route=\/wp\/v2\/users\/1"}],"replies":[{"embeddable":true,"href":"https:\/\/radiorevelacionfm.cl\/index.php?rest_route=%2Fwp%2Fv2%2Fcomments&post=45411"}],"version-history":[{"count":1,"href":"https:\/\/radiorevelacionfm.cl\/index.php?rest_route=\/wp\/v2\/posts\/45411\/revisions"}],"predecessor-version":[{"id":45413,"href":"https:\/\/radiorevelacionfm.cl\/index.php?rest_route=\/wp\/v2\/posts\/45411\/revisions\/45413"}],"wp:featuredmedia":[{"embeddable":true,"href":"https:\/\/radiorevelacionfm.cl\/index.php?rest_route=\/wp\/v2\/media\/45412"}],"wp:attachment":[{"href":"https:\/\/radiorevelacionfm.cl\/index.php?rest_route=%2Fwp%2Fv2%2Fmedia&parent=45411"}],"wp:term":[{"taxonomy":"category","embeddable":true,"href":"https:\/\/radiorevelacionfm.cl\/index.php?rest_route=%2Fwp%2Fv2%2Fcategories&post=45411"},{"taxonomy":"post_tag","embeddable":true,"href":"https:\/\/radiorevelacionfm.cl\/index.php?rest_route=%2Fwp%2Fv2%2Ftags&post=45411"}],"curies":[{"name":"wp","href":"https:\/\/api.w.org\/{rel}","templated":true}]}}