{"id":45405,"date":"2024-08-23T15:57:34","date_gmt":"2024-08-23T18:57:34","guid":{"rendered":"https:\/\/radiorevelacionfm.cl\/?p=45405"},"modified":"2024-08-23T15:57:34","modified_gmt":"2024-08-23T18:57:34","slug":"en-aysen-reconocen-logros-del-deportista-emilio-vera-quien-participara-en-competencia-internacional","status":"publish","type":"post","link":"https:\/\/radiorevelacionfm.cl\/?p=45405","title":{"rendered":"En Ays\u00e9n reconocen logros del deportista Emilio Vera quien participar\u00e1 en competencia internacional"},"content":{"rendered":"<div class=\"flex_column av_one_full  flex_column_div av-zero-column-padding first  avia-builder-el-0  el_before_av_one_full  avia-builder-el-first  \" style='border-radius:0px; '><div  class='avia-image-container  av-styling-    avia-builder-el-1  avia-builder-el-no-sibling  avia-align-center '  itemprop=\"image\" itemscope=\"itemscope\" itemtype=\"https:\/\/schema.org\/ImageObject\"  ><div class='avia-image-container-inner'><div class='avia-image-overlay-wrap'><img decoding=\"async\" class='wp-image-45406 avia-img-lazy-loading-not-45406 avia_image' src=\"https:\/\/radiorevelacionfm.cl\/wp-content\/uploads\/2024\/08\/emilio1-1_optimized.jpg\" alt='' title='emilio1-(1)_optimized' height=\"600\" width=\"881\"  itemprop=\"thumbnailUrl\" srcset=\"https:\/\/radiorevelacionfm.cl\/wp-content\/uploads\/2024\/08\/emilio1-1_optimized.jpg 881w, https:\/\/radiorevelacionfm.cl\/wp-content\/uploads\/2024\/08\/emilio1-1_optimized-300x204.jpg 300w, https:\/\/radiorevelacionfm.cl\/wp-content\/uploads\/2024\/08\/emilio1-1_optimized-768x523.jpg 768w, https:\/\/radiorevelacionfm.cl\/wp-content\/uploads\/2024\/08\/emilio1-1_optimized-705x480.jpg 705w, https:\/\/radiorevelacionfm.cl\/wp-content\/uploads\/2024\/08\/emilio1-1_optimized-450x306.jpg 450w, https:\/\/radiorevelacionfm.cl\/wp-content\/uploads\/2024\/08\/emilio1-1_optimized-600x409.jpg 600w\" sizes=\"(max-width: 881px) 100vw, 881px\" \/><\/div><\/div><\/div><\/div><div class=\"flex_column av_one_full  flex_column_div av-zero-column-padding first  avia-builder-el-2  el_after_av_one_full  el_before_av_one_full  column-top-margin\" style='border-radius:0px; '><section class=\"av_textblock_section \"  itemscope=\"itemscope\" itemtype=\"https:\/\/schema.org\/BlogPosting\" itemprop=\"blogPost\" ><div class='avia_textblock  '   itemprop=\"text\" ><p style=\"text-align: center;\"><strong><span style=\"font-size: 18pt;\">En Ays\u00e9n reconocen logros del deportista Emilio Vera quien participar\u00e1 en competencia internacional<\/span><\/strong><\/p>\n<div id=\"gtx-trans\" style=\"position: absolute; left: -50px; top: 4.31534px;\">\n<div class=\"gtx-trans-icon\"><\/div>\n<\/div>\n<\/div><\/section><\/div><div class=\"flex_column av_one_full  flex_column_div av-zero-column-padding first  avia-builder-el-4  el_after_av_one_full  el_before_av_hr  column-top-margin\" style='border-radius:0px; '><section class=\"av_textblock_section \"  itemscope=\"itemscope\" itemtype=\"https:\/\/schema.org\/BlogPosting\" itemprop=\"blogPost\" ><div class='avia_textblock  '   itemprop=\"text\" ><p style=\"text-align: justify;\">El joven estudiante del Colegio Kalem y de la escuela de Karate \u00abAska Ays\u00e9n\u00bb, Emilio Vera Salinas, recibi\u00f3 de manos del alcalde, Julio Uribe, un reconocimiento por su destacado rendimiento en el deporte, que le signific\u00f3 recientemente obtener el tercer lugar de su categor\u00eda en el Sudamericano de Karate, realizado en Santa Cruz, Bolivia.<\/p>\n<p style=\"text-align: justify;\">La autoridad comunal, tambi\u00e9n felicit\u00f3 a Emilio por ser primero en el ranking nacional 2024, lo que vali\u00f3 su participaci\u00f3n en la 31 edici\u00f3n del Campeonato Panamericano de karate Sao Bernardo Do Campo, San Pablo, Brasil 2024, que se realizar\u00e1 desde el 26 de agosto al 01 de septiembre pr\u00f3ximo.<\/p>\n<p style=\"text-align: justify;\">\u201cAl verlo realizado como el n\u00famero de Chile en su categor\u00eda, es importante, felicitarlo y agradecerle porque est\u00e1 siendo un referente del deporte aysenino y que tengamos esta representaci\u00f3n en Brasil, como seleccionado nacional creo que es una instancia especial para un aysenino. Por lo tanto, felicitarlo, desearle lo mejor, \u00e9l ya es un triunfador, as\u00ed es que, felicitar a la familia por su gran trabajo, a su sensei Marco Co\u00f1uecar\u201d, se\u00f1al\u00f3 el Alcalde, Julio Uribe.<\/p>\n<p style=\"text-align: justify;\">Una intensa preparaci\u00f3n, con un equipo t\u00e9cnico y profesional para llegar en las mejores condiciones a la pr\u00f3xima competencia internacional, se encuentra Emilio Vera, \u201cme estoy preparando bien, tanto mental como f\u00edsicamente, adem\u00e1s del tremendo apoyo que me est\u00e1n dando mi pap\u00e1 y mi mam\u00e1, el colegio igual me ha apoyado harto\u201d, indic\u00f3 Emilio.<\/p>\n<p style=\"text-align: justify;\">El joven deportista aysenino, agradeci\u00f3 el reconocimiento de la primera autoridad comunal y reafirm\u00f3 que est\u00e1 muy ansioso de competir en Brasil, dejando un mensaje a sus pares a practicar alguna disciplina y perseguir sus sue\u00f1os.<\/p>\n<p style=\"text-align: justify;\">\u201cMuy contento, agradecer el reconocimiento que me hicieron y agradecer la invitaci\u00f3n. Estoy nervioso, ansioso y voy a ir a buscar resultados al Panamericano de Brasil. Decir a otros ni\u00f1os y j\u00f3venes, que busquen su deporte y persigan su sue\u00f1o, porque yo cuando era peque\u00f1o ten\u00eda un sue\u00f1o que era estar en la selecci\u00f3n e ir a una Panamericano y lo estoy cumpliendo\u201d.<\/p>\n<p style=\"text-align: justify;\">Desde el Municipio desearon todo el \u00e9xito a Emilio Vera, para la competencia que se desarrolla en los pr\u00f3ximos d\u00edas en Brasil.<\/p>\n<\/div><\/section><\/div><div  style='height:50px' class='hr hr-invisible   avia-builder-el-6  el_after_av_one_full  el_before_av_social_share '><span class='hr-inner ' ><span class='hr-inner-style'><\/span><\/span><\/div><\/p>\n<div  class='av-social-sharing-box  avia-builder-el-7  el_after_av_hr  el_before_av_hr  '><div class='av-share-box'><h5 class='av-share-link-description av-no-toc '>Compartir esta noticia<\/h5><ul class='av-share-box-list noLightbox'><li class='av-share-link av-social-link-facebook' ><a target=\"_blank\" aria-label=\"Compartir en Facebook\" href='https:\/\/www.facebook.com\/sharer.php?u=https:\/\/radiorevelacionfm.cl\/?p=45405&#038;t=En%20Ays%C3%A9n%20reconocen%20logros%20del%20deportista%20Emilio%20Vera%20quien%20participar%C3%A1%20en%20competencia%20internacional' aria-hidden='false' data-av_icon='\ue8f3' data-av_iconfont='entypo-fontello' title='' data-avia-related-tooltip='Compartir en Facebook' rel=\"noopener\"><span class='avia_hidden_link_text'>Compartir en Facebook<\/span><\/a><\/li><li class='av-share-link av-social-link-twitter' ><a target=\"_blank\" aria-label=\"Compartir en Twitter\" href='https:\/\/twitter.com\/share?text=En%20Ays%C3%A9n%20reconocen%20logros%20del%20deportista%20Emilio%20Vera%20quien%20participar%C3%A1%20en%20competencia%20internacional&#038;url=https:\/\/radiorevelacionfm.cl\/?p=45405' aria-hidden='false' data-av_icon='\ue8f1' data-av_iconfont='entypo-fontello' title='' data-avia-related-tooltip='Compartir en Twitter' rel=\"noopener\"><span class='avia_hidden_link_text'>Compartir en Twitter<\/span><\/a><\/li><li class='av-share-link av-social-link-whatsapp' ><a target=\"_blank\" aria-label=\"Compartir en Whatsapp\" href='https:\/\/api.whatsapp.com\/send?text=https:\/\/radiorevelacionfm.cl\/?p=45405' aria-hidden='false' data-av_icon='\uf232' data-av_iconfont='entypo-fontello' title='' data-avia-related-tooltip='Compartir en Whatsapp' rel=\"noopener\"><span class='avia_hidden_link_text'>Compartir en Whatsapp<\/span><\/a><\/li><li class='av-share-link av-social-link-linkedin' ><a target=\"_blank\" aria-label=\"Compartir en LinkedIn\" href='https:\/\/linkedin.com\/shareArticle?mini=true&#038;title=En%20Ays%C3%A9n%20reconocen%20logros%20del%20deportista%20Emilio%20Vera%20quien%20participar%C3%A1%20en%20competencia%20internacional&#038;url=https:\/\/radiorevelacionfm.cl\/?p=45405' aria-hidden='false' data-av_icon='\ue8fc' data-av_iconfont='entypo-fontello' title='' data-avia-related-tooltip='Compartir en LinkedIn' rel=\"noopener\"><span class='avia_hidden_link_text'>Compartir en LinkedIn<\/span><\/a><\/li><li class='av-share-link av-social-link-mail' ><a  aria-label=\"Compartir por correo\" href='mailto:?subject=En%20Ays%C3%A9n%20reconocen%20logros%20del%20deportista%20Emilio%20Vera%20quien%20participar%C3%A1%20en%20competencia%20internacional&#038;body=https:\/\/radiorevelacionfm.cl\/?p=45405' aria-hidden='false' data-av_icon='\ue805' data-av_iconfont='entypo-fontello' title='' data-avia-related-tooltip='Compartir por correo'><span class='avia_hidden_link_text'>Compartir por correo<\/span><\/a><\/li><\/ul><\/div><\/div>\n<div  style='height:50px' class='hr hr-invisible   avia-builder-el-8  el_after_av_social_share  el_before_av_comments_list '><span class='hr-inner ' ><span class='hr-inner-style'><\/span><\/span><\/div>\n<div  class='av-buildercomment  av-blog-meta-html-info-disabled av-blog-meta-tag-disabled  '><\/div>\n","protected":false},"excerpt":{"rendered":"","protected":false},"author":1,"featured_media":45406,"comment_status":"open","ping_status":"open","sticky":false,"template":"","format":"standard","meta":{"footnotes":""},"categories":[38],"tags":[],"class_list":["post-45405","post","type-post","status-publish","format-standard","has-post-thumbnail","hentry","category-regional"],"jetpack_featured_media_url":"https:\/\/radiorevelacionfm.cl\/wp-content\/uploads\/2024\/08\/emilio1-1_optimized.jpg","_links":{"self":[{"href":"https:\/\/radiorevelacionfm.cl\/index.php?rest_route=\/wp\/v2\/posts\/45405","targetHints":{"allow":["GET"]}}],"collection":[{"href":"https:\/\/radiorevelacionfm.cl\/index.php?rest_route=\/wp\/v2\/posts"}],"about":[{"href":"https:\/\/radiorevelacionfm.cl\/index.php?rest_route=\/wp\/v2\/types\/post"}],"author":[{"embeddable":true,"href":"https:\/\/radiorevelacionfm.cl\/index.php?rest_route=\/wp\/v2\/users\/1"}],"replies":[{"embeddable":true,"href":"https:\/\/radiorevelacionfm.cl\/index.php?rest_route=%2Fwp%2Fv2%2Fcomments&post=45405"}],"version-history":[{"count":1,"href":"https:\/\/radiorevelacionfm.cl\/index.php?rest_route=\/wp\/v2\/posts\/45405\/revisions"}],"predecessor-version":[{"id":45407,"href":"https:\/\/radiorevelacionfm.cl\/index.php?rest_route=\/wp\/v2\/posts\/45405\/revisions\/45407"}],"wp:featuredmedia":[{"embeddable":true,"href":"https:\/\/radiorevelacionfm.cl\/index.php?rest_route=\/wp\/v2\/media\/45406"}],"wp:attachment":[{"href":"https:\/\/radiorevelacionfm.cl\/index.php?rest_route=%2Fwp%2Fv2%2Fmedia&parent=45405"}],"wp:term":[{"taxonomy":"category","embeddable":true,"href":"https:\/\/radiorevelacionfm.cl\/index.php?rest_route=%2Fwp%2Fv2%2Fcategories&post=45405"},{"taxonomy":"post_tag","embeddable":true,"href":"https:\/\/radiorevelacionfm.cl\/index.php?rest_route=%2Fwp%2Fv2%2Ftags&post=45405"}],"curies":[{"name":"wp","href":"https:\/\/api.w.org\/{rel}","templated":true}]}}