{"id":45401,"date":"2024-08-23T11:17:22","date_gmt":"2024-08-23T14:17:22","guid":{"rendered":"https:\/\/radiorevelacionfm.cl\/?p=45401"},"modified":"2024-08-23T11:17:22","modified_gmt":"2024-08-23T14:17:22","slug":"en-la-junta-se-realizara-jornada-de-rescate-patrimonial-de-antiguas-viviendas","status":"publish","type":"post","link":"https:\/\/radiorevelacionfm.cl\/?p=45401","title":{"rendered":"En La Junta se realizar\u00e1 jornada de rescate patrimonial de antiguas viviendas"},"content":{"rendered":"<div class=\"flex_column av_one_full  flex_column_div av-zero-column-padding first  avia-builder-el-0  el_before_av_one_full  avia-builder-el-first  \" style='border-radius:0px; '><div  class='avia-image-container  av-styling-    avia-builder-el-1  avia-builder-el-no-sibling  avia-align-center '  itemprop=\"image\" itemscope=\"itemscope\" itemtype=\"https:\/\/schema.org\/ImageObject\"  ><div class='avia-image-container-inner'><div class='avia-image-overlay-wrap'><img decoding=\"async\" class='wp-image-45402 avia-img-lazy-loading-not-45402 avia_image' src=\"https:\/\/radiorevelacionfm.cl\/wp-content\/uploads\/2024\/08\/1723560691356-1-1.jpg\" alt='' title='1723560691356 (1) (1)' height=\"600\" width=\"800\"  itemprop=\"thumbnailUrl\" srcset=\"https:\/\/radiorevelacionfm.cl\/wp-content\/uploads\/2024\/08\/1723560691356-1-1.jpg 800w, https:\/\/radiorevelacionfm.cl\/wp-content\/uploads\/2024\/08\/1723560691356-1-1-300x225.jpg 300w, https:\/\/radiorevelacionfm.cl\/wp-content\/uploads\/2024\/08\/1723560691356-1-1-768x576.jpg 768w, https:\/\/radiorevelacionfm.cl\/wp-content\/uploads\/2024\/08\/1723560691356-1-1-705x529.jpg 705w, https:\/\/radiorevelacionfm.cl\/wp-content\/uploads\/2024\/08\/1723560691356-1-1-450x338.jpg 450w, https:\/\/radiorevelacionfm.cl\/wp-content\/uploads\/2024\/08\/1723560691356-1-1-600x450.jpg 600w\" sizes=\"(max-width: 800px) 100vw, 800px\" \/><\/div><\/div><\/div><\/div><div class=\"flex_column av_one_full  flex_column_div av-zero-column-padding first  avia-builder-el-2  el_after_av_one_full  el_before_av_one_full  column-top-margin\" style='border-radius:0px; '><section class=\"av_textblock_section \"  itemscope=\"itemscope\" itemtype=\"https:\/\/schema.org\/BlogPosting\" itemprop=\"blogPost\" ><div class='avia_textblock  '   itemprop=\"text\" ><p style=\"text-align: center;\"><strong><span style=\"font-size: 18pt;\">En La Junta se realizar\u00e1 jornada de rescate patrimonial de antiguas viviendas<\/span><\/strong><\/p>\n<div id=\"gtx-trans\" style=\"position: absolute; left: -50px; top: 4.31534px;\">\n<div class=\"gtx-trans-icon\"><\/div>\n<\/div>\n<\/div><\/section><\/div><div class=\"flex_column av_one_full  flex_column_div av-zero-column-padding first  avia-builder-el-4  el_after_av_one_full  el_before_av_hr  column-top-margin\" style='border-radius:0px; '><section class=\"av_textblock_section \"  itemscope=\"itemscope\" itemtype=\"https:\/\/schema.org\/BlogPosting\" itemprop=\"blogPost\" ><div class='avia_textblock  '   itemprop=\"text\" ><p style=\"text-align: justify;\">El s\u00e1bado 24 de agosto desde las 15:30 horas, en el Mercado de Productos Locales de La Junta se llevar\u00e1 a cabo el taller: \u201cT\u00e9cnicas de dibujo en acuarela y tinta china\u201d, el cual cuenta con 15 cupos para las infancias desde los 10 a\u00f1os y adultos de todas las edades, a participar de este aprendizaje comunitario.<\/p>\n<p style=\"text-align: justify;\">\u201cEn el encuentro pasado, salimos con croqueras a las calles, a observar, identificar y dibujar aquellas casas que la comunidad reconoce hist\u00f3ricamente como patrimonio. En este segundo taller cada participante crear\u00e1 su propia obra de ilustraci\u00f3n de una casa patrimonial; basada en los registros fotogr\u00e1ficos que hemos realizado en La Junta, Puyuhuapi y Ra\u00fal Mar\u00edn Balmaceda. Cada asistente podr\u00e1 experimentar con t\u00e9cnicas de ilustraci\u00f3n en tinta china y acuarela\u201d Coment\u00f3 la arquitecta y ejecutora del proyecto Javiera Carvajal Aracena.<\/p>\n<p style=\"text-align: justify;\">La iniciativa tiene por objetivo la creaci\u00f3n de un registro y levantamiento completo de informaci\u00f3n arquitect\u00f3nica de casas patrimoniales de las localidades de Melinka, Puerto Ra\u00fal Mar\u00edn Balmaceda, La Junta, Puyuhuapi y la localidad de Lago Verde, mediante el uso de diversas t\u00e9cnicas art\u00edsticas. Se espera a su vez la creaci\u00f3n una \u201cGu\u00eda de Campo\u201d, que se\u00f1alar\u00e1 la ubicaci\u00f3n y caracter\u00edsticas de cada inmueble, y as\u00ed tambi\u00e9n, postales de las obras art\u00edsticas representadas de las viviendas; como parte de la difusi\u00f3n y sociabilizaci\u00f3n de la iniciativa.<\/p>\n<p style=\"text-align: justify;\">\u201cLas t\u00e9cnicas constructivas de anta\u00f1o, son un legado que se est\u00e1 perdiendo. El crecimiento urbano de nuestras localidades obligan a demoler o transformar nuestras viviendas; abogando al concepto de \u201cmejorar la calidad de vida de las personas\u00bb pero, sacrificando aquellos inmuebles que, por uno u otro motivo, no han podido ser rescatados, reutilizados o rehabilitados bajo el amparo de la protecci\u00f3n que debiera darse al patrimonio. A trav\u00e9s de nuestro arte, humildemente buscamos plasmar un momento en el tiempo, admirando lo que una vez se hizo, aprendiendo de lo material; resignificando el paisaje cultural caracter\u00edstico del patrimonio en nuestra regi\u00f3n\u201d, enfatiz\u00f3 Javiera Carvajal.<\/p>\n<p style=\"text-align: justify;\">Hogar Hoguera, es un proyecto ejecutado por Ruka M\u00e1gica y apoyado por La Cooperativa Ruta del Jard\u00edn Austral junto al Hotel Terrazas del Palena. Para m\u00e1s informaci\u00f3n est\u00e1 disponible la cuenta de instagram @rukamagica\u00a0 y en\u00a0 la p\u00e1gina web <a href=\"http:\/\/www.australgardenroute.com\/hogar-hoguera\">www.australgardenroute.com\/hogar-hoguera<\/a>.<\/p>\n<p style=\"text-align: justify;\">Iniciativa es financiada por el Ministerio de las Culturas, las Artes y el Patrimonio, L\u00ednea Culturas Regionales convocatoria 2024, \u201cHogar Hoguera: Puesta en valor de casas patrimoniales del eje fronterizo Norte de Ays\u00e9n\u201d.<\/p>\n<\/div><\/section><\/div><div  style='height:50px' class='hr hr-invisible   avia-builder-el-6  el_after_av_one_full  el_before_av_social_share '><span class='hr-inner ' ><span class='hr-inner-style'><\/span><\/span><\/div><\/p>\n<div  class='av-social-sharing-box  avia-builder-el-7  el_after_av_hr  el_before_av_hr  '><div class='av-share-box'><h5 class='av-share-link-description av-no-toc '>Compartir esta noticia<\/h5><ul class='av-share-box-list noLightbox'><li class='av-share-link av-social-link-facebook' ><a target=\"_blank\" aria-label=\"Compartir en Facebook\" href='https:\/\/www.facebook.com\/sharer.php?u=https:\/\/radiorevelacionfm.cl\/?p=45401&#038;t=En%20La%20Junta%20se%20realizar%C3%A1%20jornada%20de%20rescate%20patrimonial%20de%20antiguas%20viviendas' aria-hidden='false' data-av_icon='\ue8f3' data-av_iconfont='entypo-fontello' title='' data-avia-related-tooltip='Compartir en Facebook' rel=\"noopener\"><span class='avia_hidden_link_text'>Compartir en Facebook<\/span><\/a><\/li><li class='av-share-link av-social-link-twitter' ><a target=\"_blank\" aria-label=\"Compartir en Twitter\" href='https:\/\/twitter.com\/share?text=En%20La%20Junta%20se%20realizar%C3%A1%20jornada%20de%20rescate%20patrimonial%20de%20antiguas%20viviendas&#038;url=https:\/\/radiorevelacionfm.cl\/?p=45401' aria-hidden='false' data-av_icon='\ue8f1' data-av_iconfont='entypo-fontello' title='' data-avia-related-tooltip='Compartir en Twitter' rel=\"noopener\"><span class='avia_hidden_link_text'>Compartir en Twitter<\/span><\/a><\/li><li class='av-share-link av-social-link-whatsapp' ><a target=\"_blank\" aria-label=\"Compartir en Whatsapp\" href='https:\/\/api.whatsapp.com\/send?text=https:\/\/radiorevelacionfm.cl\/?p=45401' aria-hidden='false' data-av_icon='\uf232' data-av_iconfont='entypo-fontello' title='' data-avia-related-tooltip='Compartir en Whatsapp' rel=\"noopener\"><span class='avia_hidden_link_text'>Compartir en Whatsapp<\/span><\/a><\/li><li class='av-share-link av-social-link-linkedin' ><a target=\"_blank\" aria-label=\"Compartir en LinkedIn\" href='https:\/\/linkedin.com\/shareArticle?mini=true&#038;title=En%20La%20Junta%20se%20realizar%C3%A1%20jornada%20de%20rescate%20patrimonial%20de%20antiguas%20viviendas&#038;url=https:\/\/radiorevelacionfm.cl\/?p=45401' aria-hidden='false' data-av_icon='\ue8fc' data-av_iconfont='entypo-fontello' title='' data-avia-related-tooltip='Compartir en LinkedIn' rel=\"noopener\"><span class='avia_hidden_link_text'>Compartir en LinkedIn<\/span><\/a><\/li><li class='av-share-link av-social-link-mail' ><a  aria-label=\"Compartir por correo\" href='mailto:?subject=En%20La%20Junta%20se%20realizar%C3%A1%20jornada%20de%20rescate%20patrimonial%20de%20antiguas%20viviendas&#038;body=https:\/\/radiorevelacionfm.cl\/?p=45401' aria-hidden='false' data-av_icon='\ue805' data-av_iconfont='entypo-fontello' title='' data-avia-related-tooltip='Compartir por correo'><span class='avia_hidden_link_text'>Compartir por correo<\/span><\/a><\/li><\/ul><\/div><\/div>\n<div  style='height:50px' class='hr hr-invisible   avia-builder-el-8  el_after_av_social_share  el_before_av_comments_list '><span class='hr-inner ' ><span class='hr-inner-style'><\/span><\/span><\/div>\n<div  class='av-buildercomment  av-blog-meta-html-info-disabled av-blog-meta-tag-disabled  '><\/div>\n","protected":false},"excerpt":{"rendered":"","protected":false},"author":1,"featured_media":45402,"comment_status":"open","ping_status":"open","sticky":false,"template":"","format":"standard","meta":{"footnotes":""},"categories":[38],"tags":[],"class_list":["post-45401","post","type-post","status-publish","format-standard","has-post-thumbnail","hentry","category-regional"],"jetpack_featured_media_url":"https:\/\/radiorevelacionfm.cl\/wp-content\/uploads\/2024\/08\/1723560691356-1-1.jpg","_links":{"self":[{"href":"https:\/\/radiorevelacionfm.cl\/index.php?rest_route=\/wp\/v2\/posts\/45401","targetHints":{"allow":["GET"]}}],"collection":[{"href":"https:\/\/radiorevelacionfm.cl\/index.php?rest_route=\/wp\/v2\/posts"}],"about":[{"href":"https:\/\/radiorevelacionfm.cl\/index.php?rest_route=\/wp\/v2\/types\/post"}],"author":[{"embeddable":true,"href":"https:\/\/radiorevelacionfm.cl\/index.php?rest_route=\/wp\/v2\/users\/1"}],"replies":[{"embeddable":true,"href":"https:\/\/radiorevelacionfm.cl\/index.php?rest_route=%2Fwp%2Fv2%2Fcomments&post=45401"}],"version-history":[{"count":1,"href":"https:\/\/radiorevelacionfm.cl\/index.php?rest_route=\/wp\/v2\/posts\/45401\/revisions"}],"predecessor-version":[{"id":45403,"href":"https:\/\/radiorevelacionfm.cl\/index.php?rest_route=\/wp\/v2\/posts\/45401\/revisions\/45403"}],"wp:featuredmedia":[{"embeddable":true,"href":"https:\/\/radiorevelacionfm.cl\/index.php?rest_route=\/wp\/v2\/media\/45402"}],"wp:attachment":[{"href":"https:\/\/radiorevelacionfm.cl\/index.php?rest_route=%2Fwp%2Fv2%2Fmedia&parent=45401"}],"wp:term":[{"taxonomy":"category","embeddable":true,"href":"https:\/\/radiorevelacionfm.cl\/index.php?rest_route=%2Fwp%2Fv2%2Fcategories&post=45401"},{"taxonomy":"post_tag","embeddable":true,"href":"https:\/\/radiorevelacionfm.cl\/index.php?rest_route=%2Fwp%2Fv2%2Ftags&post=45401"}],"curies":[{"name":"wp","href":"https:\/\/api.w.org\/{rel}","templated":true}]}}