{"id":4540,"date":"2021-05-26T16:16:02","date_gmt":"2021-05-26T19:16:02","guid":{"rendered":"https:\/\/radiorevelacionfm.cl\/?p=4540"},"modified":"2021-05-26T16:16:02","modified_gmt":"2021-05-26T19:16:02","slug":"minvu-realiza-balance-del-plan-de-recuperacion-en-la-region-de-aysen-se-han-generado-2-474-empleos","status":"publish","type":"post","link":"https:\/\/radiorevelacionfm.cl\/?p=4540","title":{"rendered":"Minvu realiza balance del Plan de Recuperaci\u00f3n en la regi\u00f3n de Ays\u00e9n, se han generado 2.474 empleos"},"content":{"rendered":"<div class=\"flex_column av_one_full  flex_column_div av-zero-column-padding first  avia-builder-el-0  el_before_av_one_full  avia-builder-el-first  \" style='border-radius:0px; '><div  class='avia-image-container  av-styling-    avia-builder-el-1  avia-builder-el-no-sibling  avia-align-center '  itemprop=\"image\" itemscope=\"itemscope\" itemtype=\"https:\/\/schema.org\/ImageObject\"  ><div class='avia-image-container-inner'><div class='avia-image-overlay-wrap'><img decoding=\"async\" class='wp-image-0 avia-img-lazy-loading-not-0 avia_image' src=\"https:\/\/radiorevelacionfm.cl\/wp-content\/uploads\/2021\/05\/foto-visita-108-casas-aysen_optimized.jpg\" alt='' title=''   itemprop=\"thumbnailUrl\"  \/><\/div><\/div><\/div><\/div><div class=\"flex_column av_one_full  flex_column_div av-zero-column-padding first  avia-builder-el-2  el_after_av_one_full  el_before_av_one_full  column-top-margin\" style='border-radius:0px; '><section class=\"av_textblock_section \"  itemscope=\"itemscope\" itemtype=\"https:\/\/schema.org\/BlogPosting\" itemprop=\"blogPost\" ><div class='avia_textblock  '   itemprop=\"text\" ><p style=\"text-align: center;\"><strong><span style=\"font-size: 18pt;\">Minvu realiza balance del Plan de Recuperaci\u00f3n en la regi\u00f3n de Ays\u00e9n, se han generado 2.474 empleos<\/span><\/strong><\/p>\n<div id=\"gtx-trans\" style=\"position: absolute; left: -50px; top: 4.31534px;\">\n<div class=\"gtx-trans-icon\"><\/div>\n<\/div>\n<\/div><\/section><\/div><div class=\"flex_column av_one_full  flex_column_div av-zero-column-padding first  avia-builder-el-4  el_after_av_one_full  el_before_av_hr  column-top-margin\" style='border-radius:0px; '><section class=\"av_textblock_section \"  itemscope=\"itemscope\" itemtype=\"https:\/\/schema.org\/BlogPosting\" itemprop=\"blogPost\" ><div class='avia_textblock  '   itemprop=\"text\" ><p style=\"text-align: justify;\">La crisis econ\u00f3mica provocada por la pandemia del Covid-19 ha impactado en la situaci\u00f3n laboral e ingresos de miles de familias en el pa\u00eds, especialmente de las m\u00e1s vulnerables y de clase media. Considerando esto, el Ministerio de Vivienda y Urbanismo impuls\u00f3 el <strong>Plan de Recuperaci\u00f3n Econ\u00f3mica y Social, <\/strong>que se enmarca en el Plan \u201cPaso a Paso Chile se Recupera\u201d impulsado por el Presidente Sebasti\u00e1n Pi\u00f1era, enfocado en la generaci\u00f3n de empleos, en la atenci\u00f3n focalizada a grupos vulnerables y en la agilizaci\u00f3n de los tr\u00e1mites para facilitar y acelerar la inversi\u00f3n.<\/p>\n<p style=\"text-align: justify;\">En ese contexto, el Ministro de Vivienda y Urbanismo, Felipe Ward, realiz\u00f3 un balance de esta iniciativa que hasta el momento ha generado 2.474 empleos en la regi\u00f3n de Ays\u00e9n y 161 mil en todo el pa\u00eds.<\/p>\n<p style=\"text-align: justify;\">En ese sentido, el titular de la cartera asegur\u00f3 que \u201cComo Ministerio de Vivienda y Urbanismo estamos en el coraz\u00f3n del proceso liderado por el Presidente Sebasti\u00e1n Pi\u00f1era de recuperaci\u00f3n econ\u00f3mica y social de Chile y para el que ha sido fundamental el trabajo colaborativo de los sectores p\u00fablico y privado. Este plan de recuperaci\u00f3n, iniciado en 2020, nos ha permitido contar con el mayor presupuesto hist\u00f3rico del ministerio, lo que se traduce en una importante aceleraci\u00f3n de nuestros procesos para ir en ayuda directa de las familias que m\u00e1s han sufrido las consecuencias de la pandemia y la crisis social. Son cerca de 70 mil viviendas que iniciaremos este a\u00f1o y la entrega de 300 mil subsidios, beneficiando a m\u00e1s de 1 mill\u00f3n de chilenos que necesitan de este esfuerzo extraordinario que como Minvu y como Gobierno estamos haciendo en materia de viviendas y obras urbanas\u201d.<\/p>\n<p style=\"text-align: justify;\">De igual forma \u00a0el Seremi de Vivienda, Diego Silva, destac\u00f3 la labor que se ha venido realizando en beneficio de la comunidad, lo que permite afirmar que en total, en la regi\u00f3n hay 759 viviendas en ejecuci\u00f3n aproximadamente, cifra que a nivel nacional asciende a las 116 mil viviendas. \u201cM\u00e1s que cifras y n\u00fameros se trata de obras que est\u00e1n mejorando y cambiando la vida a nuestras familias. Como ha dicho nuestro Ministro somos un pilar fundamental de la recuperaci\u00f3n y estamos orgullosos de lo que hemos logrado, ya que a pesar de las dificultades que ha tra\u00eddo la pandemia hemos sido capaces de dar continuidad a nuestras obras y generar nuevos proyectos que no solo impulsan la reactivaci\u00f3n econ\u00f3mica y social en la regi\u00f3n, sino que adem\u00e1s atienden las necesidades y cumplen los sue\u00f1os de miles de ayseninos. \u00a0Por eso aqu\u00ed sumamos y valoramos el aporte de muchos actores del sector p\u00fablico y privado, pero tambi\u00e9n de los dirigentes y de todas las familias que han confiado en nosotros y en nuestros programas de Gobierno para obtener las soluciones que necesitaban\u201d, precis\u00f3.<\/p>\n<p style=\"text-align: justify;\">Cabe consignar que este 2021 iniciar\u00e1n su construcci\u00f3n 70 mil viviendas en todo el pa\u00eds, las que estar\u00e1n destinadas principalmente a familias vulnerables y de clase media, a trav\u00e9s de los programas Fondo Solidario de Elecci\u00f3n de Vivienda (DS49), y de Integraci\u00f3n Social y Territorial (DS19). Ese ritmo superar\u00e1 considerablemente las 55 mil viviendas iniciadas en 2020 y las 51 mil que en promedio iniciaron obras entre 2017 y 2019.<\/p>\n<p style=\"text-align: justify;\">Por otro lado, y en cuanto a la inversi\u00f3n, el Minvu ha destinado $3.302 millones de d\u00f3lares, lo que representa el mayor presupuesto en la historia de la cartera, con un aumento del 21,2% en comparaci\u00f3n con el 2020.<\/p>\n<p style=\"text-align: justify;\">En cuanto a empleo, durante el primer trimestre de este a\u00f1o el Ministerio de Vivienda y Urbanismo cre\u00f3 m\u00e1s de 21 mil puestos de trabajo, generando un nuevo empleo cada 6 minutos, lo que le permite alcanzar los 230 nuevos trabajos al d\u00eda. El objetivo es lograr 180 mil nuevas plazas en el \u00e1rea de la construcci\u00f3n al terminar el 2021.<\/p>\n<\/div><\/section><\/div><div  style='height:50px' class='hr hr-invisible   avia-builder-el-6  el_after_av_one_full  el_before_av_social_share '><span class='hr-inner ' ><span class='hr-inner-style'><\/span><\/span><\/div><\/p>\n<div  class='av-social-sharing-box  avia-builder-el-7  el_after_av_hr  el_before_av_hr  '><div class='av-share-box'><h5 class='av-share-link-description av-no-toc '>Compartir esta noticia<\/h5><ul class='av-share-box-list noLightbox'><li class='av-share-link av-social-link-facebook' ><a target=\"_blank\" aria-label=\"Compartir en Facebook\" href='https:\/\/www.facebook.com\/sharer.php?u=https:\/\/radiorevelacionfm.cl\/?p=4540&#038;t=Minvu%20realiza%20balance%20del%20Plan%20de%20Recuperaci%C3%B3n%20en%20la%20regi%C3%B3n%20de%20Ays%C3%A9n%2C%20se%20han%20generado%202.474%20empleos' aria-hidden='false' data-av_icon='\ue8f3' data-av_iconfont='entypo-fontello' title='' data-avia-related-tooltip='Compartir en Facebook' rel=\"noopener\"><span class='avia_hidden_link_text'>Compartir en Facebook<\/span><\/a><\/li><li class='av-share-link av-social-link-twitter' ><a target=\"_blank\" aria-label=\"Compartir en Twitter\" href='https:\/\/twitter.com\/share?text=Minvu%20realiza%20balance%20del%20Plan%20de%20Recuperaci%C3%B3n%20en%20la%20regi%C3%B3n%20de%20Ays%C3%A9n%2C%20se%20han%20generado%202.474%20empleos&#038;url=https:\/\/radiorevelacionfm.cl\/?p=4540' aria-hidden='false' data-av_icon='\ue8f1' data-av_iconfont='entypo-fontello' title='' data-avia-related-tooltip='Compartir en Twitter' rel=\"noopener\"><span class='avia_hidden_link_text'>Compartir en Twitter<\/span><\/a><\/li><li class='av-share-link av-social-link-whatsapp' ><a target=\"_blank\" aria-label=\"Compartir en Whatsapp\" href='https:\/\/api.whatsapp.com\/send?text=https:\/\/radiorevelacionfm.cl\/?p=4540' aria-hidden='false' data-av_icon='\uf232' data-av_iconfont='entypo-fontello' title='' data-avia-related-tooltip='Compartir en Whatsapp' rel=\"noopener\"><span class='avia_hidden_link_text'>Compartir en Whatsapp<\/span><\/a><\/li><li class='av-share-link av-social-link-linkedin' ><a target=\"_blank\" aria-label=\"Compartir en LinkedIn\" href='https:\/\/linkedin.com\/shareArticle?mini=true&#038;title=Minvu%20realiza%20balance%20del%20Plan%20de%20Recuperaci%C3%B3n%20en%20la%20regi%C3%B3n%20de%20Ays%C3%A9n%2C%20se%20han%20generado%202.474%20empleos&#038;url=https:\/\/radiorevelacionfm.cl\/?p=4540' aria-hidden='false' data-av_icon='\ue8fc' data-av_iconfont='entypo-fontello' title='' data-avia-related-tooltip='Compartir en LinkedIn' rel=\"noopener\"><span class='avia_hidden_link_text'>Compartir en LinkedIn<\/span><\/a><\/li><li class='av-share-link av-social-link-mail' ><a  aria-label=\"Compartir por correo\" href='mailto:?subject=Minvu%20realiza%20balance%20del%20Plan%20de%20Recuperaci%C3%B3n%20en%20la%20regi%C3%B3n%20de%20Ays%C3%A9n%2C%20se%20han%20generado%202.474%20empleos&#038;body=https:\/\/radiorevelacionfm.cl\/?p=4540' aria-hidden='false' data-av_icon='\ue805' data-av_iconfont='entypo-fontello' title='' data-avia-related-tooltip='Compartir por correo'><span class='avia_hidden_link_text'>Compartir por correo<\/span><\/a><\/li><\/ul><\/div><\/div>\n<div  style='height:50px' class='hr hr-invisible   avia-builder-el-8  el_after_av_social_share  el_before_av_comments_list '><span class='hr-inner ' ><span class='hr-inner-style'><\/span><\/span><\/div>\n<div  class='av-buildercomment  av-blog-meta-html-info-disabled av-blog-meta-tag-disabled  '><\/div>\n","protected":false},"excerpt":{"rendered":"","protected":false},"author":1,"featured_media":0,"comment_status":"open","ping_status":"open","sticky":false,"template":"","format":"standard","meta":{"footnotes":""},"categories":[57],"tags":[],"class_list":["post-4540","post","type-post","status-publish","format-standard","hentry","category-vivienda"],"jetpack_featured_media_url":"","_links":{"self":[{"href":"https:\/\/radiorevelacionfm.cl\/index.php?rest_route=\/wp\/v2\/posts\/4540","targetHints":{"allow":["GET"]}}],"collection":[{"href":"https:\/\/radiorevelacionfm.cl\/index.php?rest_route=\/wp\/v2\/posts"}],"about":[{"href":"https:\/\/radiorevelacionfm.cl\/index.php?rest_route=\/wp\/v2\/types\/post"}],"author":[{"embeddable":true,"href":"https:\/\/radiorevelacionfm.cl\/index.php?rest_route=\/wp\/v2\/users\/1"}],"replies":[{"embeddable":true,"href":"https:\/\/radiorevelacionfm.cl\/index.php?rest_route=%2Fwp%2Fv2%2Fcomments&post=4540"}],"version-history":[{"count":1,"href":"https:\/\/radiorevelacionfm.cl\/index.php?rest_route=\/wp\/v2\/posts\/4540\/revisions"}],"predecessor-version":[{"id":4542,"href":"https:\/\/radiorevelacionfm.cl\/index.php?rest_route=\/wp\/v2\/posts\/4540\/revisions\/4542"}],"wp:attachment":[{"href":"https:\/\/radiorevelacionfm.cl\/index.php?rest_route=%2Fwp%2Fv2%2Fmedia&parent=4540"}],"wp:term":[{"taxonomy":"category","embeddable":true,"href":"https:\/\/radiorevelacionfm.cl\/index.php?rest_route=%2Fwp%2Fv2%2Fcategories&post=4540"},{"taxonomy":"post_tag","embeddable":true,"href":"https:\/\/radiorevelacionfm.cl\/index.php?rest_route=%2Fwp%2Fv2%2Ftags&post=4540"}],"curies":[{"name":"wp","href":"https:\/\/api.w.org\/{rel}","templated":true}]}}