{"id":45398,"date":"2024-08-23T13:42:37","date_gmt":"2024-08-23T16:42:37","guid":{"rendered":"https:\/\/radiorevelacionfm.cl\/?p=45398"},"modified":"2024-08-23T13:42:37","modified_gmt":"2024-08-23T16:42:37","slug":"seremi-del-trabajo-y-cft-estatal-anuncian-el-nuevo-observatorio-laboral-de-aysen","status":"publish","type":"post","link":"https:\/\/radiorevelacionfm.cl\/?p=45398","title":{"rendered":"Seremi del Trabajo y CFT Estatal anuncian el nuevo Observatorio Laboral de Ays\u00e9n"},"content":{"rendered":"<div class=\"flex_column av_one_full  flex_column_div av-zero-column-padding first  avia-builder-el-0  el_before_av_one_full  avia-builder-el-first  \" style='border-radius:0px; '><div  class='avia-image-container  av-styling-    avia-builder-el-1  avia-builder-el-no-sibling  avia-align-center '  itemprop=\"image\" itemscope=\"itemscope\" itemtype=\"https:\/\/schema.org\/ImageObject\"  ><div class='avia-image-container-inner'><div class='avia-image-overlay-wrap'><img decoding=\"async\" class='wp-image-45399 avia-img-lazy-loading-not-45399 avia_image' src=\"https:\/\/radiorevelacionfm.cl\/wp-content\/uploads\/2024\/08\/Equipo-multidisciplinario-1-1.jpeg\" alt='' title='Equipo multidisciplinario (1) (1)' height=\"600\" width=\"831\"  itemprop=\"thumbnailUrl\" srcset=\"https:\/\/radiorevelacionfm.cl\/wp-content\/uploads\/2024\/08\/Equipo-multidisciplinario-1-1.jpeg 831w, https:\/\/radiorevelacionfm.cl\/wp-content\/uploads\/2024\/08\/Equipo-multidisciplinario-1-1-300x217.jpeg 300w, https:\/\/radiorevelacionfm.cl\/wp-content\/uploads\/2024\/08\/Equipo-multidisciplinario-1-1-768x555.jpeg 768w, https:\/\/radiorevelacionfm.cl\/wp-content\/uploads\/2024\/08\/Equipo-multidisciplinario-1-1-705x509.jpeg 705w, https:\/\/radiorevelacionfm.cl\/wp-content\/uploads\/2024\/08\/Equipo-multidisciplinario-1-1-450x325.jpeg 450w, https:\/\/radiorevelacionfm.cl\/wp-content\/uploads\/2024\/08\/Equipo-multidisciplinario-1-1-600x433.jpeg 600w\" sizes=\"(max-width: 831px) 100vw, 831px\" \/><\/div><\/div><\/div><\/div><div class=\"flex_column av_one_full  flex_column_div av-zero-column-padding first  avia-builder-el-2  el_after_av_one_full  el_before_av_one_full  column-top-margin\" style='border-radius:0px; '><section class=\"av_textblock_section \"  itemscope=\"itemscope\" itemtype=\"https:\/\/schema.org\/BlogPosting\" itemprop=\"blogPost\" ><div class='avia_textblock  '   itemprop=\"text\" ><p style=\"text-align: center;\"><strong><span style=\"font-size: 18pt;\">Seremi del Trabajo y CFT Estatal anuncian el nuevo Observatorio Laboral de Ays\u00e9n<\/span><\/strong><\/p>\n<div id=\"gtx-trans\" style=\"position: absolute; left: -50px; top: 4.31534px;\">\n<div class=\"gtx-trans-icon\"><\/div>\n<\/div>\n<\/div><\/section><\/div><div class=\"flex_column av_one_full  flex_column_div av-zero-column-padding first  avia-builder-el-4  el_after_av_one_full  el_before_av_hr  column-top-margin\" style='border-radius:0px; '><section class=\"av_textblock_section \"  itemscope=\"itemscope\" itemtype=\"https:\/\/schema.org\/BlogPosting\" itemprop=\"blogPost\" ><div class='avia_textblock  '   itemprop=\"text\" ><p style=\"text-align: justify;\"><em>Este observatorio se enmarca en un programa establecido en la Estrategia Nacional de Prospecci\u00f3n Laboral de la Subsecretar\u00eda del Trabajo, que tiene por finalidad fortalecer el conocimiento territorial y sectorial del mercado laboral de la regi\u00f3n de Ays\u00e9n.<\/em><\/p>\n<p style=\"text-align: justify;\">En un punto de prensa se dio a conocer el nuevo Observatorio Laboral de Ays\u00e9n, parte del convenio firmado entre el Centro de Formaci\u00f3n T\u00e9cnica Estatal de Ays\u00e9n y la Subsecretaria del Trabajo para ejecutar este relevante programa en la regi\u00f3n y as\u00ed entregar evidencia sobre las caracter\u00edsticas, oferta y demanda de las diversas ocupaciones presentes en el territorio, as\u00ed como de los desaf\u00edos tecnol\u00f3gicos y socioecol\u00f3gicas que enfrentan los y las trabajadores que las realizan.<\/p>\n<p style=\"text-align: justify;\">Es as\u00ed como el Seremi del Trabajo y Previsi\u00f3n Social, Rodrigo D\u00edaz Cordaro, se mostr\u00f3 muy contento por sellar este compromiso, sobre todo, porque reconoce el gran trabajo que est\u00e1 haciendo el CFT de Ays\u00e9n y, adem\u00e1s, el observatorio aportar\u00e1 mucha informaci\u00f3n actualizada de la realidad regional con respecto a oferta y demanda laboral, crucial para la toma de decisiones en \u00e1mbitos de pol\u00edticas p\u00fablicas y formaci\u00f3n de las y los trabajadores.<\/p>\n<p style=\"text-align: justify;\">\u201cPara nosotros como Ministerio del Trabajo y Previsi\u00f3n Social, la Estrategia Nacional de Prospecci\u00f3n Laboral es fundamental porque ella viene a fortalecer la informaci\u00f3n territorial y sectorial del mercado laboral. Es ah\u00ed donde nos va a apoyar el Centro de Formaci\u00f3n T\u00e9cnica hoy d\u00eda, a trav\u00e9s del Observatorio Laboral. Nosotros esperamos que esto sea un impulso para la informaci\u00f3n, porque aqu\u00ed no tenemos informaci\u00f3n en l\u00ednea y la informaci\u00f3n del observatorio es una lupa mucho m\u00e1s amplia y m\u00e1s espec\u00edfica respecto de sectores productivos que nos interesa poder abordar de mejor manera\u201d.<\/p>\n<p style=\"text-align: justify;\">\u00a0El lugar de trabajo de este observatorio ser\u00e1 en Puerto Ays\u00e9n, donde est\u00e1 la casa matriz del CFT Estatal, quienes, adem\u00e1s, se muestran muy entusiasmados por cumplir con este desaf\u00edo que es detectar las necesidades de todos y todas las trabajadoras de la regi\u00f3n, adem\u00e1s del sector productivo, ya que es ah\u00ed donde la casa de estudios pone sus esfuerzos para fortalecer sus planes de estudios y convocar cada a\u00f1o nuevos estudiantes. Esta vinculaci\u00f3n, la explica su rector, V\u00edctor Hugo \u00c1lvarez Vel\u00e1squez.<\/p>\n<p style=\"text-align: justify;\">\u201cEste es un proyecto regional, va a estar en Puerto Ays\u00e9n, en el litoral, y para nosotros detectar las necesidades reales de las y los trabajadores de la regi\u00f3n es importante para todos los sectores productivos. Los datos son sumamente importantes, por ejemplo, nosotros hoy d\u00eda estamos entregando el oficio de instalador el\u00e9ctrico\u00a0de 350 horas tanto en Puerto Ays\u00e9n como en Coyhaique,\u00a0conducente a nuestra carrera de t\u00e9cnico el\u00e9ctrico,\u00a0les vamos a convalidar a todas las personas que terminen el oficio, un semestre y van a poder acceder al segundo semestre de la carrera t\u00e9cnico el\u00e9ctrica. Yo creo que las trayectorias formativas es el camino hoy, de aportar a todas las actividades regionales. Hay muchas actividades regionales, necesitamos saber la data para tomar decisiones estrat\u00e9gicas y poder tener matriz productiva, poder tener varios elementos que sean muy valorados por todo el espectro de las autoridades regionales para tomar las decisiones y nuestra regi\u00f3n pueda despegar y continuar en una buena senda de crecimiento econ\u00f3mico\u201d<\/p>\n<p style=\"text-align: justify;\"><strong>Sobre el observatorio<\/strong><\/p>\n<p style=\"text-align: justify;\">El programa se ejecuta a nivel nacional por una red de instituciones de educaci\u00f3n superior, siendo en el caso de nuestra regi\u00f3n, el CFT Estatal.<\/p>\n<p style=\"text-align: justify;\">Con respecto a sus integrantes, existe un equipo multidisciplinario con las competencias necesarias para levantar y analizar informaci\u00f3n cuantitativa y cualitativas de las din\u00e1micas de empleo en la regi\u00f3n, quienes ser\u00e1n dirigidos por su Director C\u00e9sar G\u00f3mez, para entregar productos como el term\u00f3metro laboral regional, asistencia t\u00e9cnica al Seremi del Trabajo y Previsi\u00f3n Social, asistencia t\u00e9cnica al Consejo Regional de Capacitaci\u00f3n, estudio OMIL 2024, estudio regional enfocado en el sector Pesca y Acuicultura, y el m\u00e1s pr\u00f3ximo, que es la ejecuci\u00f3n de la encuesta ENADEL 2024.<\/p>\n<p style=\"text-align: justify;\">\u201cLa encuesta ENADEL tiene como prop\u00f3sito hacer una prospecci\u00f3n del\u00a0mercado laboral durante los pr\u00f3ximos meses ac\u00e1 en la regi\u00f3n de Ays\u00e9n, de manera tal de poder determinar, por ejemplo, cu\u00e1les son las principales\u00a0ocupaciones que hoy por hoy van a requerir la empresa, que hoy por hoy est\u00e1n\u00a0utilizando la empresa, pero tambi\u00e9n aquellas que van a requerir en los\u00a0distintos sectores productivos. A la vez busca levantar informaci\u00f3n de\u00a0calidad respecto a cu\u00e1les son las competencias relacionadas a esas\u00a0ocupaciones y ese es un punto no menor, ya que es importante considerar que el\u00a0mundo laboral est\u00e1 cambiando a\u00f1o a a\u00f1o, ya los perfiles ocupacionales que hace\u00a0diez a\u00f1os ten\u00edamos codificados, por ejemplo, a trav\u00e9s de ChileValora, hoy han\u00a0ido variando sustancialmente y para eso es necesario obviamente tener este\u00a0flujo de informaci\u00f3n desde la empresa para, de esta manera, generar\u00a0informaci\u00f3n de calidad para que, en este caso, los tomadores de\u00a0decisi\u00f3n, los que est\u00e1n detr\u00e1s de lo que es la\u00a0implementaci\u00f3n de la pol\u00edtica p\u00fablica, ya sea de capacitaci\u00f3n, de intermediaci\u00f3n\u00a0laboral y tambi\u00e9n de formaci\u00f3n, tengan informaci\u00f3n de calidad para mejorar e implementar planes formativos, ya sea de\u00a0capacitaci\u00f3n o ya sea de formaci\u00f3n t\u00e9cnico de nivel superior, que sean\u00a0acordes a la realidad del mercado de trabajo en la regi\u00f3n\u201d explic\u00f3 C\u00e9sar G\u00f3mez.<\/p>\n<p style=\"text-align: justify;\">La informaci\u00f3n desglosada de los estad\u00edsticas regionales relacionadas con el mundo laboral\u00a0 ser\u00e1n p\u00fablicas y estar\u00e1n publicadas en las redes sociales del nuevo Observatorio Laboral de Ays\u00e9n, Facebook: Instagram: y X:, adem\u00e1s de las distintas redes sociales de la Seremi de Trabajo y Previsi\u00f3n Social, @MintrabAys\u00e9n.<\/p>\n<\/div><\/section><\/div><div  style='height:50px' class='hr hr-invisible   avia-builder-el-6  el_after_av_one_full  el_before_av_social_share '><span class='hr-inner ' ><span class='hr-inner-style'><\/span><\/span><\/div><\/p>\n<div  class='av-social-sharing-box  avia-builder-el-7  el_after_av_hr  el_before_av_hr  '><div class='av-share-box'><h5 class='av-share-link-description av-no-toc '>Compartir esta noticia<\/h5><ul class='av-share-box-list noLightbox'><li class='av-share-link av-social-link-facebook' ><a target=\"_blank\" aria-label=\"Compartir en Facebook\" href='https:\/\/www.facebook.com\/sharer.php?u=https:\/\/radiorevelacionfm.cl\/?p=45398&#038;t=Seremi%20del%20Trabajo%20y%20CFT%20Estatal%20anuncian%20el%20nuevo%20Observatorio%20Laboral%20de%20Ays%C3%A9n' aria-hidden='false' data-av_icon='\ue8f3' data-av_iconfont='entypo-fontello' title='' data-avia-related-tooltip='Compartir en Facebook' rel=\"noopener\"><span class='avia_hidden_link_text'>Compartir en Facebook<\/span><\/a><\/li><li class='av-share-link av-social-link-twitter' ><a target=\"_blank\" aria-label=\"Compartir en Twitter\" href='https:\/\/twitter.com\/share?text=Seremi%20del%20Trabajo%20y%20CFT%20Estatal%20anuncian%20el%20nuevo%20Observatorio%20Laboral%20de%20Ays%C3%A9n&#038;url=https:\/\/radiorevelacionfm.cl\/?p=45398' aria-hidden='false' data-av_icon='\ue8f1' data-av_iconfont='entypo-fontello' title='' data-avia-related-tooltip='Compartir en Twitter' rel=\"noopener\"><span class='avia_hidden_link_text'>Compartir en Twitter<\/span><\/a><\/li><li class='av-share-link av-social-link-whatsapp' ><a target=\"_blank\" aria-label=\"Compartir en Whatsapp\" href='https:\/\/api.whatsapp.com\/send?text=https:\/\/radiorevelacionfm.cl\/?p=45398' aria-hidden='false' data-av_icon='\uf232' data-av_iconfont='entypo-fontello' title='' data-avia-related-tooltip='Compartir en Whatsapp' rel=\"noopener\"><span class='avia_hidden_link_text'>Compartir en Whatsapp<\/span><\/a><\/li><li class='av-share-link av-social-link-linkedin' ><a target=\"_blank\" aria-label=\"Compartir en LinkedIn\" href='https:\/\/linkedin.com\/shareArticle?mini=true&#038;title=Seremi%20del%20Trabajo%20y%20CFT%20Estatal%20anuncian%20el%20nuevo%20Observatorio%20Laboral%20de%20Ays%C3%A9n&#038;url=https:\/\/radiorevelacionfm.cl\/?p=45398' aria-hidden='false' data-av_icon='\ue8fc' data-av_iconfont='entypo-fontello' title='' data-avia-related-tooltip='Compartir en LinkedIn' rel=\"noopener\"><span class='avia_hidden_link_text'>Compartir en LinkedIn<\/span><\/a><\/li><li class='av-share-link av-social-link-mail' ><a  aria-label=\"Compartir por correo\" href='mailto:?subject=Seremi%20del%20Trabajo%20y%20CFT%20Estatal%20anuncian%20el%20nuevo%20Observatorio%20Laboral%20de%20Ays%C3%A9n&#038;body=https:\/\/radiorevelacionfm.cl\/?p=45398' aria-hidden='false' data-av_icon='\ue805' data-av_iconfont='entypo-fontello' title='' data-avia-related-tooltip='Compartir por correo'><span class='avia_hidden_link_text'>Compartir por correo<\/span><\/a><\/li><\/ul><\/div><\/div>\n<div  style='height:50px' class='hr hr-invisible   avia-builder-el-8  el_after_av_social_share  el_before_av_comments_list '><span class='hr-inner ' ><span class='hr-inner-style'><\/span><\/span><\/div>\n<div  class='av-buildercomment  av-blog-meta-html-info-disabled av-blog-meta-tag-disabled  '><\/div>\n","protected":false},"excerpt":{"rendered":"","protected":false},"author":1,"featured_media":45399,"comment_status":"open","ping_status":"open","sticky":false,"template":"","format":"standard","meta":{"footnotes":""},"categories":[56],"tags":[],"class_list":["post-45398","post","type-post","status-publish","format-standard","has-post-thumbnail","hentry","category-trabajo"],"jetpack_featured_media_url":"https:\/\/radiorevelacionfm.cl\/wp-content\/uploads\/2024\/08\/Equipo-multidisciplinario-1-1.jpeg","_links":{"self":[{"href":"https:\/\/radiorevelacionfm.cl\/index.php?rest_route=\/wp\/v2\/posts\/45398","targetHints":{"allow":["GET"]}}],"collection":[{"href":"https:\/\/radiorevelacionfm.cl\/index.php?rest_route=\/wp\/v2\/posts"}],"about":[{"href":"https:\/\/radiorevelacionfm.cl\/index.php?rest_route=\/wp\/v2\/types\/post"}],"author":[{"embeddable":true,"href":"https:\/\/radiorevelacionfm.cl\/index.php?rest_route=\/wp\/v2\/users\/1"}],"replies":[{"embeddable":true,"href":"https:\/\/radiorevelacionfm.cl\/index.php?rest_route=%2Fwp%2Fv2%2Fcomments&post=45398"}],"version-history":[{"count":1,"href":"https:\/\/radiorevelacionfm.cl\/index.php?rest_route=\/wp\/v2\/posts\/45398\/revisions"}],"predecessor-version":[{"id":45400,"href":"https:\/\/radiorevelacionfm.cl\/index.php?rest_route=\/wp\/v2\/posts\/45398\/revisions\/45400"}],"wp:featuredmedia":[{"embeddable":true,"href":"https:\/\/radiorevelacionfm.cl\/index.php?rest_route=\/wp\/v2\/media\/45399"}],"wp:attachment":[{"href":"https:\/\/radiorevelacionfm.cl\/index.php?rest_route=%2Fwp%2Fv2%2Fmedia&parent=45398"}],"wp:term":[{"taxonomy":"category","embeddable":true,"href":"https:\/\/radiorevelacionfm.cl\/index.php?rest_route=%2Fwp%2Fv2%2Fcategories&post=45398"},{"taxonomy":"post_tag","embeddable":true,"href":"https:\/\/radiorevelacionfm.cl\/index.php?rest_route=%2Fwp%2Fv2%2Ftags&post=45398"}],"curies":[{"name":"wp","href":"https:\/\/api.w.org\/{rel}","templated":true}]}}