{"id":45395,"date":"2024-08-22T21:15:48","date_gmt":"2024-08-23T00:15:48","guid":{"rendered":"https:\/\/radiorevelacionfm.cl\/?p=45395"},"modified":"2024-08-22T21:15:48","modified_gmt":"2024-08-23T00:15:48","slug":"subsidio-electrico-y-sistemas-medianos-gobernadora-macias-pide-celeridad-al-congreso-para-tramitar-leyes-que-benefician-a-la-region-de-aysen","status":"publish","type":"post","link":"https:\/\/radiorevelacionfm.cl\/?p=45395","title":{"rendered":"Subsidio el\u00e9ctrico y Sistemas Medianos: Gobernadora Mac\u00edas pide celeridad al Congreso para tramitar leyes que benefician a la Regi\u00f3n de Ays\u00e9n"},"content":{"rendered":"<div class=\"flex_column av_one_full  flex_column_div av-zero-column-padding first  avia-builder-el-0  el_before_av_one_full  avia-builder-el-first  \" style='border-radius:0px; '><div  class='avia-image-container  av-styling-    avia-builder-el-1  avia-builder-el-no-sibling  avia-align-center '  itemprop=\"image\" itemscope=\"itemscope\" itemtype=\"https:\/\/schema.org\/ImageObject\"  ><div class='avia-image-container-inner'><div class='avia-image-overlay-wrap'><img decoding=\"async\" class='wp-image-45396 avia-img-lazy-loading-not-45396 avia_image' src=\"https:\/\/radiorevelacionfm.cl\/wp-content\/uploads\/2024\/08\/WhatsApp-Image-2024-08-20-at-5.41.32-PM-1-1.jpeg\" alt='' title='WhatsApp Image 2024-08-20 at 5.41.32 PM (1) (1)' height=\"600\" width=\"1065\"  itemprop=\"thumbnailUrl\" srcset=\"https:\/\/radiorevelacionfm.cl\/wp-content\/uploads\/2024\/08\/WhatsApp-Image-2024-08-20-at-5.41.32-PM-1-1.jpeg 1065w, https:\/\/radiorevelacionfm.cl\/wp-content\/uploads\/2024\/08\/WhatsApp-Image-2024-08-20-at-5.41.32-PM-1-1-300x169.jpeg 300w, https:\/\/radiorevelacionfm.cl\/wp-content\/uploads\/2024\/08\/WhatsApp-Image-2024-08-20-at-5.41.32-PM-1-1-1030x580.jpeg 1030w, https:\/\/radiorevelacionfm.cl\/wp-content\/uploads\/2024\/08\/WhatsApp-Image-2024-08-20-at-5.41.32-PM-1-1-768x433.jpeg 768w, https:\/\/radiorevelacionfm.cl\/wp-content\/uploads\/2024\/08\/WhatsApp-Image-2024-08-20-at-5.41.32-PM-1-1-705x397.jpeg 705w, https:\/\/radiorevelacionfm.cl\/wp-content\/uploads\/2024\/08\/WhatsApp-Image-2024-08-20-at-5.41.32-PM-1-1-450x254.jpeg 450w, https:\/\/radiorevelacionfm.cl\/wp-content\/uploads\/2024\/08\/WhatsApp-Image-2024-08-20-at-5.41.32-PM-1-1-600x338.jpeg 600w\" sizes=\"(max-width: 1065px) 100vw, 1065px\" \/><\/div><\/div><\/div><\/div><div class=\"flex_column av_one_full  flex_column_div av-zero-column-padding first  avia-builder-el-2  el_after_av_one_full  el_before_av_one_full  column-top-margin\" style='border-radius:0px; '><section class=\"av_textblock_section \"  itemscope=\"itemscope\" itemtype=\"https:\/\/schema.org\/BlogPosting\" itemprop=\"blogPost\" ><div class='avia_textblock  '   itemprop=\"text\" ><p style=\"text-align: center;\"><strong><span style=\"font-size: 18pt;\">Subsidio el\u00e9ctrico y Sistemas Medianos:\u00a0Gobernadora Mac\u00edas pide celeridad al Congreso para tramitar leyes que benefician a la Regi\u00f3n de Ays\u00e9n<\/span><\/strong><\/p>\n<div id=\"gtx-trans\" style=\"position: absolute; left: -50px; top: 4.31534px;\">\n<div class=\"gtx-trans-icon\"><\/div>\n<\/div>\n<\/div><\/section><\/div><div class=\"flex_column av_one_full  flex_column_div av-zero-column-padding first  avia-builder-el-4  el_after_av_one_full  el_before_av_hr  column-top-margin\" style='border-radius:0px; '><section class=\"av_textblock_section \"  itemscope=\"itemscope\" itemtype=\"https:\/\/schema.org\/BlogPosting\" itemprop=\"blogPost\" ><div class='avia_textblock  '   itemprop=\"text\" ><p dir=\"ltr\" style=\"text-align: justify;\">La Gobernadora Regional de la Regi\u00f3n de Ays\u00e9n, Andrea Mac\u00edas Palma, hizo un llamado al Congreso Nacional a tramitar con celeridad los proyectos de ley que se est\u00e1n promoviendo desde el Gobierno Nacional para enfrentar las distintas problem\u00e1ticas en materia energ\u00e9tica que afectan al pa\u00eds y en mayor medida a la Patagonia Chilena.<\/p>\n<p dir=\"ltr\" style=\"text-align: justify;\">Esto, tras la visita del ministro de Hacienda, Mario Marcel, con quien se firm\u00f3 un acuerdo para enfrentar las demandas de la ciudadan\u00eda ante las alzas energ\u00e9ticas que est\u00e1n afectando a clientes domiciliarios, emprendedores y empresarios.<\/p>\n<p dir=\"ltr\" style=\"text-align: justify;\">La m\u00e1xima autoridad de la Regi\u00f3n de Ays\u00e9n record\u00f3 que son dos las iniciativas legislativas que afectar\u00e1n al territorio ante las alzas provocadas por el descongelamiento de las tarifas: por una parte, la ley corta que se traduce en subsidios para los usuarios y por otra, el proyecto que regula los sistemas medianos, el que puede resolver los problemas estructurales de generaci\u00f3n y distribuci\u00f3n energ\u00e9tica en la Regi\u00f3n.<\/p>\n<p dir=\"ltr\" style=\"text-align: justify;\">\u00abEs el Parlamento quien tiene que acelerar el proceso de discusi\u00f3n con esta urgencia que se requiere. Eso implica convocar a todos los actores, acelerar el proceso de tramitaci\u00f3n, pero, adem\u00e1s, el trabajo pol\u00edtico que hay que hacer respecto de poder conseguir que otros parlamentarios de otras regiones que tambi\u00e9n se ver\u00edan beneficiados con esto, puedan acelerar y comprometerse con la votaci\u00f3n para que logremos modificar la Ley de Sistemas Medianos\u00bb, afirm\u00f3 la Gobernadora.<\/p>\n<p dir=\"ltr\" style=\"text-align: justify;\">Respecto de la ley corta y los subsidios, Andrea Mac\u00edas Palma relev\u00f3 que el acuerdo con Hacienda considera efectivamente la inquietud ciudadana que el ministro pudo percibir durante su visita a la Regi\u00f3n de Ays\u00e9n.<\/p>\n<p dir=\"ltr\" style=\"text-align: justify;\">\u00abEfectivamente el subsidio se va a ampliar para el caso de la regi\u00f3n de Ays\u00e9n va a aumentar a\u00fan en 20% adicional a lo que se entregue al resto del pa\u00eds, eso en consideraci\u00f3n de que somos un sistema mediano. Por otra parte, un subsidio especial para aquellas familias que tienen entre sus integrantes a personas electrodependientes, donde van a poder acceder a 150 kW mensuales, de manera que va a ser subsidiado para favorecer, adem\u00e1s, para ayudar a estas familias que tienen condiciones de salud asociadas a la necesidad de la energ\u00eda el\u00e9ctrica tambi\u00e9n. Eso, entre otras medidas, pero adem\u00e1s el compromiso de poder tramitar esta ley de manera urgente\u00bb.<\/p>\n<p dir=\"ltr\" style=\"text-align: justify;\">La Gobernadora Regional de Ays\u00e9n asegur\u00f3 que hay una dificultad extrema para el territorio en materia energ\u00e9tica, coincidiendo con lo planteado por diversos sectores, de que estas alzas van a afectar principalmente al sector productivo, a la micro y peque\u00f1a empresa.<\/p>\n<\/div><\/section><\/div><div  style='height:50px' class='hr hr-invisible   avia-builder-el-6  el_after_av_one_full  el_before_av_social_share '><span class='hr-inner ' ><span class='hr-inner-style'><\/span><\/span><\/div><\/p>\n<div  class='av-social-sharing-box  avia-builder-el-7  el_after_av_hr  el_before_av_hr  '><div class='av-share-box'><h5 class='av-share-link-description av-no-toc '>Compartir esta noticia<\/h5><ul class='av-share-box-list noLightbox'><li class='av-share-link av-social-link-facebook' ><a target=\"_blank\" aria-label=\"Compartir en Facebook\" href='https:\/\/www.facebook.com\/sharer.php?u=https:\/\/radiorevelacionfm.cl\/?p=45395&#038;t=Subsidio%20el%C3%A9ctrico%20y%20Sistemas%20Medianos%3A%20Gobernadora%20Mac%C3%ADas%20pide%20celeridad%20al%20Congreso%20para%20tramitar%20leyes%20que%20benefician%20a%20la%20Regi%C3%B3n%20de%20Ays%C3%A9n' aria-hidden='false' data-av_icon='\ue8f3' data-av_iconfont='entypo-fontello' title='' data-avia-related-tooltip='Compartir en Facebook' rel=\"noopener\"><span class='avia_hidden_link_text'>Compartir en Facebook<\/span><\/a><\/li><li class='av-share-link av-social-link-twitter' ><a target=\"_blank\" aria-label=\"Compartir en Twitter\" href='https:\/\/twitter.com\/share?text=Subsidio%20el%C3%A9ctrico%20y%20Sistemas%20Medianos%3A%20Gobernadora%20Mac%C3%ADas%20pide%20celeridad%20al%20Congreso%20para%20tramitar%20leyes%20que%20benefician%20a%20la%20Regi%C3%B3n%20de%20Ays%C3%A9n&#038;url=https:\/\/radiorevelacionfm.cl\/?p=45395' aria-hidden='false' data-av_icon='\ue8f1' data-av_iconfont='entypo-fontello' title='' data-avia-related-tooltip='Compartir en Twitter' rel=\"noopener\"><span class='avia_hidden_link_text'>Compartir en Twitter<\/span><\/a><\/li><li class='av-share-link av-social-link-whatsapp' ><a target=\"_blank\" aria-label=\"Compartir en Whatsapp\" href='https:\/\/api.whatsapp.com\/send?text=https:\/\/radiorevelacionfm.cl\/?p=45395' aria-hidden='false' data-av_icon='\uf232' data-av_iconfont='entypo-fontello' title='' data-avia-related-tooltip='Compartir en Whatsapp' rel=\"noopener\"><span class='avia_hidden_link_text'>Compartir en Whatsapp<\/span><\/a><\/li><li class='av-share-link av-social-link-linkedin' ><a target=\"_blank\" aria-label=\"Compartir en LinkedIn\" href='https:\/\/linkedin.com\/shareArticle?mini=true&#038;title=Subsidio%20el%C3%A9ctrico%20y%20Sistemas%20Medianos%3A%20Gobernadora%20Mac%C3%ADas%20pide%20celeridad%20al%20Congreso%20para%20tramitar%20leyes%20que%20benefician%20a%20la%20Regi%C3%B3n%20de%20Ays%C3%A9n&#038;url=https:\/\/radiorevelacionfm.cl\/?p=45395' aria-hidden='false' data-av_icon='\ue8fc' data-av_iconfont='entypo-fontello' title='' data-avia-related-tooltip='Compartir en LinkedIn' rel=\"noopener\"><span class='avia_hidden_link_text'>Compartir en LinkedIn<\/span><\/a><\/li><li class='av-share-link av-social-link-mail' ><a  aria-label=\"Compartir por correo\" href='mailto:?subject=Subsidio%20el%C3%A9ctrico%20y%20Sistemas%20Medianos%3A%20Gobernadora%20Mac%C3%ADas%20pide%20celeridad%20al%20Congreso%20para%20tramitar%20leyes%20que%20benefician%20a%20la%20Regi%C3%B3n%20de%20Ays%C3%A9n&#038;body=https:\/\/radiorevelacionfm.cl\/?p=45395' aria-hidden='false' data-av_icon='\ue805' data-av_iconfont='entypo-fontello' title='' data-avia-related-tooltip='Compartir por correo'><span class='avia_hidden_link_text'>Compartir por correo<\/span><\/a><\/li><\/ul><\/div><\/div>\n<div  style='height:50px' class='hr hr-invisible   avia-builder-el-8  el_after_av_social_share  el_before_av_comments_list '><span class='hr-inner ' ><span class='hr-inner-style'><\/span><\/span><\/div>\n<div  class='av-buildercomment  av-blog-meta-html-info-disabled av-blog-meta-tag-disabled  '><\/div>\n","protected":false},"excerpt":{"rendered":"","protected":false},"author":1,"featured_media":45396,"comment_status":"open","ping_status":"open","sticky":false,"template":"","format":"standard","meta":{"footnotes":""},"categories":[38],"tags":[],"class_list":["post-45395","post","type-post","status-publish","format-standard","has-post-thumbnail","hentry","category-regional"],"jetpack_featured_media_url":"https:\/\/radiorevelacionfm.cl\/wp-content\/uploads\/2024\/08\/WhatsApp-Image-2024-08-20-at-5.41.32-PM-1-1.jpeg","_links":{"self":[{"href":"https:\/\/radiorevelacionfm.cl\/index.php?rest_route=\/wp\/v2\/posts\/45395","targetHints":{"allow":["GET"]}}],"collection":[{"href":"https:\/\/radiorevelacionfm.cl\/index.php?rest_route=\/wp\/v2\/posts"}],"about":[{"href":"https:\/\/radiorevelacionfm.cl\/index.php?rest_route=\/wp\/v2\/types\/post"}],"author":[{"embeddable":true,"href":"https:\/\/radiorevelacionfm.cl\/index.php?rest_route=\/wp\/v2\/users\/1"}],"replies":[{"embeddable":true,"href":"https:\/\/radiorevelacionfm.cl\/index.php?rest_route=%2Fwp%2Fv2%2Fcomments&post=45395"}],"version-history":[{"count":1,"href":"https:\/\/radiorevelacionfm.cl\/index.php?rest_route=\/wp\/v2\/posts\/45395\/revisions"}],"predecessor-version":[{"id":45397,"href":"https:\/\/radiorevelacionfm.cl\/index.php?rest_route=\/wp\/v2\/posts\/45395\/revisions\/45397"}],"wp:featuredmedia":[{"embeddable":true,"href":"https:\/\/radiorevelacionfm.cl\/index.php?rest_route=\/wp\/v2\/media\/45396"}],"wp:attachment":[{"href":"https:\/\/radiorevelacionfm.cl\/index.php?rest_route=%2Fwp%2Fv2%2Fmedia&parent=45395"}],"wp:term":[{"taxonomy":"category","embeddable":true,"href":"https:\/\/radiorevelacionfm.cl\/index.php?rest_route=%2Fwp%2Fv2%2Fcategories&post=45395"},{"taxonomy":"post_tag","embeddable":true,"href":"https:\/\/radiorevelacionfm.cl\/index.php?rest_route=%2Fwp%2Fv2%2Ftags&post=45395"}],"curies":[{"name":"wp","href":"https:\/\/api.w.org\/{rel}","templated":true}]}}