{"id":45390,"date":"2024-08-23T12:01:09","date_gmt":"2024-08-23T15:01:09","guid":{"rendered":"https:\/\/radiorevelacionfm.cl\/?p=45390"},"modified":"2024-08-23T12:01:09","modified_gmt":"2024-08-23T15:01:09","slug":"destacan-rol-de-los-gremios-y-organizaciones-sociales-frente-a-escenario-de-alzas-electricas","status":"publish","type":"post","link":"https:\/\/radiorevelacionfm.cl\/?p=45390","title":{"rendered":"Destacan rol de los gremios y organizaciones sociales frente a escenario de alzas el\u00e9ctricas"},"content":{"rendered":"<div class=\"flex_column av_one_full  flex_column_div av-zero-column-padding first  avia-builder-el-0  el_before_av_one_full  avia-builder-el-first  \" style='border-radius:0px; '><div  class='avia-image-container  av-styling-    avia-builder-el-1  avia-builder-el-no-sibling  avia-align-center '  itemprop=\"image\" itemscope=\"itemscope\" itemtype=\"https:\/\/schema.org\/ImageObject\"  ><div class='avia-image-container-inner'><div class='avia-image-overlay-wrap'><img decoding=\"async\" class='wp-image-45391 avia-img-lazy-loading-not-45391 avia_image' src=\"https:\/\/radiorevelacionfm.cl\/wp-content\/uploads\/2024\/08\/gatica_reunion_mh-1_optimized-1.jpeg\" alt='' title='gatica_reuni\u00f3n_mh-(1)_optimized (1)' height=\"600\" width=\"1122\"  itemprop=\"thumbnailUrl\" srcset=\"https:\/\/radiorevelacionfm.cl\/wp-content\/uploads\/2024\/08\/gatica_reunion_mh-1_optimized-1.jpeg 1122w, https:\/\/radiorevelacionfm.cl\/wp-content\/uploads\/2024\/08\/gatica_reunion_mh-1_optimized-1-300x160.jpeg 300w, https:\/\/radiorevelacionfm.cl\/wp-content\/uploads\/2024\/08\/gatica_reunion_mh-1_optimized-1-1030x551.jpeg 1030w, https:\/\/radiorevelacionfm.cl\/wp-content\/uploads\/2024\/08\/gatica_reunion_mh-1_optimized-1-768x411.jpeg 768w, https:\/\/radiorevelacionfm.cl\/wp-content\/uploads\/2024\/08\/gatica_reunion_mh-1_optimized-1-705x377.jpeg 705w, https:\/\/radiorevelacionfm.cl\/wp-content\/uploads\/2024\/08\/gatica_reunion_mh-1_optimized-1-450x241.jpeg 450w, https:\/\/radiorevelacionfm.cl\/wp-content\/uploads\/2024\/08\/gatica_reunion_mh-1_optimized-1-600x321.jpeg 600w\" sizes=\"(max-width: 1122px) 100vw, 1122px\" \/><\/div><\/div><\/div><\/div>\n<div class=\"flex_column av_one_full  flex_column_div av-zero-column-padding first  avia-builder-el-2  el_after_av_one_full  el_before_av_one_full  column-top-margin\" style='border-radius:0px; '><section class=\"av_textblock_section \"  itemscope=\"itemscope\" itemtype=\"https:\/\/schema.org\/BlogPosting\" itemprop=\"blogPost\" ><div class='avia_textblock  '   itemprop=\"text\" ><p style=\"text-align: center;\"><span style=\"font-size: 18pt;\"><b>Destacan rol de los gremios y organizaciones sociales frente a escenario de alzas el\u00e9ctricas<\/b><\/span><\/p>\n<div id=\"gtx-trans\" style=\"position: absolute; left: -50px; top: 4.31534px;\">\n<div class=\"gtx-trans-icon\"><\/div>\n<\/div>\n<\/div><\/section><\/div><div class=\"flex_column av_one_full  flex_column_div av-zero-column-padding first  avia-builder-el-4  el_after_av_one_full  el_before_av_hr  column-top-margin\" style='border-radius:0px; '><section class=\"av_textblock_section \"  itemscope=\"itemscope\" itemtype=\"https:\/\/schema.org\/BlogPosting\" itemprop=\"blogPost\" ><div class='avia_textblock  '   itemprop=\"text\" ><p style=\"text-align: justify;\"><em>La autoridad comunal enfatiz\u00f3 que es fundamental no perder el sentido de unidad y que se est\u00e1 exigiendo al Estado el mismo trato y lo que es justo.<\/em><\/p>\n<p style=\"text-align: justify;\">Tras la visita que realiz\u00f3 el titular de Hacienda, Mario Marcel a la regi\u00f3n, el alcalde de Coyhaique, Carlos Gatica, manifest\u00f3 su preocupaci\u00f3n ante los tiempos legislativos que tendr\u00edan las soluciones para frenar las alzas el\u00e9ctricas, por lo que llam\u00f3 al gobierno a dar celeridad y destac\u00f3 el rol que han tenido tanto los gremios productivos como las organizaciones sociales ante la entrega de propuestas al Ministro.<\/p>\n<p style=\"text-align: justify;\">Al respecto, el alcalde de Coyhaique, Carlos Gatica Villegas coment\u00f3 que \u201cdurante la agenda que el Ministro de Hacienda, Mario Marcel, sostuvo en nuestra regi\u00f3n, tuve la oportunidad de estar presente en dos reuniones que se llevaron a cabo, una en la que estuvieron los gremios productivos; C\u00e1mara de Comercio, C\u00e1mara Chilena de la Construcci\u00f3n, C\u00e1mara de Turismo, la industria del salm\u00f3n, entre otros, y tambi\u00e9n estuvimos en la reuni\u00f3n que se realiz\u00f3 en la C\u00e1mara Chilena de la Construcci\u00f3n y en la que estuvieron presentes las juntas de vecinos, dirigentes de organizaciones sociales y vecinos no s\u00f3lo de Coyhaique sino que tambi\u00e9n de Puerto Ays\u00e9n\u201d.<\/p>\n<p style=\"text-align: justify;\">\u201cReiteramos en estas instancias al Ministro que nos preocupa esto, presentamos propuestas y pedimos que se otorgue celeridad a las discusiones legislativas que permitan frenar la continuidad de las alzas de la tarifas el\u00e9ctricas, y advertimos del apag\u00f3n productivo que puede afectar el desarrollo local, directamente a las empresas y Pymes, as\u00ed como tambi\u00e9n al bolsillo de nuestra gente\u201d, agreg\u00f3 la autoridad.<\/p>\n<p style=\"text-align: justify;\">\u201cEn esa l\u00ednea, quiero reconocer el rol que han tenido los distintos gremios locales como la C\u00e1mara de Comercio, la C\u00e1mara Chilena de la Construcci\u00f3n, la C\u00e1mara de Turismo y las agrupaciones de esta \u00e1rea, as\u00ed como tambi\u00e9n de los representantes de nuestra Uni\u00f3n Comunal de Juntas de Vecinos, dirigentes vecinales, sociales y otras organizaciones que plantearon al Ministro esta preocupaci\u00f3n y c\u00f3mo nos est\u00e1n afectando las alzas en la tarifa el\u00e9ctrica\u201d, enfatiz\u00f3 Gatica.<\/p>\n<p style=\"text-align: justify;\">Finalmente, el alcalde de la capital regional, resalt\u00f3 que \u201ces fundamental que no perdamos el sentido de unidad como comunidad frente a esta situaci\u00f3n, dado que estamos exigiendo lo que es justo y que se tenga un mismo trato con nuestro territorio tal como se tiene con el resto del pa\u00eds, logrando dar a los problemas soluci\u00f3n y que esta est\u00e9 al alcance de todos\u201d.<\/p>\n<\/div><\/section><\/div><\/p>\n<div  style='height:50px' class='hr hr-invisible   avia-builder-el-6  el_after_av_one_full  el_before_av_social_share '><span class='hr-inner ' ><span class='hr-inner-style'><\/span><\/span><\/div>\n<div  class='av-social-sharing-box  avia-builder-el-7  el_after_av_hr  el_before_av_hr  '><div class='av-share-box'><h5 class='av-share-link-description av-no-toc '>Compartir esta noticia<\/h5><ul class='av-share-box-list noLightbox'><li class='av-share-link av-social-link-facebook' ><a target=\"_blank\" aria-label=\"Compartir en Facebook\" href='https:\/\/www.facebook.com\/sharer.php?u=https:\/\/radiorevelacionfm.cl\/?p=45390&#038;t=Destacan%20rol%20de%20los%20gremios%20y%20organizaciones%20sociales%20frente%20a%20escenario%20de%20alzas%20el%C3%A9ctricas' aria-hidden='false' data-av_icon='\ue8f3' data-av_iconfont='entypo-fontello' title='' data-avia-related-tooltip='Compartir en Facebook' rel=\"noopener\"><span class='avia_hidden_link_text'>Compartir en Facebook<\/span><\/a><\/li><li class='av-share-link av-social-link-twitter' ><a target=\"_blank\" aria-label=\"Compartir en Twitter\" href='https:\/\/twitter.com\/share?text=Destacan%20rol%20de%20los%20gremios%20y%20organizaciones%20sociales%20frente%20a%20escenario%20de%20alzas%20el%C3%A9ctricas&#038;url=https:\/\/radiorevelacionfm.cl\/?p=45390' aria-hidden='false' data-av_icon='\ue8f1' data-av_iconfont='entypo-fontello' title='' data-avia-related-tooltip='Compartir en Twitter' rel=\"noopener\"><span class='avia_hidden_link_text'>Compartir en Twitter<\/span><\/a><\/li><li class='av-share-link av-social-link-whatsapp' ><a target=\"_blank\" aria-label=\"Compartir en Whatsapp\" href='https:\/\/api.whatsapp.com\/send?text=https:\/\/radiorevelacionfm.cl\/?p=45390' aria-hidden='false' data-av_icon='\uf232' data-av_iconfont='entypo-fontello' title='' data-avia-related-tooltip='Compartir en Whatsapp' rel=\"noopener\"><span class='avia_hidden_link_text'>Compartir en Whatsapp<\/span><\/a><\/li><li class='av-share-link av-social-link-linkedin' ><a target=\"_blank\" aria-label=\"Compartir en LinkedIn\" href='https:\/\/linkedin.com\/shareArticle?mini=true&#038;title=Destacan%20rol%20de%20los%20gremios%20y%20organizaciones%20sociales%20frente%20a%20escenario%20de%20alzas%20el%C3%A9ctricas&#038;url=https:\/\/radiorevelacionfm.cl\/?p=45390' aria-hidden='false' data-av_icon='\ue8fc' data-av_iconfont='entypo-fontello' title='' data-avia-related-tooltip='Compartir en LinkedIn' rel=\"noopener\"><span class='avia_hidden_link_text'>Compartir en LinkedIn<\/span><\/a><\/li><li class='av-share-link av-social-link-mail' ><a  aria-label=\"Compartir por correo\" href='mailto:?subject=Destacan%20rol%20de%20los%20gremios%20y%20organizaciones%20sociales%20frente%20a%20escenario%20de%20alzas%20el%C3%A9ctricas&#038;body=https:\/\/radiorevelacionfm.cl\/?p=45390' aria-hidden='false' data-av_icon='\ue805' data-av_iconfont='entypo-fontello' title='' data-avia-related-tooltip='Compartir por correo'><span class='avia_hidden_link_text'>Compartir por correo<\/span><\/a><\/li><\/ul><\/div><\/div>\n<div  style='height:50px' class='hr hr-invisible   avia-builder-el-8  el_after_av_social_share  el_before_av_comments_list '><span class='hr-inner ' ><span class='hr-inner-style'><\/span><\/span><\/div>\n<div  class='av-buildercomment  av-blog-meta-html-info-disabled av-blog-meta-tag-disabled  '><\/div>\n","protected":false},"excerpt":{"rendered":"","protected":false},"author":1,"featured_media":45391,"comment_status":"open","ping_status":"open","sticky":false,"template":"","format":"standard","meta":{"footnotes":""},"categories":[38],"tags":[],"class_list":["post-45390","post","type-post","status-publish","format-standard","has-post-thumbnail","hentry","category-regional"],"jetpack_featured_media_url":"https:\/\/radiorevelacionfm.cl\/wp-content\/uploads\/2024\/08\/gatica_reunion_mh-1_optimized-1.jpeg","_links":{"self":[{"href":"https:\/\/radiorevelacionfm.cl\/index.php?rest_route=\/wp\/v2\/posts\/45390","targetHints":{"allow":["GET"]}}],"collection":[{"href":"https:\/\/radiorevelacionfm.cl\/index.php?rest_route=\/wp\/v2\/posts"}],"about":[{"href":"https:\/\/radiorevelacionfm.cl\/index.php?rest_route=\/wp\/v2\/types\/post"}],"author":[{"embeddable":true,"href":"https:\/\/radiorevelacionfm.cl\/index.php?rest_route=\/wp\/v2\/users\/1"}],"replies":[{"embeddable":true,"href":"https:\/\/radiorevelacionfm.cl\/index.php?rest_route=%2Fwp%2Fv2%2Fcomments&post=45390"}],"version-history":[{"count":2,"href":"https:\/\/radiorevelacionfm.cl\/index.php?rest_route=\/wp\/v2\/posts\/45390\/revisions"}],"predecessor-version":[{"id":45404,"href":"https:\/\/radiorevelacionfm.cl\/index.php?rest_route=\/wp\/v2\/posts\/45390\/revisions\/45404"}],"wp:featuredmedia":[{"embeddable":true,"href":"https:\/\/radiorevelacionfm.cl\/index.php?rest_route=\/wp\/v2\/media\/45391"}],"wp:attachment":[{"href":"https:\/\/radiorevelacionfm.cl\/index.php?rest_route=%2Fwp%2Fv2%2Fmedia&parent=45390"}],"wp:term":[{"taxonomy":"category","embeddable":true,"href":"https:\/\/radiorevelacionfm.cl\/index.php?rest_route=%2Fwp%2Fv2%2Fcategories&post=45390"},{"taxonomy":"post_tag","embeddable":true,"href":"https:\/\/radiorevelacionfm.cl\/index.php?rest_route=%2Fwp%2Fv2%2Ftags&post=45390"}],"curies":[{"name":"wp","href":"https:\/\/api.w.org\/{rel}","templated":true}]}}