{"id":45387,"date":"2024-08-22T19:21:33","date_gmt":"2024-08-22T22:21:33","guid":{"rendered":"https:\/\/radiorevelacionfm.cl\/?p=45387"},"modified":"2024-08-22T19:21:33","modified_gmt":"2024-08-22T22:21:33","slug":"ocho-estudiantes-de-aysen-fueron-destacados-por-el-mineduc-en-el-certamen-booktubers-bibliotecas-cra-2024","status":"publish","type":"post","link":"https:\/\/radiorevelacionfm.cl\/?p=45387","title":{"rendered":"Ocho estudiantes de Ays\u00e9n fueron destacados por el Mineduc en el certamen Booktubers Bibliotecas CRA 2024"},"content":{"rendered":"<div class=\"flex_column av_one_full  flex_column_div av-zero-column-padding first  avia-builder-el-0  el_before_av_one_full  avia-builder-el-first  \" style='border-radius:0px; '><div  class='avia-image-container  av-styling-    avia-builder-el-1  avia-builder-el-no-sibling  avia-align-center '  itemprop=\"image\" itemscope=\"itemscope\" itemtype=\"https:\/\/schema.org\/ImageObject\"  ><div class='avia-image-container-inner'><div class='avia-image-overlay-wrap'><img decoding=\"async\" class='wp-image-45388 avia-img-lazy-loading-not-45388 avia_image' src=\"https:\/\/radiorevelacionfm.cl\/wp-content\/uploads\/2024\/08\/booktubers-grupal-1_optimized.jpeg\" alt='' title='booktubers-grupal-(1)_optimized' height=\"600\" width=\"901\"  itemprop=\"thumbnailUrl\" srcset=\"https:\/\/radiorevelacionfm.cl\/wp-content\/uploads\/2024\/08\/booktubers-grupal-1_optimized.jpeg 901w, https:\/\/radiorevelacionfm.cl\/wp-content\/uploads\/2024\/08\/booktubers-grupal-1_optimized-300x200.jpeg 300w, https:\/\/radiorevelacionfm.cl\/wp-content\/uploads\/2024\/08\/booktubers-grupal-1_optimized-768x511.jpeg 768w, https:\/\/radiorevelacionfm.cl\/wp-content\/uploads\/2024\/08\/booktubers-grupal-1_optimized-705x469.jpeg 705w, https:\/\/radiorevelacionfm.cl\/wp-content\/uploads\/2024\/08\/booktubers-grupal-1_optimized-450x300.jpeg 450w, https:\/\/radiorevelacionfm.cl\/wp-content\/uploads\/2024\/08\/booktubers-grupal-1_optimized-600x400.jpeg 600w\" sizes=\"(max-width: 901px) 100vw, 901px\" \/><\/div><\/div><\/div><\/div><div class=\"flex_column av_one_full  flex_column_div av-zero-column-padding first  avia-builder-el-2  el_after_av_one_full  el_before_av_one_full  column-top-margin\" style='border-radius:0px; '><section class=\"av_textblock_section \"  itemscope=\"itemscope\" itemtype=\"https:\/\/schema.org\/BlogPosting\" itemprop=\"blogPost\" ><div class='avia_textblock  '   itemprop=\"text\" ><p style=\"text-align: center;\"><span style=\"font-size: 18pt;\"><b>Ocho estudiantes de Ays\u00e9n fueron destacados por el Mineduc en el certamen <i>Booktubers<\/i>\u00a0Bibliotecas CRA 2024<\/b><\/span><\/p>\n<div id=\"gtx-trans\" style=\"position: absolute; left: -50px; top: 4.31534px;\">\n<div class=\"gtx-trans-icon\"><\/div>\n<\/div>\n<\/div><\/section><\/div><div class=\"flex_column av_one_full  flex_column_div av-zero-column-padding first  avia-builder-el-4  el_after_av_one_full  el_before_av_hr  column-top-margin\" style='border-radius:0px; '><section class=\"av_textblock_section \"  itemscope=\"itemscope\" itemtype=\"https:\/\/schema.org\/BlogPosting\" itemprop=\"blogPost\" ><div class='avia_textblock  '   itemprop=\"text\" ><p class=\"v1MsoNormal\" style=\"text-align: justify;\" align=\"center\"><i>Ellas y ellos forman parte de los 1.864 ni\u00f1os, ni\u00f1as y j\u00f3venes que recomendaron sus libros favoritos en videos de menos de un minuto y medio de duraci\u00f3n en la cuarta versi\u00f3n de esta iniciativa impulsada por el Ministerio de Educaci\u00f3n.<\/i><\/p>\n<p class=\"v1MsoNormal\" style=\"text-align: justify;\">Hoy en Coyhaique y con la participaci\u00f3n de la SEREMI Isabel Garrido y la Jefa del Departamento Provincial de Educaci\u00f3n Coyhaique Michelle Grondona se realiz\u00f3 una emotiva ceremonia de reconocimiento a 8 estudiantes de escuelas y liceos de Coyhaique y Cerro Castillo, quienes fueron seleccionados tras recomendar la lectura de un libro de su preferencia a trav\u00e9s de un breve video.<\/p>\n<p class=\"v1MsoNormal\" style=\"text-align: justify;\">Edgar Alan Poe, Isabel Allende y\u00a0<a href=\"https:\/\/www.google.com\/search?sca_esv=80ea3392ff627e78&amp;rlz=1C1DIMA_enCL688CL688&amp;sxsrf=ADLYWIKesrb53tV5N4XvXu4xXOuae0QbvQ:1724351919622&amp;q=George+R.+R.+Martin&amp;si=ACC90nyvvWro6QmnyY1IfSdgk5wwjB1r8BGd_IWRjXqmKPQqm-a9Nc7h-p2yedrrrOhWPm7BpbEDBUpHDXBfUgU1HSU4oYp7P1XoCrHx9a6J2oi1puDtirKxB5p5y5DKVZ3JXLVrw5gRA1llNwUZIMf1I951YA98gEoaasVf7GWuXzWY7-WCCOo0r4nWjXpGayHafQQ5fryASU6zvHIDsSxeJol3vG7UowiihDZbnooSEBWCa5AYragIub9zKmQxcLmXEpNb9Gwl&amp;sa=X&amp;sqi=2&amp;ved=2ahUKEwjw3ou9n4mIAxU-D7kGHQXhDeMQmxMoAHoECBwQAg\" target=\"_blank\" rel=\"noopener noreferrer\">George R. R. Martin<\/a>\u00a0fueron algunos de los autores recomendados por los booktobers regionales reconocidos.<\/p>\n<p class=\"v1MsoNormal\" style=\"text-align: justify;\">Categor\u00eda 1 (Transici\u00f3n 1 a 2\u00b0 B\u00e1sico)<\/p>\n<p class=\"v1MsoNormal\" style=\"text-align: justify;\">Agust\u00edn Opazo Lonc\u00f3n de la Escuela V\u00edctor Domingo Silva y Briana Linares Ortiz del Colegio Francisco Xabier Buti\u00f1a.<\/p>\n<p class=\"v1MsoNormal\" style=\"text-align: justify;\">Categor\u00eda 2 (3\u00b0 a 6\u00b0 B\u00e1sico).<\/p>\n<p class=\"v1MsoNormal\" style=\"text-align: justify;\">Elena Aguilar Carvajal y Laura Millas Aguilar de la Escuela V\u00edctor Domingo Silva en<\/p>\n<p class=\"v1MsoNormal\" style=\"text-align: justify;\">Categor\u00eda 3\u00a0 (7\u00b0 B\u00e1sico a 1\u00b0 Medio).<\/p>\n<p class=\"v1MsoNormal\" style=\"text-align: justify;\">Valentina Aguilar Carvajal de la Escuela V\u00edctor Domingo Silva y Kevin Vel\u00e1zquez\u00a0 del Liceo Bicentenario Rural Cerro Castillo.<\/p>\n<p class=\"v1MsoNormal\" style=\"text-align: justify;\">Categor\u00eda 4\u00a0 (2\u00b0 a 4\u00b0 Medio).<\/p>\n<p class=\"v1MsoNormal\" style=\"text-align: justify;\">Krishna Millar del Liceo Bicentenario Rural Cerro Castillo y Fernanda Ram\u00edrez Sandoval del Colegio Francisco Xabier Buti\u00f1a.<\/p>\n<p class=\"v1MsoNormal\" style=\"text-align: justify;\">Los estudiantes fueron saludados y felicitados a trav\u00e9s de un video por el ministro de Educaci\u00f3n Nicol\u00e1s Cataldo, quien se\u00f1al\u00f3: \u201cDesde el Ministerio de Educaci\u00f3n seguimos promoviendo el acercamiento a la lectura ya que es una pieza integral de los aprendizajes de cada uno d ellos estudiantes. Los libros nos ayudan a mirar el mundo con otra perspectiva. Nos acercan visiones que tal vez desconoc\u00edamos y nos ense\u00f1an a compartir y a relacionarnos. (\u2026) las y los invito a ser embajadores de la lectura dentro de sus familias, entre sus pares y en otros espacios\u201d.<\/p>\n<p class=\"v1MsoNormal\" style=\"text-align: justify;\">En esa misma l\u00ednea la SEREMI Isabel Garrido destac\u00f3 en su intervenci\u00f3n que \u201cLa lectura est\u00e1 en la base de todos los aprendizajes y por ello el Ministerio de Educaci\u00f3n promueve este certamen para acercar a las y los estudiantes a la literatura y a los autores. El libro puede ser la mejor compa\u00f1\u00eda de una persona. Las y los felicitamos por sus recomendaciones literarias y les animamos a seguir profundizando la pasi\u00f3n que tienen por leer\u201d.<\/p>\n<p class=\"v1MsoNormal\" style=\"text-align: justify;\">Acompa\u00f1\u00f3 el espacio de reconocimiento a la lectura y los lectores Cindy Becker cultora regional de le t\u00e9cnica \u201cCuenta Cuentos\u201d.<\/p>\n<p class=\"v1MsoNormal\" style=\"text-align: justify;\">Este a\u00f1o la participaci\u00f3n a nivel nacional alcanz\u00f3 la cifra de 1.864 estudiantes, desde primer nivel de transici\u00f3n a cuarto medio de las 16 regiones del pa\u00eds, rese\u00f1ando sus lecturas favoritas bajo el lema\u00a0<b><i>\u201cAmpliando lecturas que construyen historias\u201d<\/i><\/b>.\u00a0<a name=\"v1_Int_ECKQJhDH\"><\/a>Adem\u00e1s, esta iniciativa se enmarca en la celebraci\u00f3n de los 30 a\u00f1os de Bibliotecas Escolares (CRA), con el prop\u00f3sito de destacar la trayectoria del programa y de las Bibliotecas Escolares del pa\u00eds, en su labor de promover el acceso a los libros y fomentar la lectura durante toda la etapa escolar.<\/p>\n<p class=\"v1MsoNormal\" style=\"text-align: justify;\">Al igual que en el a\u00f1o 2023, durante este semestre, cada regi\u00f3n destaca a ocho estudiantes por la calidad de sus videos, divididos en cuatro categor\u00edas (NT1-2\u00b0 b\u00e1sico, 3\u00b0-6\u00b0 b\u00e1sico, 7\u00b0-1\u00b0 medio y 2\u00b0-4\u00b0 medio)..<\/p>\n<p class=\"v1MsoNormal\" style=\"text-align: justify;\"><b>En cifras:<\/b><\/p>\n<ul style=\"text-align: justify;\" type=\"disc\">\n<li class=\"v1MsoNormal\">Se recibieron un total de\u00a0<b>1.864\u00a0<\/b>videos a nivel nacional.<\/li>\n<li class=\"v1MsoNormal\">Se destacar\u00e1n a 128 estudiantes en total, 8 por cada regi\u00f3n.<\/li>\n<li class=\"v1MsoNormal\">Por cuarto a\u00f1o consecutivo,\u00a0<b>la categor\u00eda m\u00e1s popular fue la de 3\u00b0 a 6\u00b0 b\u00e1sico<\/b>, con un total de 836 videos.<\/li>\n<li class=\"v1MsoNormal\">La regi\u00f3n que recibi\u00f3 m\u00e1s videos fue la Regi\u00f3n Metropolitana (370) seguida de la Regi\u00f3n de Valpara\u00edso (218).<\/li>\n<li class=\"v1MsoNormal\">En t\u00e9rminos de tipo de texto, al igual que en a\u00f1os anteriores,\u00a0<b>la mayor\u00eda de los libros rese\u00f1ados corresponden a narrativa en diferentes formatos, como manga, c\u00f3mics, novelas y cuentos<\/b>.<\/li>\n<li class=\"v1MsoNormal\">Los t\u00f3picos m\u00e1s recurrentes estuvieron vinculados a los grandes temas, principalmente el amor\/desamor, los animales y el desarrollo personal.<\/li>\n<li class=\"v1MsoNormal\">Toda la informaci\u00f3n en\u00a0<a href=\"https:\/\/bibliotecas-cra.cl\/Mes-del-libro-2024\" target=\"_blank\" rel=\"noopener noreferrer\">https:\/\/bibliotecas-cra.cl\/Mes-del-libro-2024<\/a><\/li>\n<\/ul>\n<\/div><\/section><\/div><div  style='height:50px' class='hr hr-invisible   avia-builder-el-6  el_after_av_one_full  el_before_av_social_share '><span class='hr-inner ' ><span class='hr-inner-style'><\/span><\/span><\/div><\/p>\n<div  class='av-social-sharing-box  avia-builder-el-7  el_after_av_hr  el_before_av_hr  '><div class='av-share-box'><h5 class='av-share-link-description av-no-toc '>Compartir esta noticia<\/h5><ul class='av-share-box-list noLightbox'><li class='av-share-link av-social-link-facebook' ><a target=\"_blank\" aria-label=\"Compartir en Facebook\" href='https:\/\/www.facebook.com\/sharer.php?u=https:\/\/radiorevelacionfm.cl\/?p=45387&#038;t=Ocho%20estudiantes%20de%20Ays%C3%A9n%20fueron%20destacados%20por%20el%20Mineduc%20en%20el%20certamen%20Booktubers%20Bibliotecas%20CRA%202024' aria-hidden='false' data-av_icon='\ue8f3' data-av_iconfont='entypo-fontello' title='' data-avia-related-tooltip='Compartir en Facebook' rel=\"noopener\"><span class='avia_hidden_link_text'>Compartir en Facebook<\/span><\/a><\/li><li class='av-share-link av-social-link-twitter' ><a target=\"_blank\" aria-label=\"Compartir en Twitter\" href='https:\/\/twitter.com\/share?text=Ocho%20estudiantes%20de%20Ays%C3%A9n%20fueron%20destacados%20por%20el%20Mineduc%20en%20el%20certamen%20Booktubers%20Bibliotecas%20CRA%202024&#038;url=https:\/\/radiorevelacionfm.cl\/?p=45387' aria-hidden='false' data-av_icon='\ue8f1' data-av_iconfont='entypo-fontello' title='' data-avia-related-tooltip='Compartir en Twitter' rel=\"noopener\"><span class='avia_hidden_link_text'>Compartir en Twitter<\/span><\/a><\/li><li class='av-share-link av-social-link-whatsapp' ><a target=\"_blank\" aria-label=\"Compartir en Whatsapp\" href='https:\/\/api.whatsapp.com\/send?text=https:\/\/radiorevelacionfm.cl\/?p=45387' aria-hidden='false' data-av_icon='\uf232' data-av_iconfont='entypo-fontello' title='' data-avia-related-tooltip='Compartir en Whatsapp' rel=\"noopener\"><span class='avia_hidden_link_text'>Compartir en Whatsapp<\/span><\/a><\/li><li class='av-share-link av-social-link-linkedin' ><a target=\"_blank\" aria-label=\"Compartir en LinkedIn\" href='https:\/\/linkedin.com\/shareArticle?mini=true&#038;title=Ocho%20estudiantes%20de%20Ays%C3%A9n%20fueron%20destacados%20por%20el%20Mineduc%20en%20el%20certamen%20Booktubers%20Bibliotecas%20CRA%202024&#038;url=https:\/\/radiorevelacionfm.cl\/?p=45387' aria-hidden='false' data-av_icon='\ue8fc' data-av_iconfont='entypo-fontello' title='' data-avia-related-tooltip='Compartir en LinkedIn' rel=\"noopener\"><span class='avia_hidden_link_text'>Compartir en LinkedIn<\/span><\/a><\/li><li class='av-share-link av-social-link-mail' ><a  aria-label=\"Compartir por correo\" href='mailto:?subject=Ocho%20estudiantes%20de%20Ays%C3%A9n%20fueron%20destacados%20por%20el%20Mineduc%20en%20el%20certamen%20Booktubers%20Bibliotecas%20CRA%202024&#038;body=https:\/\/radiorevelacionfm.cl\/?p=45387' aria-hidden='false' data-av_icon='\ue805' data-av_iconfont='entypo-fontello' title='' data-avia-related-tooltip='Compartir por correo'><span class='avia_hidden_link_text'>Compartir por correo<\/span><\/a><\/li><\/ul><\/div><\/div>\n<div  style='height:50px' class='hr hr-invisible   avia-builder-el-8  el_after_av_social_share  el_before_av_comments_list '><span class='hr-inner ' ><span class='hr-inner-style'><\/span><\/span><\/div>\n<div  class='av-buildercomment  av-blog-meta-html-info-disabled av-blog-meta-tag-disabled  '><\/div>\n","protected":false},"excerpt":{"rendered":"","protected":false},"author":1,"featured_media":45388,"comment_status":"open","ping_status":"open","sticky":false,"template":"","format":"standard","meta":{"footnotes":""},"categories":[49],"tags":[],"class_list":["post-45387","post","type-post","status-publish","format-standard","has-post-thumbnail","hentry","category-educacion"],"jetpack_featured_media_url":"https:\/\/radiorevelacionfm.cl\/wp-content\/uploads\/2024\/08\/booktubers-grupal-1_optimized.jpeg","_links":{"self":[{"href":"https:\/\/radiorevelacionfm.cl\/index.php?rest_route=\/wp\/v2\/posts\/45387","targetHints":{"allow":["GET"]}}],"collection":[{"href":"https:\/\/radiorevelacionfm.cl\/index.php?rest_route=\/wp\/v2\/posts"}],"about":[{"href":"https:\/\/radiorevelacionfm.cl\/index.php?rest_route=\/wp\/v2\/types\/post"}],"author":[{"embeddable":true,"href":"https:\/\/radiorevelacionfm.cl\/index.php?rest_route=\/wp\/v2\/users\/1"}],"replies":[{"embeddable":true,"href":"https:\/\/radiorevelacionfm.cl\/index.php?rest_route=%2Fwp%2Fv2%2Fcomments&post=45387"}],"version-history":[{"count":1,"href":"https:\/\/radiorevelacionfm.cl\/index.php?rest_route=\/wp\/v2\/posts\/45387\/revisions"}],"predecessor-version":[{"id":45389,"href":"https:\/\/radiorevelacionfm.cl\/index.php?rest_route=\/wp\/v2\/posts\/45387\/revisions\/45389"}],"wp:featuredmedia":[{"embeddable":true,"href":"https:\/\/radiorevelacionfm.cl\/index.php?rest_route=\/wp\/v2\/media\/45388"}],"wp:attachment":[{"href":"https:\/\/radiorevelacionfm.cl\/index.php?rest_route=%2Fwp%2Fv2%2Fmedia&parent=45387"}],"wp:term":[{"taxonomy":"category","embeddable":true,"href":"https:\/\/radiorevelacionfm.cl\/index.php?rest_route=%2Fwp%2Fv2%2Fcategories&post=45387"},{"taxonomy":"post_tag","embeddable":true,"href":"https:\/\/radiorevelacionfm.cl\/index.php?rest_route=%2Fwp%2Fv2%2Ftags&post=45387"}],"curies":[{"name":"wp","href":"https:\/\/api.w.org\/{rel}","templated":true}]}}