{"id":45384,"date":"2024-08-22T22:06:02","date_gmt":"2024-08-23T01:06:02","guid":{"rendered":"https:\/\/radiorevelacionfm.cl\/?p=45384"},"modified":"2024-08-22T22:06:02","modified_gmt":"2024-08-23T01:06:02","slug":"coyhaique-mesa-interinstitucional-de-supervision-carcelaria-da-cuenta-de-avances-en-materia-de-infraestructura","status":"publish","type":"post","link":"https:\/\/radiorevelacionfm.cl\/?p=45384","title":{"rendered":"Coyhaique: Mesa Interinstitucional de Supervisi\u00f3n Carcelaria da cuenta de avances en materia de infraestructura"},"content":{"rendered":"<div class=\"flex_column av_one_full  flex_column_div av-zero-column-padding first  avia-builder-el-0  el_before_av_one_full  avia-builder-el-first  \" style='border-radius:0px; '><div  class='avia-image-container  av-styling-    avia-builder-el-1  avia-builder-el-no-sibling  avia-align-center '  itemprop=\"image\" itemscope=\"itemscope\" itemtype=\"https:\/\/schema.org\/ImageObject\"  ><div class='avia-image-container-inner'><div class='avia-image-overlay-wrap'><img decoding=\"async\" class='wp-image-45385 avia-img-lazy-loading-not-45385 avia_image' src=\"https:\/\/radiorevelacionfm.cl\/wp-content\/uploads\/2024\/08\/foto-02-mesa-carcel-1_optimized.jpg\" alt='' title='foto-02-mesa-carcel-(1)_optimized' height=\"600\" width=\"966\"  itemprop=\"thumbnailUrl\" srcset=\"https:\/\/radiorevelacionfm.cl\/wp-content\/uploads\/2024\/08\/foto-02-mesa-carcel-1_optimized.jpg 966w, https:\/\/radiorevelacionfm.cl\/wp-content\/uploads\/2024\/08\/foto-02-mesa-carcel-1_optimized-300x186.jpg 300w, https:\/\/radiorevelacionfm.cl\/wp-content\/uploads\/2024\/08\/foto-02-mesa-carcel-1_optimized-768x477.jpg 768w, https:\/\/radiorevelacionfm.cl\/wp-content\/uploads\/2024\/08\/foto-02-mesa-carcel-1_optimized-705x438.jpg 705w, https:\/\/radiorevelacionfm.cl\/wp-content\/uploads\/2024\/08\/foto-02-mesa-carcel-1_optimized-450x280.jpg 450w, https:\/\/radiorevelacionfm.cl\/wp-content\/uploads\/2024\/08\/foto-02-mesa-carcel-1_optimized-600x373.jpg 600w\" sizes=\"(max-width: 966px) 100vw, 966px\" \/><\/div><\/div><\/div><\/div><div class=\"flex_column av_one_full  flex_column_div av-zero-column-padding first  avia-builder-el-2  el_after_av_one_full  el_before_av_one_full  column-top-margin\" style='border-radius:0px; '><section class=\"av_textblock_section \"  itemscope=\"itemscope\" itemtype=\"https:\/\/schema.org\/BlogPosting\" itemprop=\"blogPost\" ><div class='avia_textblock  '   itemprop=\"text\" ><p style=\"text-align: center;\"><span style=\"font-size: 18pt;\"><b>Coyhaique: Mesa Interinstitucional de Supervisi\u00f3n Carcelaria da cuenta de avances en materia de infraestructura<\/b><\/span><\/p>\n<div id=\"gtx-trans\" style=\"position: absolute; left: -50px; top: 4.31534px;\">\n<div class=\"gtx-trans-icon\"><\/div>\n<\/div>\n<\/div><\/section><\/div><div class=\"flex_column av_one_full  flex_column_div av-zero-column-padding first  avia-builder-el-4  el_after_av_one_full  el_before_av_hr  column-top-margin\" style='border-radius:0px; '><section class=\"av_textblock_section \"  itemscope=\"itemscope\" itemtype=\"https:\/\/schema.org\/BlogPosting\" itemprop=\"blogPost\" ><div class='avia_textblock  '   itemprop=\"text\" ><p class=\"v1MsoNormal\" style=\"text-align: justify;\">En su segunda reuni\u00f3n del a\u00f1o, la Mesa Regional de Supervisi\u00f3n Carcelaria de Coyhaique sesion\u00f3, el pasado lunes 19 de agosto, para dar cuenta de los avances ante problem\u00e1ticas existentes en los recintos penales de la jurisdicci\u00f3n.<\/p>\n<p class=\"v1MsoNormal\" style=\"text-align: justify;\">La jornada fue encabezada por el fiscal judicial (s) de la Corte de Apelaciones de Coyhaique, Juan Patricio Silva Pedreros; el seremi de Justicia y Derechos Humanos, Samuel Navarro Castro; el magistrado del Juzgado de Garant\u00eda Mario Devaud Ojeda y representantes del Ministerio de Justicia, Instituto de Derechos Humanos y la Defensor\u00eda Penal P\u00fablica.<\/p>\n<p class=\"v1MsoNormal\" style=\"text-align: justify;\">En la instancia el fiscal judicial expres\u00f3 que: \u00abesta nueva reuni\u00f3n permiti\u00f3 dar cuenta por parte Gendarmer\u00eda de Chile de lo obrado en cuanto a habilitar las dependencias del pabell\u00f3n de imputados del Centro de Cumplimiento Penitenciario de Coyhaique,\u00a0 lugar que fue habilitado con ba\u00f1os, a efectos de que las personas que se encuentran privadas de libertad sujetas a medidas cautelares puedan en horas de la noche acceder en condiciones adecuadas, respecto de los servicios higi\u00e9nicos y tambi\u00e9n puede contar con agua potable\u00bb.<\/p>\n<p class=\"v1MsoNormal\" style=\"text-align: justify;\">Juan Patricio Silva agreg\u00f3 que \u00abestos arreglos se originaron con motivo de un recurso de amparo que fue deducido ante la Ilustr\u00edsima Corte de Apelaciones de Coyhaique por parte del Instituto Nacional de Derechos Humanos, conjuntamente con la Defensor\u00eda Penal P\u00fablica. De esta manera, podemos informar a trav\u00e9s de esta mesa, del cumplimiento \u00edntegro de lo que fue ordenado por el tribunal de alzada\u00bb.<\/p>\n<p class=\"v1MsoNormal\" style=\"text-align: justify;\"><b>Situaci\u00f3n carcelaria secci\u00f3n femenina<\/b><\/p>\n<p class=\"v1MsoNormal\" style=\"text-align: justify;\">Un segundo tema que fue tratado en la mesa dice relaci\u00f3n con la situaci\u00f3n de hacinamiento que afectan a las mujeres que se encuentran cumpliendo condenas o que se encuentran sujetas a la medida cautelar de prisi\u00f3n preventiva.<\/p>\n<p class=\"v1MsoNormal\" style=\"text-align: justify;\">En este sentido, el fiscal judicial Silva explic\u00f3 que \u00abdebemos se\u00f1alar que en la regi\u00f3n solo el Centro de Cumplimiento Penitenciario de Coyhaique alberga a mujeres privadas de libertad. De manera, que a virtud tambi\u00e9n de un recurso de amparo presentado en marzo de este a\u00f1o, se orden\u00f3 por la Corte de Apelaciones que se iniciar\u00e1n las acciones tendientes a posibilitar una adecuada mantenci\u00f3n de las mujeres privadas de libertad, en otros recintos, en tal sentido, se nos inform\u00f3 por parte de Gendarmer\u00eda de Chile que en el Centro de Detenci\u00f3n Preventiva de la ciudad de Puerto Ays\u00e9n, actualmente existe un espacio adecuado, al cual se deber\u00e1n hacer los arreglos necesarios. Por ello, agradecemos la disposici\u00f3n y los recursos dispuestos para aquello\u00bb.<\/p>\n<p class=\"v1MsoNormal\" style=\"text-align: justify;\">Finalmente, indicar que para el mes de noviembre se ha programado la tercera y \u00faltima reuni\u00f3n del a\u00f1o 2024 de la Mesa Regional de Supervisi\u00f3n Carcelaria.<\/p>\n<\/div><\/section><\/div><div  style='height:50px' class='hr hr-invisible   avia-builder-el-6  el_after_av_one_full  el_before_av_social_share '><span class='hr-inner ' ><span class='hr-inner-style'><\/span><\/span><\/div><\/p>\n<div  class='av-social-sharing-box  avia-builder-el-7  el_after_av_hr  el_before_av_hr  '><div class='av-share-box'><h5 class='av-share-link-description av-no-toc '>Compartir esta noticia<\/h5><ul class='av-share-box-list noLightbox'><li class='av-share-link av-social-link-facebook' ><a target=\"_blank\" aria-label=\"Compartir en Facebook\" href='https:\/\/www.facebook.com\/sharer.php?u=https:\/\/radiorevelacionfm.cl\/?p=45384&#038;t=Coyhaique%3A%20Mesa%20Interinstitucional%20de%20Supervisi%C3%B3n%20Carcelaria%20da%20cuenta%20de%20avances%20en%20materia%20de%20infraestructura' aria-hidden='false' data-av_icon='\ue8f3' data-av_iconfont='entypo-fontello' title='' data-avia-related-tooltip='Compartir en Facebook' rel=\"noopener\"><span class='avia_hidden_link_text'>Compartir en Facebook<\/span><\/a><\/li><li class='av-share-link av-social-link-twitter' ><a target=\"_blank\" aria-label=\"Compartir en Twitter\" href='https:\/\/twitter.com\/share?text=Coyhaique%3A%20Mesa%20Interinstitucional%20de%20Supervisi%C3%B3n%20Carcelaria%20da%20cuenta%20de%20avances%20en%20materia%20de%20infraestructura&#038;url=https:\/\/radiorevelacionfm.cl\/?p=45384' aria-hidden='false' data-av_icon='\ue8f1' data-av_iconfont='entypo-fontello' title='' data-avia-related-tooltip='Compartir en Twitter' rel=\"noopener\"><span class='avia_hidden_link_text'>Compartir en Twitter<\/span><\/a><\/li><li class='av-share-link av-social-link-whatsapp' ><a target=\"_blank\" aria-label=\"Compartir en Whatsapp\" href='https:\/\/api.whatsapp.com\/send?text=https:\/\/radiorevelacionfm.cl\/?p=45384' aria-hidden='false' data-av_icon='\uf232' data-av_iconfont='entypo-fontello' title='' data-avia-related-tooltip='Compartir en Whatsapp' rel=\"noopener\"><span class='avia_hidden_link_text'>Compartir en Whatsapp<\/span><\/a><\/li><li class='av-share-link av-social-link-linkedin' ><a target=\"_blank\" aria-label=\"Compartir en LinkedIn\" href='https:\/\/linkedin.com\/shareArticle?mini=true&#038;title=Coyhaique%3A%20Mesa%20Interinstitucional%20de%20Supervisi%C3%B3n%20Carcelaria%20da%20cuenta%20de%20avances%20en%20materia%20de%20infraestructura&#038;url=https:\/\/radiorevelacionfm.cl\/?p=45384' aria-hidden='false' data-av_icon='\ue8fc' data-av_iconfont='entypo-fontello' title='' data-avia-related-tooltip='Compartir en LinkedIn' rel=\"noopener\"><span class='avia_hidden_link_text'>Compartir en LinkedIn<\/span><\/a><\/li><li class='av-share-link av-social-link-mail' ><a  aria-label=\"Compartir por correo\" href='mailto:?subject=Coyhaique%3A%20Mesa%20Interinstitucional%20de%20Supervisi%C3%B3n%20Carcelaria%20da%20cuenta%20de%20avances%20en%20materia%20de%20infraestructura&#038;body=https:\/\/radiorevelacionfm.cl\/?p=45384' aria-hidden='false' data-av_icon='\ue805' data-av_iconfont='entypo-fontello' title='' data-avia-related-tooltip='Compartir por correo'><span class='avia_hidden_link_text'>Compartir por correo<\/span><\/a><\/li><\/ul><\/div><\/div>\n<div  style='height:50px' class='hr hr-invisible   avia-builder-el-8  el_after_av_social_share  el_before_av_comments_list '><span class='hr-inner ' ><span class='hr-inner-style'><\/span><\/span><\/div>\n<div  class='av-buildercomment  av-blog-meta-html-info-disabled av-blog-meta-tag-disabled  '><\/div>\n","protected":false},"excerpt":{"rendered":"","protected":false},"author":1,"featured_media":45385,"comment_status":"open","ping_status":"open","sticky":false,"template":"","format":"standard","meta":{"footnotes":""},"categories":[55],"tags":[],"class_list":["post-45384","post","type-post","status-publish","format-standard","has-post-thumbnail","hentry","category-justicia"],"jetpack_featured_media_url":"https:\/\/radiorevelacionfm.cl\/wp-content\/uploads\/2024\/08\/foto-02-mesa-carcel-1_optimized.jpg","_links":{"self":[{"href":"https:\/\/radiorevelacionfm.cl\/index.php?rest_route=\/wp\/v2\/posts\/45384","targetHints":{"allow":["GET"]}}],"collection":[{"href":"https:\/\/radiorevelacionfm.cl\/index.php?rest_route=\/wp\/v2\/posts"}],"about":[{"href":"https:\/\/radiorevelacionfm.cl\/index.php?rest_route=\/wp\/v2\/types\/post"}],"author":[{"embeddable":true,"href":"https:\/\/radiorevelacionfm.cl\/index.php?rest_route=\/wp\/v2\/users\/1"}],"replies":[{"embeddable":true,"href":"https:\/\/radiorevelacionfm.cl\/index.php?rest_route=%2Fwp%2Fv2%2Fcomments&post=45384"}],"version-history":[{"count":1,"href":"https:\/\/radiorevelacionfm.cl\/index.php?rest_route=\/wp\/v2\/posts\/45384\/revisions"}],"predecessor-version":[{"id":45386,"href":"https:\/\/radiorevelacionfm.cl\/index.php?rest_route=\/wp\/v2\/posts\/45384\/revisions\/45386"}],"wp:featuredmedia":[{"embeddable":true,"href":"https:\/\/radiorevelacionfm.cl\/index.php?rest_route=\/wp\/v2\/media\/45385"}],"wp:attachment":[{"href":"https:\/\/radiorevelacionfm.cl\/index.php?rest_route=%2Fwp%2Fv2%2Fmedia&parent=45384"}],"wp:term":[{"taxonomy":"category","embeddable":true,"href":"https:\/\/radiorevelacionfm.cl\/index.php?rest_route=%2Fwp%2Fv2%2Fcategories&post=45384"},{"taxonomy":"post_tag","embeddable":true,"href":"https:\/\/radiorevelacionfm.cl\/index.php?rest_route=%2Fwp%2Fv2%2Ftags&post=45384"}],"curies":[{"name":"wp","href":"https:\/\/api.w.org\/{rel}","templated":true}]}}