{"id":45381,"date":"2024-08-22T18:05:10","date_gmt":"2024-08-22T21:05:10","guid":{"rendered":"https:\/\/radiorevelacionfm.cl\/?p=45381"},"modified":"2024-08-22T18:05:10","modified_gmt":"2024-08-22T21:05:10","slug":"aysen-funcionarios-reciben-capacitacion-de-primeros-auxilios-psicologicos-para-la-prevencion-del-suicidio","status":"publish","type":"post","link":"https:\/\/radiorevelacionfm.cl\/?p=45381","title":{"rendered":"Ays\u00e9n: Funcionarios reciben capacitaci\u00f3n de primeros auxilios psicol\u00f3gicos para la prevenci\u00f3n del suicidio"},"content":{"rendered":"<div class=\"flex_column av_one_full  flex_column_div av-zero-column-padding first  avia-builder-el-0  el_before_av_one_full  avia-builder-el-first  \" style='border-radius:0px; '><div  class='avia-image-container  av-styling-    avia-builder-el-1  avia-builder-el-no-sibling  avia-align-center '  itemprop=\"image\" itemscope=\"itemscope\" itemtype=\"https:\/\/schema.org\/ImageObject\"  ><div class='avia-image-container-inner'><div class='avia-image-overlay-wrap'><img decoding=\"async\" class='wp-image-45382 avia-img-lazy-loading-not-45382 avia_image' src=\"https:\/\/radiorevelacionfm.cl\/wp-content\/uploads\/2024\/08\/20240821_093825-1_optimized.jpg\" alt='' title='20240821_093825-(1)_optimized' height=\"600\" width=\"800\"  itemprop=\"thumbnailUrl\" srcset=\"https:\/\/radiorevelacionfm.cl\/wp-content\/uploads\/2024\/08\/20240821_093825-1_optimized.jpg 800w, https:\/\/radiorevelacionfm.cl\/wp-content\/uploads\/2024\/08\/20240821_093825-1_optimized-300x225.jpg 300w, https:\/\/radiorevelacionfm.cl\/wp-content\/uploads\/2024\/08\/20240821_093825-1_optimized-768x576.jpg 768w, https:\/\/radiorevelacionfm.cl\/wp-content\/uploads\/2024\/08\/20240821_093825-1_optimized-705x529.jpg 705w, https:\/\/radiorevelacionfm.cl\/wp-content\/uploads\/2024\/08\/20240821_093825-1_optimized-450x338.jpg 450w, https:\/\/radiorevelacionfm.cl\/wp-content\/uploads\/2024\/08\/20240821_093825-1_optimized-600x450.jpg 600w\" sizes=\"(max-width: 800px) 100vw, 800px\" \/><\/div><\/div><\/div><\/div><div class=\"flex_column av_one_full  flex_column_div av-zero-column-padding first  avia-builder-el-2  el_after_av_one_full  el_before_av_one_full  column-top-margin\" style='border-radius:0px; '><section class=\"av_textblock_section \"  itemscope=\"itemscope\" itemtype=\"https:\/\/schema.org\/BlogPosting\" itemprop=\"blogPost\" ><div class='avia_textblock  '   itemprop=\"text\" ><p style=\"text-align: center;\"><strong><span style=\"font-size: 18pt;\">Ays\u00e9n: Funcionarios reciben capacitaci\u00f3n de primeros auxilios psicol\u00f3gicos para la prevenci\u00f3n del suicidio<\/span><\/strong><\/p>\n<div id=\"gtx-trans\" style=\"position: absolute; left: -50px; top: 4.31534px;\">\n<div class=\"gtx-trans-icon\"><\/div>\n<\/div>\n<\/div><\/section><\/div><div class=\"flex_column av_one_full  flex_column_div av-zero-column-padding first  avia-builder-el-4  el_after_av_one_full  el_before_av_hr  column-top-margin\" style='border-radius:0px; '><section class=\"av_textblock_section \"  itemscope=\"itemscope\" itemtype=\"https:\/\/schema.org\/BlogPosting\" itemprop=\"blogPost\" ><div class='avia_textblock  '   itemprop=\"text\" ><p style=\"text-align: justify;\"><em>El taller fue realizado por la Fundaci\u00f3n Katy Summer, de esta tambi\u00e9n participaron instituciones locales de educaci\u00f3n, seguridad, y sociales.<\/em><\/p>\n<p style=\"text-align: justify;\">En la biblioteca p\u00fablica de Puerto Ays\u00e9n se efectu\u00f3 la charla, la cual tuvo momentos de di\u00e1logo, de competencia y de reflexi\u00f3n. Esta fue realizada por la Fundaci\u00f3n Katy Summer, organizaci\u00f3n que ya ha viajado algunas veces a la regi\u00f3n y que nuevamente vinieron a dar su c\u00e1tedra, esta vez para funcionarios municipales, carabineros, trabajadores de instituciones educativas y personal de organizaciones sociales.<\/p>\n<p style=\"text-align: justify;\">La coordinaci\u00f3n a cargo de traer esta capacitaci\u00f3n a Ays\u00e9n fue de parte del Programa de Prevenci\u00f3n de las Violencias de G\u00e9nero de la Municipalidad de Ays\u00e9n y del equipo regional del Instituto Nacional de Derechos Humanos (INDH).<\/p>\n<p style=\"text-align: justify;\">Anny Vidal, una de las coordinadoras del Programa de Prevenci\u00f3n de las Violencias de G\u00e9nero, explic\u00f3 el porqu\u00e9 se realiz\u00f3 este taller, \u201cesto se forja bajo el contexto del \u201cMes de la Juventud\u201d, donde es de bastante relevancia, sobre todo en nuestra comuna, poder prevenir el suicidio y generar herramientas que nos permitan contener a las personas con primeros auxilios psicol\u00f3gicos para poder observar aquellos antecedentes que quiz\u00e1s pueden ser preocupantes, pero que no todos vemos. Estos espacios son facilitados para las personas que puedan y quieran venir; al igual que para funcionarios p\u00fablicos que tambi\u00e9n requieren ser capacitados en esta materia y poder dar el servicio necesario y \u00f3ptimo para nuestra comunidad\u201d.<\/p>\n<p style=\"text-align: justify;\">La fundaci\u00f3n es una organizaci\u00f3n sin fines de lucro creada por el fallecimiento por suicidio de Katy, hija de los fundadores. Su objetivo es promover la salud mental juvenil, <em>desnormalizando <\/em>la <em>ciberviolencia <\/em>y sus consecuencias, uniendo organizaciones p\u00fablicas y privadas para lograr acciones preventivas y pr\u00e1cticas eficientes.<\/p>\n<p style=\"text-align: justify;\">Emanuel Pacheco, cofundador de la organizaci\u00f3n Katy Summer, mencion\u00f3 lo grato del recibimiento en la actividad, \u201clo hemos sentido fant\u00e1stico, ha sido muy agradable poder compartir y recibir el <em>feedback<\/em>. Los juegos que hemos hecho, saber que hay bastante conocimiento con respecto a los mitos y realidades del suicidio. El inter\u00e9s de las personas por aprender, las preguntas que han hecho nos demuestra que efectivamente quieren comprender m\u00e1s, quieren adquirir herramientas y quieren ser un \u201cOASIS\u201d para la vida de alguien m\u00e1s\u201d.<\/p>\n<p style=\"text-align: justify;\">OASIS, es la metodolog\u00eda utilizada en forma de sigla para los primeros auxilios psicol\u00f3gicos, ya que vienen de Observa, Acoge, Silencio, Ilumina y Sost\u00e9n; los cuales son los pasos a seguir para ayudar a alguien que necesite de apoyo emocional y de alguna manera prevenir el suicidio.<\/p>\n<p style=\"text-align: justify;\">Desde las instituciones organizadoras se busca seguir realizando este tipo de instancias para concientizar y visibilizar un problema que afecta de sobremanera a la poblaci\u00f3n aysenina.<\/p>\n<p style=\"text-align: justify;\">El Jefe Regional de Ays\u00e9n del INDH, Joaqu\u00edn Bizama, comenta que, \u201cesta primera aproximaci\u00f3n probablemente sea desde el \u00e1mbito de la salud, pero tambi\u00e9n consideramos de que hay otros elementos e instituciones que podr\u00edan participar, los que tienen que ver con la cultura, el deporte, la recreaci\u00f3n, el fomentar la creatividad en los j\u00f3venes\u201d.<\/p>\n<p style=\"text-align: justify;\">\u201cPor lo tanto, si bien es cierto estamos desde el punto de vista de la salud, creemos que tambi\u00e9n esto es ampliable a otros organismos que tengan competencias para generar espacio amigable, una ciudad que permitan a los j\u00f3venes desarrollarse de la mejor manera posible\u201d, finaliz\u00f3 Bizama.<\/p>\n<\/div><\/section><\/div><div  style='height:50px' class='hr hr-invisible   avia-builder-el-6  el_after_av_one_full  el_before_av_social_share '><span class='hr-inner ' ><span class='hr-inner-style'><\/span><\/span><\/div><\/p>\n<div  class='av-social-sharing-box  avia-builder-el-7  el_after_av_hr  el_before_av_hr  '><div class='av-share-box'><h5 class='av-share-link-description av-no-toc '>Compartir esta noticia<\/h5><ul class='av-share-box-list noLightbox'><li class='av-share-link av-social-link-facebook' ><a target=\"_blank\" aria-label=\"Compartir en Facebook\" href='https:\/\/www.facebook.com\/sharer.php?u=https:\/\/radiorevelacionfm.cl\/?p=45381&#038;t=Ays%C3%A9n%3A%20Funcionarios%20reciben%20capacitaci%C3%B3n%20de%20primeros%20auxilios%20psicol%C3%B3gicos%20para%20la%20prevenci%C3%B3n%20del%20suicidio' aria-hidden='false' data-av_icon='\ue8f3' data-av_iconfont='entypo-fontello' title='' data-avia-related-tooltip='Compartir en Facebook' rel=\"noopener\"><span class='avia_hidden_link_text'>Compartir en Facebook<\/span><\/a><\/li><li class='av-share-link av-social-link-twitter' ><a target=\"_blank\" aria-label=\"Compartir en Twitter\" href='https:\/\/twitter.com\/share?text=Ays%C3%A9n%3A%20Funcionarios%20reciben%20capacitaci%C3%B3n%20de%20primeros%20auxilios%20psicol%C3%B3gicos%20para%20la%20prevenci%C3%B3n%20del%20suicidio&#038;url=https:\/\/radiorevelacionfm.cl\/?p=45381' aria-hidden='false' data-av_icon='\ue8f1' data-av_iconfont='entypo-fontello' title='' data-avia-related-tooltip='Compartir en Twitter' rel=\"noopener\"><span class='avia_hidden_link_text'>Compartir en Twitter<\/span><\/a><\/li><li class='av-share-link av-social-link-whatsapp' ><a target=\"_blank\" aria-label=\"Compartir en Whatsapp\" href='https:\/\/api.whatsapp.com\/send?text=https:\/\/radiorevelacionfm.cl\/?p=45381' aria-hidden='false' data-av_icon='\uf232' data-av_iconfont='entypo-fontello' title='' data-avia-related-tooltip='Compartir en Whatsapp' rel=\"noopener\"><span class='avia_hidden_link_text'>Compartir en Whatsapp<\/span><\/a><\/li><li class='av-share-link av-social-link-linkedin' ><a target=\"_blank\" aria-label=\"Compartir en LinkedIn\" href='https:\/\/linkedin.com\/shareArticle?mini=true&#038;title=Ays%C3%A9n%3A%20Funcionarios%20reciben%20capacitaci%C3%B3n%20de%20primeros%20auxilios%20psicol%C3%B3gicos%20para%20la%20prevenci%C3%B3n%20del%20suicidio&#038;url=https:\/\/radiorevelacionfm.cl\/?p=45381' aria-hidden='false' data-av_icon='\ue8fc' data-av_iconfont='entypo-fontello' title='' data-avia-related-tooltip='Compartir en LinkedIn' rel=\"noopener\"><span class='avia_hidden_link_text'>Compartir en LinkedIn<\/span><\/a><\/li><li class='av-share-link av-social-link-mail' ><a  aria-label=\"Compartir por correo\" href='mailto:?subject=Ays%C3%A9n%3A%20Funcionarios%20reciben%20capacitaci%C3%B3n%20de%20primeros%20auxilios%20psicol%C3%B3gicos%20para%20la%20prevenci%C3%B3n%20del%20suicidio&#038;body=https:\/\/radiorevelacionfm.cl\/?p=45381' aria-hidden='false' data-av_icon='\ue805' data-av_iconfont='entypo-fontello' title='' data-avia-related-tooltip='Compartir por correo'><span class='avia_hidden_link_text'>Compartir por correo<\/span><\/a><\/li><\/ul><\/div><\/div>\n<div  style='height:50px' class='hr hr-invisible   avia-builder-el-8  el_after_av_social_share  el_before_av_comments_list '><span class='hr-inner ' ><span class='hr-inner-style'><\/span><\/span><\/div>\n<div  class='av-buildercomment  av-blog-meta-html-info-disabled av-blog-meta-tag-disabled  '><\/div>\n","protected":false},"excerpt":{"rendered":"","protected":false},"author":1,"featured_media":45382,"comment_status":"open","ping_status":"open","sticky":false,"template":"","format":"standard","meta":{"footnotes":""},"categories":[38],"tags":[],"class_list":["post-45381","post","type-post","status-publish","format-standard","has-post-thumbnail","hentry","category-regional"],"jetpack_featured_media_url":"https:\/\/radiorevelacionfm.cl\/wp-content\/uploads\/2024\/08\/20240821_093825-1_optimized.jpg","_links":{"self":[{"href":"https:\/\/radiorevelacionfm.cl\/index.php?rest_route=\/wp\/v2\/posts\/45381","targetHints":{"allow":["GET"]}}],"collection":[{"href":"https:\/\/radiorevelacionfm.cl\/index.php?rest_route=\/wp\/v2\/posts"}],"about":[{"href":"https:\/\/radiorevelacionfm.cl\/index.php?rest_route=\/wp\/v2\/types\/post"}],"author":[{"embeddable":true,"href":"https:\/\/radiorevelacionfm.cl\/index.php?rest_route=\/wp\/v2\/users\/1"}],"replies":[{"embeddable":true,"href":"https:\/\/radiorevelacionfm.cl\/index.php?rest_route=%2Fwp%2Fv2%2Fcomments&post=45381"}],"version-history":[{"count":1,"href":"https:\/\/radiorevelacionfm.cl\/index.php?rest_route=\/wp\/v2\/posts\/45381\/revisions"}],"predecessor-version":[{"id":45383,"href":"https:\/\/radiorevelacionfm.cl\/index.php?rest_route=\/wp\/v2\/posts\/45381\/revisions\/45383"}],"wp:featuredmedia":[{"embeddable":true,"href":"https:\/\/radiorevelacionfm.cl\/index.php?rest_route=\/wp\/v2\/media\/45382"}],"wp:attachment":[{"href":"https:\/\/radiorevelacionfm.cl\/index.php?rest_route=%2Fwp%2Fv2%2Fmedia&parent=45381"}],"wp:term":[{"taxonomy":"category","embeddable":true,"href":"https:\/\/radiorevelacionfm.cl\/index.php?rest_route=%2Fwp%2Fv2%2Fcategories&post=45381"},{"taxonomy":"post_tag","embeddable":true,"href":"https:\/\/radiorevelacionfm.cl\/index.php?rest_route=%2Fwp%2Fv2%2Ftags&post=45381"}],"curies":[{"name":"wp","href":"https:\/\/api.w.org\/{rel}","templated":true}]}}