{"id":45378,"date":"2024-08-22T14:40:29","date_gmt":"2024-08-22T17:40:29","guid":{"rendered":"https:\/\/radiorevelacionfm.cl\/?p=45378"},"modified":"2024-08-22T14:40:29","modified_gmt":"2024-08-22T17:40:29","slug":"ps-emplaza-a-diputado-alinco-antes-dichos-homofobicos-en-contra-del-seremi-de-energia","status":"publish","type":"post","link":"https:\/\/radiorevelacionfm.cl\/?p=45378","title":{"rendered":"PS emplaza a Diputado Alinco antes dichos homof\u00f3bicos en contra del Seremi de Energ\u00eda"},"content":{"rendered":"<div class=\"flex_column av_one_full  flex_column_div av-zero-column-padding first  avia-builder-el-0  el_before_av_one_full  avia-builder-el-first  \" style='border-radius:0px; '><div  class='avia-image-container  av-styling-    avia-builder-el-1  avia-builder-el-no-sibling  avia-align-center '  itemprop=\"image\" itemscope=\"itemscope\" itemtype=\"https:\/\/schema.org\/ImageObject\"  ><div class='avia-image-container-inner'><div class='avia-image-overlay-wrap'><img decoding=\"async\" class='wp-image-45379 avia-img-lazy-loading-not-45379 avia_image' src=\"https:\/\/radiorevelacionfm.cl\/wp-content\/uploads\/2024\/08\/Diputado-Seremi-Photoroom-1-1.jpg\" alt='' title='Diputado-Seremi-Photoroom (1) (1)' height=\"600\" width=\"956\"  itemprop=\"thumbnailUrl\" srcset=\"https:\/\/radiorevelacionfm.cl\/wp-content\/uploads\/2024\/08\/Diputado-Seremi-Photoroom-1-1.jpg 956w, https:\/\/radiorevelacionfm.cl\/wp-content\/uploads\/2024\/08\/Diputado-Seremi-Photoroom-1-1-300x188.jpg 300w, https:\/\/radiorevelacionfm.cl\/wp-content\/uploads\/2024\/08\/Diputado-Seremi-Photoroom-1-1-768x482.jpg 768w, https:\/\/radiorevelacionfm.cl\/wp-content\/uploads\/2024\/08\/Diputado-Seremi-Photoroom-1-1-705x442.jpg 705w, https:\/\/radiorevelacionfm.cl\/wp-content\/uploads\/2024\/08\/Diputado-Seremi-Photoroom-1-1-450x282.jpg 450w, https:\/\/radiorevelacionfm.cl\/wp-content\/uploads\/2024\/08\/Diputado-Seremi-Photoroom-1-1-600x377.jpg 600w\" sizes=\"(max-width: 956px) 100vw, 956px\" \/><\/div><\/div><\/div><\/div><div class=\"flex_column av_one_full  flex_column_div av-zero-column-padding first  avia-builder-el-2  el_after_av_one_full  el_before_av_one_full  column-top-margin\" style='border-radius:0px; '><section class=\"av_textblock_section \"  itemscope=\"itemscope\" itemtype=\"https:\/\/schema.org\/BlogPosting\" itemprop=\"blogPost\" ><div class='avia_textblock  '   itemprop=\"text\" ><p style=\"text-align: center;\"><strong><span style=\"font-size: 18pt;\">PS emplaza a Diputado Alinco antes dichos homof\u00f3bicos en contra del Seremi de Energ\u00eda<\/span><\/strong><\/p>\n<div id=\"gtx-trans\" style=\"position: absolute; left: -50px; top: 4.31534px;\">\n<div class=\"gtx-trans-icon\"><\/div>\n<\/div>\n<\/div><\/section><\/div><div class=\"flex_column av_one_full  flex_column_div av-zero-column-padding first  avia-builder-el-4  el_after_av_one_full  el_before_av_hr  column-top-margin\" style='border-radius:0px; '><section class=\"av_textblock_section \"  itemscope=\"itemscope\" itemtype=\"https:\/\/schema.org\/BlogPosting\" itemprop=\"blogPost\" ><div class='avia_textblock  '   itemprop=\"text\" ><p style=\"text-align: justify;\">Ante los recientes dichos del diputado Ren\u00e9 Alinco Bustos hacia nuestro compa\u00f1ero de partido, el seremi de energ\u00eda, Tom\u00e1s Laibe S\u00e1ez, durante una actividad con dirigentes y otras autoridades realizada en la C\u00e1mara de la Construcci\u00f3n de Coyhaique, en donde le manifest\u00f3: \u201cno me diste la palabra mariconcito\u201d. \u201cEl Partido Socialista de Chile Regi\u00f3n de Ays\u00e9n condena en\u00e9rgicamente los comentarios homof\u00f3bicos del parlamentario de la regi\u00f3n los cu\u00e1les, no solo son inaceptables, sino que tambi\u00e9n promueven la discriminaci\u00f3n y el odio hacia la comunidad LGBTQ+\u201d, indic\u00f3 inicialmente la presidenta regional del PS, Marisol Mart\u00ednez S\u00e1nchez.<\/p>\n<p style=\"text-align: justify;\">Desde el Partido Socialista, remarcan que, \u201cexigimos del parlamentario una conducta de respeto y dignidad a todas las personas independiente de su orientaci\u00f3n sexual o identidad de g\u00e9nero y le recordamos que los legisladores son los primeros llamados a respetar las leyes, tales como la Ley Zamudio o Ley antidiscriminaci\u00f3n y le hacemos un llamado a actuar con la dignidad que el cargo que la comunidad le entreg\u00f3 amerita\u201d.<\/p>\n<p style=\"text-align: justify;\">Marisol Mart\u00ednez, agrega que, \u201clos dichos del diputado en entrevista con Radio Genial del d\u00eda 21 de agosto agravan a\u00fan m\u00e1s la falta, relativizando sus dichos y bromeando como si esto no fuera grave\u201d.<\/p>\n<p style=\"text-align: justify;\">La presidenta regional del PS, afirm\u00f3 tambi\u00e9n que, \u201clos comentarios del diputado Alinco no s\u00f3lo atentan contra la dignidad del seremi Laibe, sino que tambi\u00e9n perpet\u00faan una cultura de intolerancia y exclusi\u00f3n\u201d.<\/p>\n<p style=\"text-align: justify;\">El comunicado ante la actitud del diputado Alinco, continua y se\u00f1ala que, \u201cle exigimos a este parlamentario disculpas p\u00fablicas genuinas al seremi, un joven profesional aisenino de quien nos sentimos orgullosos que milite en nuestras filas y nos represente dentro del Gabinete del Presidente Gabriel Boric\u201d.<\/p>\n<p style=\"text-align: justify;\">Por \u00faltimo, la presidenta regional del PS, Marisol Mart\u00ednez, indic\u00f3 que, \u201cel Partido Socialista de Chile hace un llamado a la comunidad regional de estar atentos a la elecci\u00f3n de sus autoridades de todos los niveles asegurando que \u00e9stas representen valores de inclusi\u00f3n, diversidad y respeto de todas las personas, s\u00f3lo as\u00ed construiremos una sociedad y regi\u00f3n m\u00e1s justa y respetuosa para cada uno de sus habitantes\u201d.<\/p>\n<\/div><\/section><\/div><div  style='height:50px' class='hr hr-invisible   avia-builder-el-6  el_after_av_one_full  el_before_av_social_share '><span class='hr-inner ' ><span class='hr-inner-style'><\/span><\/span><\/div><\/p>\n<div  class='av-social-sharing-box  avia-builder-el-7  el_after_av_hr  el_before_av_hr  '><div class='av-share-box'><h5 class='av-share-link-description av-no-toc '>Compartir esta noticia<\/h5><ul class='av-share-box-list noLightbox'><li class='av-share-link av-social-link-facebook' ><a target=\"_blank\" aria-label=\"Compartir en Facebook\" href='https:\/\/www.facebook.com\/sharer.php?u=https:\/\/radiorevelacionfm.cl\/?p=45378&#038;t=PS%20emplaza%20a%20Diputado%20Alinco%20antes%20dichos%20homof%C3%B3bicos%20en%20contra%20del%20Seremi%20de%20Energ%C3%ADa' aria-hidden='false' data-av_icon='\ue8f3' data-av_iconfont='entypo-fontello' title='' data-avia-related-tooltip='Compartir en Facebook' rel=\"noopener\"><span class='avia_hidden_link_text'>Compartir en Facebook<\/span><\/a><\/li><li class='av-share-link av-social-link-twitter' ><a target=\"_blank\" aria-label=\"Compartir en Twitter\" href='https:\/\/twitter.com\/share?text=PS%20emplaza%20a%20Diputado%20Alinco%20antes%20dichos%20homof%C3%B3bicos%20en%20contra%20del%20Seremi%20de%20Energ%C3%ADa&#038;url=https:\/\/radiorevelacionfm.cl\/?p=45378' aria-hidden='false' data-av_icon='\ue8f1' data-av_iconfont='entypo-fontello' title='' data-avia-related-tooltip='Compartir en Twitter' rel=\"noopener\"><span class='avia_hidden_link_text'>Compartir en Twitter<\/span><\/a><\/li><li class='av-share-link av-social-link-whatsapp' ><a target=\"_blank\" aria-label=\"Compartir en Whatsapp\" href='https:\/\/api.whatsapp.com\/send?text=https:\/\/radiorevelacionfm.cl\/?p=45378' aria-hidden='false' data-av_icon='\uf232' data-av_iconfont='entypo-fontello' title='' data-avia-related-tooltip='Compartir en Whatsapp' rel=\"noopener\"><span class='avia_hidden_link_text'>Compartir en Whatsapp<\/span><\/a><\/li><li class='av-share-link av-social-link-linkedin' ><a target=\"_blank\" aria-label=\"Compartir en LinkedIn\" href='https:\/\/linkedin.com\/shareArticle?mini=true&#038;title=PS%20emplaza%20a%20Diputado%20Alinco%20antes%20dichos%20homof%C3%B3bicos%20en%20contra%20del%20Seremi%20de%20Energ%C3%ADa&#038;url=https:\/\/radiorevelacionfm.cl\/?p=45378' aria-hidden='false' data-av_icon='\ue8fc' data-av_iconfont='entypo-fontello' title='' data-avia-related-tooltip='Compartir en LinkedIn' rel=\"noopener\"><span class='avia_hidden_link_text'>Compartir en LinkedIn<\/span><\/a><\/li><li class='av-share-link av-social-link-mail' ><a  aria-label=\"Compartir por correo\" href='mailto:?subject=PS%20emplaza%20a%20Diputado%20Alinco%20antes%20dichos%20homof%C3%B3bicos%20en%20contra%20del%20Seremi%20de%20Energ%C3%ADa&#038;body=https:\/\/radiorevelacionfm.cl\/?p=45378' aria-hidden='false' data-av_icon='\ue805' data-av_iconfont='entypo-fontello' title='' data-avia-related-tooltip='Compartir por correo'><span class='avia_hidden_link_text'>Compartir por correo<\/span><\/a><\/li><\/ul><\/div><\/div>\n<div  style='height:50px' class='hr hr-invisible   avia-builder-el-8  el_after_av_social_share  el_before_av_comments_list '><span class='hr-inner ' ><span class='hr-inner-style'><\/span><\/span><\/div>\n<div  class='av-buildercomment  av-blog-meta-html-info-disabled av-blog-meta-tag-disabled  '><\/div>\n","protected":false},"excerpt":{"rendered":"","protected":false},"author":1,"featured_media":45379,"comment_status":"open","ping_status":"open","sticky":false,"template":"","format":"standard","meta":{"footnotes":""},"categories":[35],"tags":[],"class_list":["post-45378","post","type-post","status-publish","format-standard","has-post-thumbnail","hentry","category-politica"],"jetpack_featured_media_url":"https:\/\/radiorevelacionfm.cl\/wp-content\/uploads\/2024\/08\/Diputado-Seremi-Photoroom-1-1.jpg","_links":{"self":[{"href":"https:\/\/radiorevelacionfm.cl\/index.php?rest_route=\/wp\/v2\/posts\/45378","targetHints":{"allow":["GET"]}}],"collection":[{"href":"https:\/\/radiorevelacionfm.cl\/index.php?rest_route=\/wp\/v2\/posts"}],"about":[{"href":"https:\/\/radiorevelacionfm.cl\/index.php?rest_route=\/wp\/v2\/types\/post"}],"author":[{"embeddable":true,"href":"https:\/\/radiorevelacionfm.cl\/index.php?rest_route=\/wp\/v2\/users\/1"}],"replies":[{"embeddable":true,"href":"https:\/\/radiorevelacionfm.cl\/index.php?rest_route=%2Fwp%2Fv2%2Fcomments&post=45378"}],"version-history":[{"count":1,"href":"https:\/\/radiorevelacionfm.cl\/index.php?rest_route=\/wp\/v2\/posts\/45378\/revisions"}],"predecessor-version":[{"id":45380,"href":"https:\/\/radiorevelacionfm.cl\/index.php?rest_route=\/wp\/v2\/posts\/45378\/revisions\/45380"}],"wp:featuredmedia":[{"embeddable":true,"href":"https:\/\/radiorevelacionfm.cl\/index.php?rest_route=\/wp\/v2\/media\/45379"}],"wp:attachment":[{"href":"https:\/\/radiorevelacionfm.cl\/index.php?rest_route=%2Fwp%2Fv2%2Fmedia&parent=45378"}],"wp:term":[{"taxonomy":"category","embeddable":true,"href":"https:\/\/radiorevelacionfm.cl\/index.php?rest_route=%2Fwp%2Fv2%2Fcategories&post=45378"},{"taxonomy":"post_tag","embeddable":true,"href":"https:\/\/radiorevelacionfm.cl\/index.php?rest_route=%2Fwp%2Fv2%2Ftags&post=45378"}],"curies":[{"name":"wp","href":"https:\/\/api.w.org\/{rel}","templated":true}]}}