{"id":45375,"date":"2024-08-22T14:20:34","date_gmt":"2024-08-22T17:20:34","guid":{"rendered":"https:\/\/radiorevelacionfm.cl\/?p=45375"},"modified":"2024-08-22T14:20:34","modified_gmt":"2024-08-22T17:20:34","slug":"estudiantes-de-escuela-eusebio-ibar-de-la-junta-ganan-torneo-regional-delibera","status":"publish","type":"post","link":"https:\/\/radiorevelacionfm.cl\/?p=45375","title":{"rendered":"Estudiantes de Escuela Eusebio Ibar de La Junta ganan torneo regional Delibera"},"content":{"rendered":"<div class=\"flex_column av_one_full  flex_column_div av-zero-column-padding first  avia-builder-el-0  el_before_av_one_full  avia-builder-el-first  \" style='border-radius:0px; '><div  class='avia-image-container  av-styling-    avia-builder-el-1  avia-builder-el-no-sibling  avia-align-center '  itemprop=\"image\" itemscope=\"itemscope\" itemtype=\"https:\/\/schema.org\/ImageObject\"  ><div class='avia-image-container-inner'><div class='avia-image-overlay-wrap'><img decoding=\"async\" class='wp-image-45376 avia-img-lazy-loading-not-45376 avia_image' src=\"https:\/\/radiorevelacionfm.cl\/wp-content\/uploads\/2024\/08\/456375571_18037381712095054_8742486325280192399_n-1-1.jpg\" alt='' title='456375571_18037381712095054_8742486325280192399_n (1) (1)' height=\"600\" width=\"1064\"  itemprop=\"thumbnailUrl\" srcset=\"https:\/\/radiorevelacionfm.cl\/wp-content\/uploads\/2024\/08\/456375571_18037381712095054_8742486325280192399_n-1-1.jpg 1064w, https:\/\/radiorevelacionfm.cl\/wp-content\/uploads\/2024\/08\/456375571_18037381712095054_8742486325280192399_n-1-1-300x169.jpg 300w, https:\/\/radiorevelacionfm.cl\/wp-content\/uploads\/2024\/08\/456375571_18037381712095054_8742486325280192399_n-1-1-1030x581.jpg 1030w, https:\/\/radiorevelacionfm.cl\/wp-content\/uploads\/2024\/08\/456375571_18037381712095054_8742486325280192399_n-1-1-768x433.jpg 768w, https:\/\/radiorevelacionfm.cl\/wp-content\/uploads\/2024\/08\/456375571_18037381712095054_8742486325280192399_n-1-1-705x398.jpg 705w, https:\/\/radiorevelacionfm.cl\/wp-content\/uploads\/2024\/08\/456375571_18037381712095054_8742486325280192399_n-1-1-450x254.jpg 450w, https:\/\/radiorevelacionfm.cl\/wp-content\/uploads\/2024\/08\/456375571_18037381712095054_8742486325280192399_n-1-1-600x338.jpg 600w\" sizes=\"(max-width: 1064px) 100vw, 1064px\" \/><\/div><\/div><\/div><\/div><div class=\"flex_column av_one_full  flex_column_div av-zero-column-padding first  avia-builder-el-2  el_after_av_one_full  el_before_av_one_full  column-top-margin\" style='border-radius:0px; '><section class=\"av_textblock_section \"  itemscope=\"itemscope\" itemtype=\"https:\/\/schema.org\/BlogPosting\" itemprop=\"blogPost\" ><div class='avia_textblock  '   itemprop=\"text\" ><p style=\"text-align: center;\"><strong><span style=\"font-size: 18pt;\">Estudiantes de Escuela Eusebio Ibar de La Junta ganan torneo regional Delibera<\/span><\/strong><\/p>\n<div id=\"gtx-trans\" style=\"position: absolute; left: -50px; top: 4.31534px;\">\n<div class=\"gtx-trans-icon\"><\/div>\n<\/div>\n<\/div><\/section><\/div><div class=\"flex_column av_one_full  flex_column_div av-zero-column-padding first  avia-builder-el-4  el_after_av_one_full  el_before_av_hr  column-top-margin\" style='border-radius:0px; '><section class=\"av_textblock_section \"  itemscope=\"itemscope\" itemtype=\"https:\/\/schema.org\/BlogPosting\" itemprop=\"blogPost\" ><div class='avia_textblock  '   itemprop=\"text\" ><p style=\"text-align: justify;\">El equipo K\u00e1lel de la Escuela Eusebio Ibar Schepeler de la comuna de Cisnes se adjudic\u00f3 la final de la Regi\u00f3n de Ays\u00e9n del Torneo Delibera 2024 que organiza la Biblioteca del Congreso Nacional.<\/p>\n<p style=\"text-align: justify;\">La final se realiz\u00f3 en Coyhaique y en colaboraci\u00f3n con la Universidad de Ays\u00e9n.<\/p>\n<p style=\"text-align: justify;\">El equipo K\u00e1lel se alz\u00f3 con el primer lugar gracias a su propuesta sobre la \u201cLey de Tratamiento Integral contra la Obesidad Infantil en Establecimientos Educacionales\u201d.<\/p>\n<p style=\"text-align: justify;\">El equipo ganador lo integraron Maximiliano Mu\u00f1oz, Benjam\u00edn Gallardo, Javiera Zamora y Bray\u00e1n C\u00e1rdenas, todos estudiantes de tercero medio. A cargo del equipo estuvo la profesora Denisse Zollner.<\/p>\n<p style=\"text-align: justify;\">El segundo lugar fue para el equipo \u201cConstancitos\u201d del Liceo Bicentenario San Jos\u00e9 UR de Puerto Ays\u00e9n con su iniciativa \u201cActualizaci\u00f3n ley 19.628, protecci\u00f3n de datos biom\u00e9tricos\u201d.<\/p>\n<p style=\"text-align: justify;\">El tercer puesto fue para el equipo \u201cAmapola\u201d del Liceo Bicentenario Rural Cerro Castillo de R\u00edo Ib\u00e1\u00f1ez, con su tema \u201cPropuesta de modificaci\u00f3n de ley que sancione y prevenga el ciberviolencia en el \u00e1mbito escolar\u201d.<\/p>\n<p style=\"text-align: justify;\">Igualmente la alumna Ray\u00e9n Rosales, del Liceo Bicentenario Rural Cerro Castillo, recibi\u00f3 el premio individual a la Mejor Oradora.<\/p>\n<p style=\"text-align: justify;\">Delibera es un torneo de deliberaci\u00f3n y formaci\u00f3n c\u00edvica para estudiantes de s\u00e9ptimo b\u00e1sico a cuarto medio, organizado por la Biblioteca del Congreso Nacional de Chile con el apoyo del Senado y la C\u00e1mara de Diputadas y Diputados.<\/p>\n<p style=\"text-align: justify;\">La final nacional ser\u00e1 en el Congreso Nacional, en Valpara\u00edso, en noviembre pr\u00f3ximo.<\/p>\n<\/div><\/section><\/div><div  style='height:50px' class='hr hr-invisible   avia-builder-el-6  el_after_av_one_full  el_before_av_social_share '><span class='hr-inner ' ><span class='hr-inner-style'><\/span><\/span><\/div><\/p>\n<div  class='av-social-sharing-box  avia-builder-el-7  el_after_av_hr  el_before_av_hr  '><div class='av-share-box'><h5 class='av-share-link-description av-no-toc '>Compartir esta noticia<\/h5><ul class='av-share-box-list noLightbox'><li class='av-share-link av-social-link-facebook' ><a target=\"_blank\" aria-label=\"Compartir en Facebook\" href='https:\/\/www.facebook.com\/sharer.php?u=https:\/\/radiorevelacionfm.cl\/?p=45375&#038;t=Estudiantes%20de%20Escuela%20Eusebio%20Ibar%20de%20La%20Junta%20ganan%20torneo%20regional%20Delibera' aria-hidden='false' data-av_icon='\ue8f3' data-av_iconfont='entypo-fontello' title='' data-avia-related-tooltip='Compartir en Facebook' rel=\"noopener\"><span class='avia_hidden_link_text'>Compartir en Facebook<\/span><\/a><\/li><li class='av-share-link av-social-link-twitter' ><a target=\"_blank\" aria-label=\"Compartir en Twitter\" href='https:\/\/twitter.com\/share?text=Estudiantes%20de%20Escuela%20Eusebio%20Ibar%20de%20La%20Junta%20ganan%20torneo%20regional%20Delibera&#038;url=https:\/\/radiorevelacionfm.cl\/?p=45375' aria-hidden='false' data-av_icon='\ue8f1' data-av_iconfont='entypo-fontello' title='' data-avia-related-tooltip='Compartir en Twitter' rel=\"noopener\"><span class='avia_hidden_link_text'>Compartir en Twitter<\/span><\/a><\/li><li class='av-share-link av-social-link-whatsapp' ><a target=\"_blank\" aria-label=\"Compartir en Whatsapp\" href='https:\/\/api.whatsapp.com\/send?text=https:\/\/radiorevelacionfm.cl\/?p=45375' aria-hidden='false' data-av_icon='\uf232' data-av_iconfont='entypo-fontello' title='' data-avia-related-tooltip='Compartir en Whatsapp' rel=\"noopener\"><span class='avia_hidden_link_text'>Compartir en Whatsapp<\/span><\/a><\/li><li class='av-share-link av-social-link-linkedin' ><a target=\"_blank\" aria-label=\"Compartir en LinkedIn\" href='https:\/\/linkedin.com\/shareArticle?mini=true&#038;title=Estudiantes%20de%20Escuela%20Eusebio%20Ibar%20de%20La%20Junta%20ganan%20torneo%20regional%20Delibera&#038;url=https:\/\/radiorevelacionfm.cl\/?p=45375' aria-hidden='false' data-av_icon='\ue8fc' data-av_iconfont='entypo-fontello' title='' data-avia-related-tooltip='Compartir en LinkedIn' rel=\"noopener\"><span class='avia_hidden_link_text'>Compartir en LinkedIn<\/span><\/a><\/li><li class='av-share-link av-social-link-mail' ><a  aria-label=\"Compartir por correo\" href='mailto:?subject=Estudiantes%20de%20Escuela%20Eusebio%20Ibar%20de%20La%20Junta%20ganan%20torneo%20regional%20Delibera&#038;body=https:\/\/radiorevelacionfm.cl\/?p=45375' aria-hidden='false' data-av_icon='\ue805' data-av_iconfont='entypo-fontello' title='' data-avia-related-tooltip='Compartir por correo'><span class='avia_hidden_link_text'>Compartir por correo<\/span><\/a><\/li><\/ul><\/div><\/div>\n<div  style='height:50px' class='hr hr-invisible   avia-builder-el-8  el_after_av_social_share  el_before_av_comments_list '><span class='hr-inner ' ><span class='hr-inner-style'><\/span><\/span><\/div>\n<div  class='av-buildercomment  av-blog-meta-html-info-disabled av-blog-meta-tag-disabled  '><\/div>\n","protected":false},"excerpt":{"rendered":"","protected":false},"author":1,"featured_media":45376,"comment_status":"open","ping_status":"open","sticky":false,"template":"","format":"standard","meta":{"footnotes":""},"categories":[38],"tags":[],"class_list":["post-45375","post","type-post","status-publish","format-standard","has-post-thumbnail","hentry","category-regional"],"jetpack_featured_media_url":"https:\/\/radiorevelacionfm.cl\/wp-content\/uploads\/2024\/08\/456375571_18037381712095054_8742486325280192399_n-1-1.jpg","_links":{"self":[{"href":"https:\/\/radiorevelacionfm.cl\/index.php?rest_route=\/wp\/v2\/posts\/45375","targetHints":{"allow":["GET"]}}],"collection":[{"href":"https:\/\/radiorevelacionfm.cl\/index.php?rest_route=\/wp\/v2\/posts"}],"about":[{"href":"https:\/\/radiorevelacionfm.cl\/index.php?rest_route=\/wp\/v2\/types\/post"}],"author":[{"embeddable":true,"href":"https:\/\/radiorevelacionfm.cl\/index.php?rest_route=\/wp\/v2\/users\/1"}],"replies":[{"embeddable":true,"href":"https:\/\/radiorevelacionfm.cl\/index.php?rest_route=%2Fwp%2Fv2%2Fcomments&post=45375"}],"version-history":[{"count":1,"href":"https:\/\/radiorevelacionfm.cl\/index.php?rest_route=\/wp\/v2\/posts\/45375\/revisions"}],"predecessor-version":[{"id":45377,"href":"https:\/\/radiorevelacionfm.cl\/index.php?rest_route=\/wp\/v2\/posts\/45375\/revisions\/45377"}],"wp:featuredmedia":[{"embeddable":true,"href":"https:\/\/radiorevelacionfm.cl\/index.php?rest_route=\/wp\/v2\/media\/45376"}],"wp:attachment":[{"href":"https:\/\/radiorevelacionfm.cl\/index.php?rest_route=%2Fwp%2Fv2%2Fmedia&parent=45375"}],"wp:term":[{"taxonomy":"category","embeddable":true,"href":"https:\/\/radiorevelacionfm.cl\/index.php?rest_route=%2Fwp%2Fv2%2Fcategories&post=45375"},{"taxonomy":"post_tag","embeddable":true,"href":"https:\/\/radiorevelacionfm.cl\/index.php?rest_route=%2Fwp%2Fv2%2Ftags&post=45375"}],"curies":[{"name":"wp","href":"https:\/\/api.w.org\/{rel}","templated":true}]}}