{"id":45372,"date":"2024-08-22T16:09:35","date_gmt":"2024-08-22T19:09:35","guid":{"rendered":"https:\/\/radiorevelacionfm.cl\/?p=45372"},"modified":"2024-08-22T16:09:35","modified_gmt":"2024-08-22T19:09:35","slug":"vecinas-del-hogar-protegido-de-puerto-aysen-comienzan-trabajo-terapeutico-en-invernadero","status":"publish","type":"post","link":"https:\/\/radiorevelacionfm.cl\/?p=45372","title":{"rendered":"Vecinas del Hogar Protegido de Puerto Ays\u00e9n comienzan trabajo terap\u00e9utico en invernadero"},"content":{"rendered":"<div class=\"flex_column av_one_full  flex_column_div av-zero-column-padding first  avia-builder-el-0  el_before_av_one_full  avia-builder-el-first  \" style='border-radius:0px; '><div  class='avia-image-container  av-styling-    avia-builder-el-1  avia-builder-el-no-sibling  avia-align-center '  itemprop=\"image\" itemscope=\"itemscope\" itemtype=\"https:\/\/schema.org\/ImageObject\"  ><div class='avia-image-container-inner'><div class='avia-image-overlay-wrap'><img decoding=\"async\" class='wp-image-45373 avia-img-lazy-loading-not-45373 avia_image' src=\"https:\/\/radiorevelacionfm.cl\/wp-content\/uploads\/2024\/08\/hogarprotegido_bh2-1_optimized-1.jpeg\" alt='' title='hogarprotegido_bh2-(1)_optimized (1)' height=\"600\" width=\"1066\"  itemprop=\"thumbnailUrl\" srcset=\"https:\/\/radiorevelacionfm.cl\/wp-content\/uploads\/2024\/08\/hogarprotegido_bh2-1_optimized-1.jpeg 1066w, https:\/\/radiorevelacionfm.cl\/wp-content\/uploads\/2024\/08\/hogarprotegido_bh2-1_optimized-1-300x169.jpeg 300w, https:\/\/radiorevelacionfm.cl\/wp-content\/uploads\/2024\/08\/hogarprotegido_bh2-1_optimized-1-1030x580.jpeg 1030w, https:\/\/radiorevelacionfm.cl\/wp-content\/uploads\/2024\/08\/hogarprotegido_bh2-1_optimized-1-768x432.jpeg 768w, https:\/\/radiorevelacionfm.cl\/wp-content\/uploads\/2024\/08\/hogarprotegido_bh2-1_optimized-1-705x397.jpeg 705w, https:\/\/radiorevelacionfm.cl\/wp-content\/uploads\/2024\/08\/hogarprotegido_bh2-1_optimized-1-450x253.jpeg 450w, https:\/\/radiorevelacionfm.cl\/wp-content\/uploads\/2024\/08\/hogarprotegido_bh2-1_optimized-1-600x338.jpeg 600w\" sizes=\"(max-width: 1066px) 100vw, 1066px\" \/><\/div><\/div><\/div><\/div><div class=\"flex_column av_one_full  flex_column_div av-zero-column-padding first  avia-builder-el-2  el_after_av_one_full  el_before_av_one_full  column-top-margin\" style='border-radius:0px; '><section class=\"av_textblock_section \"  itemscope=\"itemscope\" itemtype=\"https:\/\/schema.org\/BlogPosting\" itemprop=\"blogPost\" ><div class='avia_textblock  '   itemprop=\"text\" ><p style=\"text-align: center;\"><strong><span style=\"font-size: 18pt;\">Vecinas del Hogar Protegido de Puerto Ays\u00e9n comienzan trabajo terap\u00e9utico en invernadero <\/span><\/strong><\/p>\n<div id=\"gtx-trans\" style=\"position: absolute; left: -50px; top: 4.31534px;\">\n<div class=\"gtx-trans-icon\"><\/div>\n<\/div>\n<\/div><\/section><\/div><div class=\"flex_column av_one_full  flex_column_div av-zero-column-padding first  avia-builder-el-4  el_after_av_one_full  el_before_av_hr  column-top-margin\" style='border-radius:0px; '><section class=\"av_textblock_section \"  itemscope=\"itemscope\" itemtype=\"https:\/\/schema.org\/BlogPosting\" itemprop=\"blogPost\" ><div class='avia_textblock  '   itemprop=\"text\" ><p style=\"text-align: justify;\"><em>Esto como parte de la vinculaci\u00f3n p\u00fablico \u2013 privada que se ha establecido en el recinto de atenci\u00f3n de salud mental.<\/em><\/p>\n<p style=\"text-align: justify;\">Con el objetivo de apoyar los procesos de innovaci\u00f3n terap\u00e9utica que lleva adelante el Hogar Protegido dependiente del Hospital de Puerto Ays\u00e9n. Empresas Bahamonde ha generado distintos aportes para fortalecer el invernadero del establecimiento y as\u00ed propiciar un ambiente seguro y adecuado a las necesidades de las usuarias. En este sentido, adem\u00e1s de contribuir con elementos de tipo estructural y la mano de obra asociada, se ha entregado herramientas de mano para el inicio de lo que ser\u00e1 un trabajo hortofrut\u00edcola a escala con profesionales de la salud.<\/p>\n<p style=\"text-align: justify;\">Al respecto, Daniela Garriga Leiva, encargada de Vinculaci\u00f3n con el Medio de la empresa aysenina abord\u00f3 que estas gestiones van en concordancia al compromiso suscrito con el Hogar Protegido \u201cestas acciones nos permitieron mejorar y habilitar el huerto terap\u00e9utico para las usuarias. Hace algunos d\u00edas realizamos la primera actividad en la cual se prepar\u00f3 el sustrato y ya est\u00e1 habilitado para comenzar con la siembra\u201d.<\/p>\n<p style=\"text-align: justify;\">Con ello, la representante de Empresas Bahamonde agradeci\u00f3 la colaboraci\u00f3n del tallerista Jorge Lepio, quien asesora t\u00e9cnicamente el espacio, as\u00ed tambi\u00e9n a los funcionarios que han permitido una labor colaborativa y estrecha. \u201cEsto nos llena de orgullo, ya que trabajamos directamente beneficiando a toda la gente de Ays\u00e9n\u201d, indic\u00f3.<\/p>\n<p style=\"text-align: justify;\">En tanto, Pablo Arredondo Soto, encargado del Hogar Protegido de Puerto Ays\u00e9n relev\u00f3 el avance que ha presentado esta alianza estrat\u00e9gica en favor de los usuarios del recinto \u201chemos recibido mucha ayuda y orientaci\u00f3n por parte de Empresas Bahamonde, con sus profesionales, con los cuales estamos muy gratos y a gusto trabajando con ellos. Ahora, hace poco, ya empezamos la fase de siembra de nuestro invernadero\u201d.<\/p>\n<p style=\"text-align: justify;\">Tras ser consultado por los beneficios que el proyecto terap\u00e9utico de innovaci\u00f3n ha generado en las pacientes, Arredondo se\u00f1ala que \u201cha sido una herramienta fundamental a la hora de mantener las agitaciones psicomotoras muy bajas en nuestras residentes. Fortalecemos las relaciones interpersonales de ellas, las vemos contentas, trabajando con un sentido de pertenencia s\u00faper grande tambi\u00e9n con relaci\u00f3n a lo que es el huerto y su Hogar, que esto es para ellas\u201d, puntualiz\u00f3 el trabajador social.<\/p>\n<p style=\"text-align: justify;\">Esta acci\u00f3n forma parte de la Red de Vinculaci\u00f3n con el Medio que ha establecido la empresa aysenina y que integra a distintas instituciones y organizaciones del quehacer social de la comuna de Ays\u00e9n.<\/p>\n<\/div><\/section><\/div><div  style='height:50px' class='hr hr-invisible   avia-builder-el-6  el_after_av_one_full  el_before_av_social_share '><span class='hr-inner ' ><span class='hr-inner-style'><\/span><\/span><\/div><\/p>\n<div  class='av-social-sharing-box  avia-builder-el-7  el_after_av_hr  el_before_av_hr  '><div class='av-share-box'><h5 class='av-share-link-description av-no-toc '>Compartir esta noticia<\/h5><ul class='av-share-box-list noLightbox'><li class='av-share-link av-social-link-facebook' ><a target=\"_blank\" aria-label=\"Compartir en Facebook\" href='https:\/\/www.facebook.com\/sharer.php?u=https:\/\/radiorevelacionfm.cl\/?p=45372&#038;t=Vecinas%20del%20Hogar%20Protegido%20de%20Puerto%20Ays%C3%A9n%20comienzan%20trabajo%20terap%C3%A9utico%20en%20invernadero' aria-hidden='false' data-av_icon='\ue8f3' data-av_iconfont='entypo-fontello' title='' data-avia-related-tooltip='Compartir en Facebook' rel=\"noopener\"><span class='avia_hidden_link_text'>Compartir en Facebook<\/span><\/a><\/li><li class='av-share-link av-social-link-twitter' ><a target=\"_blank\" aria-label=\"Compartir en Twitter\" href='https:\/\/twitter.com\/share?text=Vecinas%20del%20Hogar%20Protegido%20de%20Puerto%20Ays%C3%A9n%20comienzan%20trabajo%20terap%C3%A9utico%20en%20invernadero&#038;url=https:\/\/radiorevelacionfm.cl\/?p=45372' aria-hidden='false' data-av_icon='\ue8f1' data-av_iconfont='entypo-fontello' title='' data-avia-related-tooltip='Compartir en Twitter' rel=\"noopener\"><span class='avia_hidden_link_text'>Compartir en Twitter<\/span><\/a><\/li><li class='av-share-link av-social-link-whatsapp' ><a target=\"_blank\" aria-label=\"Compartir en Whatsapp\" href='https:\/\/api.whatsapp.com\/send?text=https:\/\/radiorevelacionfm.cl\/?p=45372' aria-hidden='false' data-av_icon='\uf232' data-av_iconfont='entypo-fontello' title='' data-avia-related-tooltip='Compartir en Whatsapp' rel=\"noopener\"><span class='avia_hidden_link_text'>Compartir en Whatsapp<\/span><\/a><\/li><li class='av-share-link av-social-link-linkedin' ><a target=\"_blank\" aria-label=\"Compartir en LinkedIn\" href='https:\/\/linkedin.com\/shareArticle?mini=true&#038;title=Vecinas%20del%20Hogar%20Protegido%20de%20Puerto%20Ays%C3%A9n%20comienzan%20trabajo%20terap%C3%A9utico%20en%20invernadero&#038;url=https:\/\/radiorevelacionfm.cl\/?p=45372' aria-hidden='false' data-av_icon='\ue8fc' data-av_iconfont='entypo-fontello' title='' data-avia-related-tooltip='Compartir en LinkedIn' rel=\"noopener\"><span class='avia_hidden_link_text'>Compartir en LinkedIn<\/span><\/a><\/li><li class='av-share-link av-social-link-mail' ><a  aria-label=\"Compartir por correo\" href='mailto:?subject=Vecinas%20del%20Hogar%20Protegido%20de%20Puerto%20Ays%C3%A9n%20comienzan%20trabajo%20terap%C3%A9utico%20en%20invernadero&#038;body=https:\/\/radiorevelacionfm.cl\/?p=45372' aria-hidden='false' data-av_icon='\ue805' data-av_iconfont='entypo-fontello' title='' data-avia-related-tooltip='Compartir por correo'><span class='avia_hidden_link_text'>Compartir por correo<\/span><\/a><\/li><\/ul><\/div><\/div>\n<div  style='height:50px' class='hr hr-invisible   avia-builder-el-8  el_after_av_social_share  el_before_av_comments_list '><span class='hr-inner ' ><span class='hr-inner-style'><\/span><\/span><\/div>\n<div  class='av-buildercomment  av-blog-meta-html-info-disabled av-blog-meta-tag-disabled  '><\/div>\n","protected":false},"excerpt":{"rendered":"","protected":false},"author":1,"featured_media":45373,"comment_status":"open","ping_status":"open","sticky":false,"template":"","format":"standard","meta":{"footnotes":""},"categories":[38],"tags":[],"class_list":["post-45372","post","type-post","status-publish","format-standard","has-post-thumbnail","hentry","category-regional"],"jetpack_featured_media_url":"https:\/\/radiorevelacionfm.cl\/wp-content\/uploads\/2024\/08\/hogarprotegido_bh2-1_optimized-1.jpeg","_links":{"self":[{"href":"https:\/\/radiorevelacionfm.cl\/index.php?rest_route=\/wp\/v2\/posts\/45372","targetHints":{"allow":["GET"]}}],"collection":[{"href":"https:\/\/radiorevelacionfm.cl\/index.php?rest_route=\/wp\/v2\/posts"}],"about":[{"href":"https:\/\/radiorevelacionfm.cl\/index.php?rest_route=\/wp\/v2\/types\/post"}],"author":[{"embeddable":true,"href":"https:\/\/radiorevelacionfm.cl\/index.php?rest_route=\/wp\/v2\/users\/1"}],"replies":[{"embeddable":true,"href":"https:\/\/radiorevelacionfm.cl\/index.php?rest_route=%2Fwp%2Fv2%2Fcomments&post=45372"}],"version-history":[{"count":1,"href":"https:\/\/radiorevelacionfm.cl\/index.php?rest_route=\/wp\/v2\/posts\/45372\/revisions"}],"predecessor-version":[{"id":45374,"href":"https:\/\/radiorevelacionfm.cl\/index.php?rest_route=\/wp\/v2\/posts\/45372\/revisions\/45374"}],"wp:featuredmedia":[{"embeddable":true,"href":"https:\/\/radiorevelacionfm.cl\/index.php?rest_route=\/wp\/v2\/media\/45373"}],"wp:attachment":[{"href":"https:\/\/radiorevelacionfm.cl\/index.php?rest_route=%2Fwp%2Fv2%2Fmedia&parent=45372"}],"wp:term":[{"taxonomy":"category","embeddable":true,"href":"https:\/\/radiorevelacionfm.cl\/index.php?rest_route=%2Fwp%2Fv2%2Fcategories&post=45372"},{"taxonomy":"post_tag","embeddable":true,"href":"https:\/\/radiorevelacionfm.cl\/index.php?rest_route=%2Fwp%2Fv2%2Ftags&post=45372"}],"curies":[{"name":"wp","href":"https:\/\/api.w.org\/{rel}","templated":true}]}}