{"id":45365,"date":"2024-08-22T11:21:00","date_gmt":"2024-08-22T14:21:00","guid":{"rendered":"https:\/\/radiorevelacionfm.cl\/?p=45365"},"modified":"2024-08-22T11:21:00","modified_gmt":"2024-08-22T14:21:00","slug":"edelaysen-refuerza-vinculos-con-barrios-comerciales-de-puerto-aysen","status":"publish","type":"post","link":"https:\/\/radiorevelacionfm.cl\/?p=45365","title":{"rendered":"Edelaysen refuerza v\u00ednculos con Barrios Comerciales de Puerto Ays\u00e9n"},"content":{"rendered":"<div class=\"flex_column av_one_full  flex_column_div av-zero-column-padding first  avia-builder-el-0  el_before_av_one_full  avia-builder-el-first  \" style='border-radius:0px; '><div  class='avia-image-container  av-styling-    avia-builder-el-1  avia-builder-el-no-sibling  avia-align-center '  itemprop=\"image\" itemscope=\"itemscope\" itemtype=\"https:\/\/schema.org\/ImageObject\"  ><div class='avia-image-container-inner'><div class='avia-image-overlay-wrap'><img decoding=\"async\" class='wp-image-45366 avia-img-lazy-loading-not-45366 avia_image' src=\"https:\/\/radiorevelacionfm.cl\/wp-content\/uploads\/2024\/08\/Barrios-Comerciales-Pto-Aysen-1-1.jpeg\" alt='' title='Barrios Comerciales Pto Ays\u00e9n (1) (1)' height=\"600\" width=\"800\"  itemprop=\"thumbnailUrl\" srcset=\"https:\/\/radiorevelacionfm.cl\/wp-content\/uploads\/2024\/08\/Barrios-Comerciales-Pto-Aysen-1-1.jpeg 800w, https:\/\/radiorevelacionfm.cl\/wp-content\/uploads\/2024\/08\/Barrios-Comerciales-Pto-Aysen-1-1-300x225.jpeg 300w, https:\/\/radiorevelacionfm.cl\/wp-content\/uploads\/2024\/08\/Barrios-Comerciales-Pto-Aysen-1-1-768x576.jpeg 768w, https:\/\/radiorevelacionfm.cl\/wp-content\/uploads\/2024\/08\/Barrios-Comerciales-Pto-Aysen-1-1-705x529.jpeg 705w, https:\/\/radiorevelacionfm.cl\/wp-content\/uploads\/2024\/08\/Barrios-Comerciales-Pto-Aysen-1-1-450x338.jpeg 450w, https:\/\/radiorevelacionfm.cl\/wp-content\/uploads\/2024\/08\/Barrios-Comerciales-Pto-Aysen-1-1-600x450.jpeg 600w\" sizes=\"(max-width: 800px) 100vw, 800px\" \/><\/div><\/div><\/div><\/div><div class=\"flex_column av_one_full  flex_column_div av-zero-column-padding first  avia-builder-el-2  el_after_av_one_full  el_before_av_one_full  column-top-margin\" style='border-radius:0px; '><section class=\"av_textblock_section \"  itemscope=\"itemscope\" itemtype=\"https:\/\/schema.org\/BlogPosting\" itemprop=\"blogPost\" ><div class='avia_textblock  '   itemprop=\"text\" ><p style=\"text-align: center;\"><strong><span style=\"font-size: 18pt;\">Edelaysen refuerza v\u00ednculos con Barrios Comerciales de Puerto Ays\u00e9n<\/span><\/strong><\/p>\n<div id=\"gtx-trans\" style=\"position: absolute; left: -50px; top: 4.31534px;\">\n<div class=\"gtx-trans-icon\"><\/div>\n<\/div>\n<\/div><\/section><\/div><div class=\"flex_column av_one_full  flex_column_div av-zero-column-padding first  avia-builder-el-4  el_after_av_one_full  el_before_av_hr  column-top-margin\" style='border-radius:0px; '><section class=\"av_textblock_section \"  itemscope=\"itemscope\" itemtype=\"https:\/\/schema.org\/BlogPosting\" itemprop=\"blogPost\" ><div class='avia_textblock  '   itemprop=\"text\" ><p style=\"text-align: justify;\">Con el firme prop\u00f3sito de fortalecer su relaci\u00f3n con la comunidad, Edelaysen, a trav\u00e9s de su programa de vinculaci\u00f3n \u201cSomos Vecinos\u201d, organiz\u00f3 un encuentro clave con los barrios comerciales de Puerto Ays\u00e9n. Este di\u00e1logo tuvo como objetivo abordar la preocupaci\u00f3n por la contingencia ante alzas de tarifas el\u00e9ctricas y atender de manera directa las inquietudes de los comerciantes locales.<\/p>\n<p style=\"text-align: justify;\">Durante la reuni\u00f3n, colaboradores de la el\u00e9ctrica escucharon de primera mano las inquietudes y requerimientos relacionados con el suministro el\u00e9ctrico, as\u00ed como el funcionamiento de los diversos canales de atenci\u00f3n al cliente. En respuesta, la empresa present\u00f3 un conjunto de herramientas dise\u00f1adas para mantener a sus clientes informados y facilitar el acceso a sus servicios.<\/p>\n<p style=\"text-align: justify;\">Francisco Pavez, jefe de zona valor\u00f3 la instancia de conversaci\u00f3n con la comunidad agregando que \u201cen Edelaysen entendemos que nuestros clientes necesitan respuestas claras y acceso f\u00e1cil a la informaci\u00f3n, especialmente en tiempos de alta contingencia relacionada al suministro el\u00e9ctrico. Por eso, hemos desarrollado una variedad de herramientas digitales que est\u00e1n a disposici\u00f3n de todos. De esta manera, continuaremos promoviendo estos espacios de di\u00e1logo donde podamos escuchar directamente las necesidades de nuestros vecinos y trabajar juntos en soluciones que beneficien a todos\u201d.<\/p>\n<p style=\"text-align: justify;\">Por su parte, Ana Mar\u00eda Peede Humeres presidenta de Barrios Comerciales destac\u00f3 y valor\u00f3 la instancia abordando tambi\u00e9n la importante necesidad de la comunicaci\u00f3n, junto con proponer a la el\u00e9ctrica que se fomenten aquellos proyectos de energ\u00eda renovable para la comuna destacando que fue una \u201cs\u00faper buena conversaci\u00f3n, nosotros tratamos de mantenernos siempre en contacto con las empresas e instituciones p\u00fablicas para tratar de ir solucionando problemas y as\u00ed estar conectados cuando pasa alg\u00fan incidente saber de manera inmediata y de esta forma avisar al resto de la comunidad. Abordamos el alza de precios en la luz, as\u00ed como tambi\u00e9n propusimos la idea de generar proyectos e\u00f3licos como el de Coyhaique a fin de mejorar la energ\u00eda en la comuna\u201d.<\/p>\n<p style=\"text-align: justify;\">Con este compromiso continuo, Edelaysen refuerza la comunicaci\u00f3n con sus clientes, siendo un actor clave en el bienestar de los comerciantes y de la comunidad en general. A trav\u00e9s de un di\u00e1logo constante, la el\u00e9ctrica sigue avanzando en su misi\u00f3n de ofrecer un servicio confiable, cercano y siempre disponible para todos sus clientes y comunidad.<\/p>\n<\/div><\/section><\/div><div  style='height:50px' class='hr hr-invisible   avia-builder-el-6  el_after_av_one_full  el_before_av_social_share '><span class='hr-inner ' ><span class='hr-inner-style'><\/span><\/span><\/div><\/p>\n<div  class='av-social-sharing-box  avia-builder-el-7  el_after_av_hr  el_before_av_hr  '><div class='av-share-box'><h5 class='av-share-link-description av-no-toc '>Compartir esta noticia<\/h5><ul class='av-share-box-list noLightbox'><li class='av-share-link av-social-link-facebook' ><a target=\"_blank\" aria-label=\"Compartir en Facebook\" href='https:\/\/www.facebook.com\/sharer.php?u=https:\/\/radiorevelacionfm.cl\/?p=45365&#038;t=Edelaysen%20refuerza%20v%C3%ADnculos%20con%20Barrios%20Comerciales%20de%20Puerto%20Ays%C3%A9n' aria-hidden='false' data-av_icon='\ue8f3' data-av_iconfont='entypo-fontello' title='' data-avia-related-tooltip='Compartir en Facebook' rel=\"noopener\"><span class='avia_hidden_link_text'>Compartir en Facebook<\/span><\/a><\/li><li class='av-share-link av-social-link-twitter' ><a target=\"_blank\" aria-label=\"Compartir en Twitter\" href='https:\/\/twitter.com\/share?text=Edelaysen%20refuerza%20v%C3%ADnculos%20con%20Barrios%20Comerciales%20de%20Puerto%20Ays%C3%A9n&#038;url=https:\/\/radiorevelacionfm.cl\/?p=45365' aria-hidden='false' data-av_icon='\ue8f1' data-av_iconfont='entypo-fontello' title='' data-avia-related-tooltip='Compartir en Twitter' rel=\"noopener\"><span class='avia_hidden_link_text'>Compartir en Twitter<\/span><\/a><\/li><li class='av-share-link av-social-link-whatsapp' ><a target=\"_blank\" aria-label=\"Compartir en Whatsapp\" href='https:\/\/api.whatsapp.com\/send?text=https:\/\/radiorevelacionfm.cl\/?p=45365' aria-hidden='false' data-av_icon='\uf232' data-av_iconfont='entypo-fontello' title='' data-avia-related-tooltip='Compartir en Whatsapp' rel=\"noopener\"><span class='avia_hidden_link_text'>Compartir en Whatsapp<\/span><\/a><\/li><li class='av-share-link av-social-link-linkedin' ><a target=\"_blank\" aria-label=\"Compartir en LinkedIn\" href='https:\/\/linkedin.com\/shareArticle?mini=true&#038;title=Edelaysen%20refuerza%20v%C3%ADnculos%20con%20Barrios%20Comerciales%20de%20Puerto%20Ays%C3%A9n&#038;url=https:\/\/radiorevelacionfm.cl\/?p=45365' aria-hidden='false' data-av_icon='\ue8fc' data-av_iconfont='entypo-fontello' title='' data-avia-related-tooltip='Compartir en LinkedIn' rel=\"noopener\"><span class='avia_hidden_link_text'>Compartir en LinkedIn<\/span><\/a><\/li><li class='av-share-link av-social-link-mail' ><a  aria-label=\"Compartir por correo\" href='mailto:?subject=Edelaysen%20refuerza%20v%C3%ADnculos%20con%20Barrios%20Comerciales%20de%20Puerto%20Ays%C3%A9n&#038;body=https:\/\/radiorevelacionfm.cl\/?p=45365' aria-hidden='false' data-av_icon='\ue805' data-av_iconfont='entypo-fontello' title='' data-avia-related-tooltip='Compartir por correo'><span class='avia_hidden_link_text'>Compartir por correo<\/span><\/a><\/li><\/ul><\/div><\/div>\n<div  style='height:50px' class='hr hr-invisible   avia-builder-el-8  el_after_av_social_share  el_before_av_comments_list '><span class='hr-inner ' ><span class='hr-inner-style'><\/span><\/span><\/div>\n<div  class='av-buildercomment  av-blog-meta-html-info-disabled av-blog-meta-tag-disabled  '><\/div>\n","protected":false},"excerpt":{"rendered":"","protected":false},"author":1,"featured_media":45366,"comment_status":"open","ping_status":"open","sticky":false,"template":"","format":"standard","meta":{"footnotes":""},"categories":[38],"tags":[],"class_list":["post-45365","post","type-post","status-publish","format-standard","has-post-thumbnail","hentry","category-regional"],"jetpack_featured_media_url":"https:\/\/radiorevelacionfm.cl\/wp-content\/uploads\/2024\/08\/Barrios-Comerciales-Pto-Aysen-1-1.jpeg","_links":{"self":[{"href":"https:\/\/radiorevelacionfm.cl\/index.php?rest_route=\/wp\/v2\/posts\/45365","targetHints":{"allow":["GET"]}}],"collection":[{"href":"https:\/\/radiorevelacionfm.cl\/index.php?rest_route=\/wp\/v2\/posts"}],"about":[{"href":"https:\/\/radiorevelacionfm.cl\/index.php?rest_route=\/wp\/v2\/types\/post"}],"author":[{"embeddable":true,"href":"https:\/\/radiorevelacionfm.cl\/index.php?rest_route=\/wp\/v2\/users\/1"}],"replies":[{"embeddable":true,"href":"https:\/\/radiorevelacionfm.cl\/index.php?rest_route=%2Fwp%2Fv2%2Fcomments&post=45365"}],"version-history":[{"count":1,"href":"https:\/\/radiorevelacionfm.cl\/index.php?rest_route=\/wp\/v2\/posts\/45365\/revisions"}],"predecessor-version":[{"id":45367,"href":"https:\/\/radiorevelacionfm.cl\/index.php?rest_route=\/wp\/v2\/posts\/45365\/revisions\/45367"}],"wp:featuredmedia":[{"embeddable":true,"href":"https:\/\/radiorevelacionfm.cl\/index.php?rest_route=\/wp\/v2\/media\/45366"}],"wp:attachment":[{"href":"https:\/\/radiorevelacionfm.cl\/index.php?rest_route=%2Fwp%2Fv2%2Fmedia&parent=45365"}],"wp:term":[{"taxonomy":"category","embeddable":true,"href":"https:\/\/radiorevelacionfm.cl\/index.php?rest_route=%2Fwp%2Fv2%2Fcategories&post=45365"},{"taxonomy":"post_tag","embeddable":true,"href":"https:\/\/radiorevelacionfm.cl\/index.php?rest_route=%2Fwp%2Fv2%2Ftags&post=45365"}],"curies":[{"name":"wp","href":"https:\/\/api.w.org\/{rel}","templated":true}]}}