{"id":45362,"date":"2024-08-21T19:02:27","date_gmt":"2024-08-21T22:02:27","guid":{"rendered":"https:\/\/radiorevelacionfm.cl\/?p=45362"},"modified":"2024-08-21T19:02:27","modified_gmt":"2024-08-21T22:02:27","slug":"ministro-de-hacienda-mario-marcel-valoro-inversion-de-ecomas-en-aysen","status":"publish","type":"post","link":"https:\/\/radiorevelacionfm.cl\/?p=45362","title":{"rendered":"Ministro de Hacienda, Mario Marcel, valor\u00f3 inversi\u00f3n de Ecom\u00e1s en Ays\u00e9n"},"content":{"rendered":"<div class=\"flex_column av_one_full  flex_column_div av-zero-column-padding first  avia-builder-el-0  el_before_av_one_full  avia-builder-el-first  \" style='border-radius:0px; '><div  class='avia-image-container  av-styling-    avia-builder-el-1  avia-builder-el-no-sibling  avia-align-center '  itemprop=\"image\" itemscope=\"itemscope\" itemtype=\"https:\/\/schema.org\/ImageObject\"  ><div class='avia-image-container-inner'><div class='avia-image-overlay-wrap'><img decoding=\"async\" class='wp-image-45363 avia-img-lazy-loading-not-45363 avia_image' src=\"https:\/\/radiorevelacionfm.cl\/wp-content\/uploads\/2024\/08\/IMG_2890-1-1.jpg\" alt='' title='IMG_2890 (1) (1)' height=\"600\" width=\"900\"  itemprop=\"thumbnailUrl\" srcset=\"https:\/\/radiorevelacionfm.cl\/wp-content\/uploads\/2024\/08\/IMG_2890-1-1.jpg 900w, https:\/\/radiorevelacionfm.cl\/wp-content\/uploads\/2024\/08\/IMG_2890-1-1-300x200.jpg 300w, https:\/\/radiorevelacionfm.cl\/wp-content\/uploads\/2024\/08\/IMG_2890-1-1-768x512.jpg 768w, https:\/\/radiorevelacionfm.cl\/wp-content\/uploads\/2024\/08\/IMG_2890-1-1-705x470.jpg 705w, https:\/\/radiorevelacionfm.cl\/wp-content\/uploads\/2024\/08\/IMG_2890-1-1-450x300.jpg 450w, https:\/\/radiorevelacionfm.cl\/wp-content\/uploads\/2024\/08\/IMG_2890-1-1-600x400.jpg 600w\" sizes=\"(max-width: 900px) 100vw, 900px\" \/><\/div><\/div><\/div><\/div><div class=\"flex_column av_one_full  flex_column_div av-zero-column-padding first  avia-builder-el-2  el_after_av_one_full  el_before_av_one_full  column-top-margin\" style='border-radius:0px; '><section class=\"av_textblock_section \"  itemscope=\"itemscope\" itemtype=\"https:\/\/schema.org\/BlogPosting\" itemprop=\"blogPost\" ><div class='avia_textblock  '   itemprop=\"text\" ><p style=\"text-align: center;\"><strong><span style=\"font-size: 18pt;\">Ministro de Hacienda, Mario Marcel, valor\u00f3 inversi\u00f3n de Ecom\u00e1s en Ays\u00e9n<\/span><\/strong><\/p>\n<div id=\"gtx-trans\" style=\"position: absolute; left: -50px; top: 4.31534px;\">\n<div class=\"gtx-trans-icon\"><\/div>\n<\/div>\n<\/div><\/section><\/div><div class=\"flex_column av_one_full  flex_column_div av-zero-column-padding first  avia-builder-el-4  el_after_av_one_full  el_before_av_hr  column-top-margin\" style='border-radius:0px; '><section class=\"av_textblock_section \"  itemscope=\"itemscope\" itemtype=\"https:\/\/schema.org\/BlogPosting\" itemprop=\"blogPost\" ><div class='avia_textblock  '   itemprop=\"text\" ><p style=\"font-weight: 400; text-align: justify;\"><em>El secretario de Estado recorri\u00f3 la planta de producci\u00f3n local de biocombustible elaborado, que ha significado una inversi\u00f3n cercana a los siete mil millones de pesos.<\/em><\/p>\n<p style=\"font-weight: 400; text-align: justify;\">Los desaf\u00edos y oportunidades que el sector p\u00fablico y privado tienen en la Regi\u00f3n de Ays\u00e9n, destac\u00f3 el Ministro de Hacienda, Mario Marcel, durante un recorrido realizado este mi\u00e9rcoles por la planta de pellet de la empresa Ecom\u00e1s, a diez kil\u00f3metros de Coyhaique.<\/p>\n<p style=\"font-weight: 400; text-align: justify;\">Acompa\u00f1ado por el Delegado Presidencial Regional, Rodrigo Araya, y los seremis de Energ\u00eda, Tom\u00e1s Laibe y de Econom\u00eda, Felipe Rojas, el secretario de Estado conoci\u00f3 el proceso productivo y destac\u00f3 la iniciativa de Ecom\u00e1s, mediante una inversi\u00f3n cercana a los siete mil millones de pesos.<\/p>\n<p style=\"font-weight: 400; text-align: justify;\">\u201cVinimos a Ays\u00e9n tambi\u00e9n a conocer los proyectos que se est\u00e1n tratando de sacar adelante y que van abriendo camino para esta regi\u00f3n, para que no solamente tenga una mejor calidad de vida, sino que tambi\u00e9n haga una contribuci\u00f3n al desarrollo del pa\u00eds en su conjunto. Son muchos los desaf\u00edos que hay, por supuesto, que son desaf\u00edos para el pa\u00eds en su conjunto, porque las instituciones tienen que preocuparse de todos sus territorios. Como vemos, hay iniciativas del sector privado, con apoyo de los instrumentos de fomento, que dan respuesta a necesidades muy concretas de la regi\u00f3n, particularmente, en lo que tiene que ver con combustible, calefacci\u00f3n y que anticipa un futuro mejor para sus habitantes\u201d, indic\u00f3.<\/p>\n<p style=\"font-weight: 400; text-align: justify;\">El Delegado Rodrigo Araya valor\u00f3 que esta inversi\u00f3n cercana a los $7.000 millones contribuya a la producci\u00f3n local de biocombustible elaborado y a la generaci\u00f3n de alrededor de 60 empleos.<\/p>\n<p style=\"font-weight: 400; text-align: justify;\">\u201cEsta es la primera empresa que tiene el ciclo completo en nuestro territorio, en Chile, lo que va acompa\u00f1ado de un esfuerzo de trabajo con la comunidad. En nuestro Plan de Descontaminaci\u00f3n Ambiental, que inicia un proceso de reevaluaci\u00f3n, el pellet viene a jugar un rol importante y estamos haciendo un esfuerzo importante como Gobierno, a trav\u00e9s del Ministerio de Medio Ambiente, y aqu\u00ed se est\u00e1 resolviendo un tema de base, como es la estabilizaci\u00f3n del valor del pellet para el acceso de toda la comunidad\u201d, destac\u00f3.<\/p>\n<p style=\"font-weight: 400; text-align: justify;\">El Gerente Comercial de Ecom\u00e1s en Ays\u00e9n, Mat\u00edas Vial, acompa\u00f1ado por el Gerente de Planta de Ecom\u00e1s Coyhaique Mauricio Zwanzger adelant\u00f3 que se avanza a paso firme para la pr\u00f3xima inauguraci\u00f3n de esta planta.<\/p>\n<p style=\"font-weight: 400; text-align: justify;\">\u201cPudimos montar la planta productora de pellet m\u00e1s moderna de Chile y este sue\u00f1o ya es realidad. Estamos produciendo pellet en Coyhaique, con materia prima de Coyhaique y con gente de Coyhaique. Queremos dar la seguridad a toda la gente de Ays\u00e9n, que vamos a tener el mejor pellet producido en la Patagonia y a los mejores costos\u201d, recalc\u00f3.<\/p>\n<p style=\"font-weight: 400; text-align: justify;\">La Planta de Ecom\u00e1s en la Regi\u00f3n de Ays\u00e9n tiene ventas proyectadas de 50 mil toneladas anuales de pellet, con una alta eficiencia del proceso productivo, por la utilizaci\u00f3n del rollizo completo de pino.<\/p>\n<\/div><\/section><\/div><div  style='height:50px' class='hr hr-invisible   avia-builder-el-6  el_after_av_one_full  el_before_av_social_share '><span class='hr-inner ' ><span class='hr-inner-style'><\/span><\/span><\/div><\/p>\n<div  class='av-social-sharing-box  avia-builder-el-7  el_after_av_hr  el_before_av_hr  '><div class='av-share-box'><h5 class='av-share-link-description av-no-toc '>Compartir esta noticia<\/h5><ul class='av-share-box-list noLightbox'><li class='av-share-link av-social-link-facebook' ><a target=\"_blank\" aria-label=\"Compartir en Facebook\" href='https:\/\/www.facebook.com\/sharer.php?u=https:\/\/radiorevelacionfm.cl\/?p=45362&#038;t=Ministro%20de%20Hacienda%2C%20Mario%20Marcel%2C%20valor%C3%B3%20inversi%C3%B3n%20de%20Ecom%C3%A1s%20en%20Ays%C3%A9n' aria-hidden='false' data-av_icon='\ue8f3' data-av_iconfont='entypo-fontello' title='' data-avia-related-tooltip='Compartir en Facebook' rel=\"noopener\"><span class='avia_hidden_link_text'>Compartir en Facebook<\/span><\/a><\/li><li class='av-share-link av-social-link-twitter' ><a target=\"_blank\" aria-label=\"Compartir en Twitter\" href='https:\/\/twitter.com\/share?text=Ministro%20de%20Hacienda%2C%20Mario%20Marcel%2C%20valor%C3%B3%20inversi%C3%B3n%20de%20Ecom%C3%A1s%20en%20Ays%C3%A9n&#038;url=https:\/\/radiorevelacionfm.cl\/?p=45362' aria-hidden='false' data-av_icon='\ue8f1' data-av_iconfont='entypo-fontello' title='' data-avia-related-tooltip='Compartir en Twitter' rel=\"noopener\"><span class='avia_hidden_link_text'>Compartir en Twitter<\/span><\/a><\/li><li class='av-share-link av-social-link-whatsapp' ><a target=\"_blank\" aria-label=\"Compartir en Whatsapp\" href='https:\/\/api.whatsapp.com\/send?text=https:\/\/radiorevelacionfm.cl\/?p=45362' aria-hidden='false' data-av_icon='\uf232' data-av_iconfont='entypo-fontello' title='' data-avia-related-tooltip='Compartir en Whatsapp' rel=\"noopener\"><span class='avia_hidden_link_text'>Compartir en Whatsapp<\/span><\/a><\/li><li class='av-share-link av-social-link-linkedin' ><a target=\"_blank\" aria-label=\"Compartir en LinkedIn\" href='https:\/\/linkedin.com\/shareArticle?mini=true&#038;title=Ministro%20de%20Hacienda%2C%20Mario%20Marcel%2C%20valor%C3%B3%20inversi%C3%B3n%20de%20Ecom%C3%A1s%20en%20Ays%C3%A9n&#038;url=https:\/\/radiorevelacionfm.cl\/?p=45362' aria-hidden='false' data-av_icon='\ue8fc' data-av_iconfont='entypo-fontello' title='' data-avia-related-tooltip='Compartir en LinkedIn' rel=\"noopener\"><span class='avia_hidden_link_text'>Compartir en LinkedIn<\/span><\/a><\/li><li class='av-share-link av-social-link-mail' ><a  aria-label=\"Compartir por correo\" href='mailto:?subject=Ministro%20de%20Hacienda%2C%20Mario%20Marcel%2C%20valor%C3%B3%20inversi%C3%B3n%20de%20Ecom%C3%A1s%20en%20Ays%C3%A9n&#038;body=https:\/\/radiorevelacionfm.cl\/?p=45362' aria-hidden='false' data-av_icon='\ue805' data-av_iconfont='entypo-fontello' title='' data-avia-related-tooltip='Compartir por correo'><span class='avia_hidden_link_text'>Compartir por correo<\/span><\/a><\/li><\/ul><\/div><\/div>\n<div  style='height:50px' class='hr hr-invisible   avia-builder-el-8  el_after_av_social_share  el_before_av_comments_list '><span class='hr-inner ' ><span class='hr-inner-style'><\/span><\/span><\/div>\n<div  class='av-buildercomment  av-blog-meta-html-info-disabled av-blog-meta-tag-disabled  '><\/div>\n","protected":false},"excerpt":{"rendered":"","protected":false},"author":1,"featured_media":45363,"comment_status":"open","ping_status":"open","sticky":false,"template":"","format":"standard","meta":{"footnotes":""},"categories":[38],"tags":[],"class_list":["post-45362","post","type-post","status-publish","format-standard","has-post-thumbnail","hentry","category-regional"],"jetpack_featured_media_url":"https:\/\/radiorevelacionfm.cl\/wp-content\/uploads\/2024\/08\/IMG_2890-1-1.jpg","_links":{"self":[{"href":"https:\/\/radiorevelacionfm.cl\/index.php?rest_route=\/wp\/v2\/posts\/45362","targetHints":{"allow":["GET"]}}],"collection":[{"href":"https:\/\/radiorevelacionfm.cl\/index.php?rest_route=\/wp\/v2\/posts"}],"about":[{"href":"https:\/\/radiorevelacionfm.cl\/index.php?rest_route=\/wp\/v2\/types\/post"}],"author":[{"embeddable":true,"href":"https:\/\/radiorevelacionfm.cl\/index.php?rest_route=\/wp\/v2\/users\/1"}],"replies":[{"embeddable":true,"href":"https:\/\/radiorevelacionfm.cl\/index.php?rest_route=%2Fwp%2Fv2%2Fcomments&post=45362"}],"version-history":[{"count":1,"href":"https:\/\/radiorevelacionfm.cl\/index.php?rest_route=\/wp\/v2\/posts\/45362\/revisions"}],"predecessor-version":[{"id":45364,"href":"https:\/\/radiorevelacionfm.cl\/index.php?rest_route=\/wp\/v2\/posts\/45362\/revisions\/45364"}],"wp:featuredmedia":[{"embeddable":true,"href":"https:\/\/radiorevelacionfm.cl\/index.php?rest_route=\/wp\/v2\/media\/45363"}],"wp:attachment":[{"href":"https:\/\/radiorevelacionfm.cl\/index.php?rest_route=%2Fwp%2Fv2%2Fmedia&parent=45362"}],"wp:term":[{"taxonomy":"category","embeddable":true,"href":"https:\/\/radiorevelacionfm.cl\/index.php?rest_route=%2Fwp%2Fv2%2Fcategories&post=45362"},{"taxonomy":"post_tag","embeddable":true,"href":"https:\/\/radiorevelacionfm.cl\/index.php?rest_route=%2Fwp%2Fv2%2Ftags&post=45362"}],"curies":[{"name":"wp","href":"https:\/\/api.w.org\/{rel}","templated":true}]}}