{"id":45359,"date":"2024-08-22T11:04:47","date_gmt":"2024-08-22T14:04:47","guid":{"rendered":"https:\/\/radiorevelacionfm.cl\/?p=45359"},"modified":"2024-08-22T11:04:47","modified_gmt":"2024-08-22T14:04:47","slug":"beca-patagonia-gobierno-garantiza-cobertura-total-para-estudiantes-de-la-region-de-aysen","status":"publish","type":"post","link":"https:\/\/radiorevelacionfm.cl\/?p=45359","title":{"rendered":"Beca Patagonia: Gobierno garantiza cobertura total para estudiantes de la regi\u00f3n de Ays\u00e9n"},"content":{"rendered":"<div class=\"flex_column av_one_full  flex_column_div av-zero-column-padding first  avia-builder-el-0  el_before_av_one_full  avia-builder-el-first  \" style='border-radius:0px; '><div  class='avia-image-container  av-styling-    avia-builder-el-1  avia-builder-el-no-sibling  avia-align-center '  itemprop=\"image\" itemscope=\"itemscope\" itemtype=\"https:\/\/schema.org\/ImageObject\"  ><div class='avia-image-container-inner'><div class='avia-image-overlay-wrap'><img decoding=\"async\" class='wp-image-45360 avia-img-lazy-loading-not-45360 avia_image' src=\"https:\/\/radiorevelacionfm.cl\/wp-content\/uploads\/2024\/08\/Ministro-Marcel-Beca-Patagonia-1-1.jpeg\" alt='' title='Ministro Marcel Beca Patagonia (1) (1)' height=\"600\" width=\"1079\"  itemprop=\"thumbnailUrl\" srcset=\"https:\/\/radiorevelacionfm.cl\/wp-content\/uploads\/2024\/08\/Ministro-Marcel-Beca-Patagonia-1-1.jpeg 1079w, https:\/\/radiorevelacionfm.cl\/wp-content\/uploads\/2024\/08\/Ministro-Marcel-Beca-Patagonia-1-1-300x167.jpeg 300w, https:\/\/radiorevelacionfm.cl\/wp-content\/uploads\/2024\/08\/Ministro-Marcel-Beca-Patagonia-1-1-1030x573.jpeg 1030w, https:\/\/radiorevelacionfm.cl\/wp-content\/uploads\/2024\/08\/Ministro-Marcel-Beca-Patagonia-1-1-768x427.jpeg 768w, https:\/\/radiorevelacionfm.cl\/wp-content\/uploads\/2024\/08\/Ministro-Marcel-Beca-Patagonia-1-1-705x392.jpeg 705w, https:\/\/radiorevelacionfm.cl\/wp-content\/uploads\/2024\/08\/Ministro-Marcel-Beca-Patagonia-1-1-450x250.jpeg 450w, https:\/\/radiorevelacionfm.cl\/wp-content\/uploads\/2024\/08\/Ministro-Marcel-Beca-Patagonia-1-1-600x334.jpeg 600w\" sizes=\"(max-width: 1079px) 100vw, 1079px\" \/><\/div><\/div><\/div><\/div><div class=\"flex_column av_one_full  flex_column_div av-zero-column-padding first  avia-builder-el-2  el_after_av_one_full  el_before_av_one_full  column-top-margin\" style='border-radius:0px; '><section class=\"av_textblock_section \"  itemscope=\"itemscope\" itemtype=\"https:\/\/schema.org\/BlogPosting\" itemprop=\"blogPost\" ><div class='avia_textblock  '   itemprop=\"text\" ><p style=\"text-align: center;\"><span style=\"font-size: 18pt;\"><b>Beca Patagonia: Gobierno garantiza cobertura total para estudiantes de la regi\u00f3n de Ays\u00e9n<\/b><\/span><\/p>\n<div id=\"gtx-trans\" style=\"position: absolute; left: -50px; top: 4.31534px;\">\n<div class=\"gtx-trans-icon\"><\/div>\n<\/div>\n<\/div><\/section><\/div><div class=\"flex_column av_one_full  flex_column_div av-zero-column-padding first  avia-builder-el-4  el_after_av_one_full  el_before_av_hr  column-top-margin\" style='border-radius:0px; '><section class=\"av_textblock_section \"  itemscope=\"itemscope\" itemtype=\"https:\/\/schema.org\/BlogPosting\" itemprop=\"blogPost\" ><div class='avia_textblock  '   itemprop=\"text\" ><p class=\"v1MsoNormal\" style=\"text-align: justify;\">Una buena noticia para las y los estudiantes de educaci\u00f3n superior de la regi\u00f3n y sus familias que hab\u00edan quedado sin asignaci\u00f3n de beca Patagonia, entreg\u00f3 en Coyhaique el ministro de Hacienda, Mario Marcel, durante su visita a la Regi\u00f3n de Ays\u00e9n, acompa\u00f1ado de la SEREMI de Educaci\u00f3n, Isabel Garrido, y el director regional de JUNAEB Manuel Vivar.<\/p>\n<p class=\"v1MsoNormal\" style=\"text-align: justify;\">Durante el primer semestre, Junaeb asign\u00f3 cerca de 4.350 becas en educaci\u00f3n superior, con una inversi\u00f3n cercana a los 9 mil millones de pesos, dirigidos a apoyar los procesos formativos de alumnas y alumnos que cursen estudios tanto dentro como fuera de la regi\u00f3n. Sin embargo, en la Beca Patagonia Ays\u00e9n, 279 estudiantes (postulantes nuevos a la beca) que, cumpl\u00edan con todos los requisitos, no obtuvieron el beneficio ya que se asign\u00f3 el total de cupos, seg\u00fan las prioridades establecidas.<\/p>\n<p class=\"v1MsoNormal\" style=\"text-align: justify;\">La Beca Patagonia es un aporte de libre disposici\u00f3n para estudiantes que residen en Ays\u00e9n y que estudian fuera de la regi\u00f3n y que contempla, adem\u00e1s, asignaciones de alimentaci\u00f3n y traslado, lo que implica una asignaci\u00f3n total anual del orden de $2.576.000 que se paga en cuotas mensuales.<\/p>\n<p class=\"v1MsoNormal\" style=\"text-align: justify;\">\u00a0Al respecto, el Ministro Marcel anunci\u00f3 la soluci\u00f3n para suplir este d\u00e9ficit en la beca de mantenci\u00f3n regional.<\/p>\n<p class=\"v1MsoNormal\" style=\"text-align: justify;\">\u201cEste a\u00f1o tuvimos una mayor demanda de la Beca Patagonia que en a\u00f1os anteriores y han quedado 279 estudiantes en situaci\u00f3n pendiente y hemos estado trabajando con el Ministerio de Educaci\u00f3n y la Junaeb nacional para que tengamos una reasignaci\u00f3n de recursos que permita cubrir y financiar\u00a0 estas becas adicionales y se puedan entregar a los estudiantes para tranquilidad de ellos y sus familias. Esta es una situaci\u00f3n que hemos podido resolver presupuestaria y administrativamente y queremos entregar esta buena noticia a quienes\u00a0 estaban esperando una soluci\u00f3n a esta demanda insatisfecha\u201d, coment\u00f3 .<\/p>\n<p class=\"v1MsoNormal\" style=\"text-align: justify;\">La SEREMI de Educaci\u00f3n, Isabel Garrido, en tanto, destac\u00f3 que este tema se estaba trabajando junto a las\u00a0 familias de estudiantes de educaci\u00f3n superior organizados, con Junaeb regional.<\/p>\n<p class=\"v1MsoNormal\" style=\"text-align: justify;\">\u201cAgradecemos este anuncio del ministro Marcel, que viene a dar cumplimiento a un compromiso adquirido con las familias y esperamos que pueda tranquilizar a las y los estudiantes que a\u00fan no cuentan con el beneficio. Como Gobierno seguimos trabajando para ir cerrando brechas en materia de becas y beneficios estudiantiles para que las y los j\u00f3venes cuenten con el apoyo para estudiar una carrera en la educaci\u00f3n superior\u00bb.<\/p>\n<p class=\"v1MsoNormal\" style=\"text-align: justify;\">Por su parte, Manuel Vivar, director regional de Junaeb, destac\u00f3 que \u201dEstamos contentos con el anuncio que entrega el Ministro, porque nos permite cumplir el compromiso que hemos sostenido en distintas reuniones con las agrupaciones de apoderados para becar a estos 279 estudiantes que, cumpliendo requisitos, no contaban con su beca. Como Junaeb, tenemos que avanzar en nuestros procesos internos y esperamos entre septiembre y noviembre tener becados a la totalidad de estudiantes que cumplen los requisitos. Por otra parte, redoblamos nuestro compromiso institucional para que el pr\u00f3ximo a\u00f1o tengamos un mejor ajuste entre la demanda por la Beca Patagonia y la oferta program\u00e1tica que tenemos\u201d.<\/p>\n<p class=\"v1MsoNormal\" style=\"text-align: justify;\">Cabe destacar que las y los\u00a0estudiantes\u00a0al momento de ser becados, reciben su asignaci\u00f3n de forma retroactiva y con esto, pasan a ser renovantes en el pr\u00f3ximo periodo, asegurando las becas a estudiantes que cumplen requisitos y entregando un apoyo fundamental para que puedan desarrollar sus estudios superiores.<\/p>\n<\/div><\/section><\/div><div  style='height:50px' class='hr hr-invisible   avia-builder-el-6  el_after_av_one_full  el_before_av_social_share '><span class='hr-inner ' ><span class='hr-inner-style'><\/span><\/span><\/div><\/p>\n<div  class='av-social-sharing-box  avia-builder-el-7  el_after_av_hr  el_before_av_hr  '><div class='av-share-box'><h5 class='av-share-link-description av-no-toc '>Compartir esta noticia<\/h5><ul class='av-share-box-list noLightbox'><li class='av-share-link av-social-link-facebook' ><a target=\"_blank\" aria-label=\"Compartir en Facebook\" href='https:\/\/www.facebook.com\/sharer.php?u=https:\/\/radiorevelacionfm.cl\/?p=45359&#038;t=Beca%20Patagonia%3A%20Gobierno%20garantiza%20cobertura%20total%20para%20estudiantes%20de%20la%20regi%C3%B3n%20de%20Ays%C3%A9n' aria-hidden='false' data-av_icon='\ue8f3' data-av_iconfont='entypo-fontello' title='' data-avia-related-tooltip='Compartir en Facebook' rel=\"noopener\"><span class='avia_hidden_link_text'>Compartir en Facebook<\/span><\/a><\/li><li class='av-share-link av-social-link-twitter' ><a target=\"_blank\" aria-label=\"Compartir en Twitter\" href='https:\/\/twitter.com\/share?text=Beca%20Patagonia%3A%20Gobierno%20garantiza%20cobertura%20total%20para%20estudiantes%20de%20la%20regi%C3%B3n%20de%20Ays%C3%A9n&#038;url=https:\/\/radiorevelacionfm.cl\/?p=45359' aria-hidden='false' data-av_icon='\ue8f1' data-av_iconfont='entypo-fontello' title='' data-avia-related-tooltip='Compartir en Twitter' rel=\"noopener\"><span class='avia_hidden_link_text'>Compartir en Twitter<\/span><\/a><\/li><li class='av-share-link av-social-link-whatsapp' ><a target=\"_blank\" aria-label=\"Compartir en Whatsapp\" href='https:\/\/api.whatsapp.com\/send?text=https:\/\/radiorevelacionfm.cl\/?p=45359' aria-hidden='false' data-av_icon='\uf232' data-av_iconfont='entypo-fontello' title='' data-avia-related-tooltip='Compartir en Whatsapp' rel=\"noopener\"><span class='avia_hidden_link_text'>Compartir en Whatsapp<\/span><\/a><\/li><li class='av-share-link av-social-link-linkedin' ><a target=\"_blank\" aria-label=\"Compartir en LinkedIn\" href='https:\/\/linkedin.com\/shareArticle?mini=true&#038;title=Beca%20Patagonia%3A%20Gobierno%20garantiza%20cobertura%20total%20para%20estudiantes%20de%20la%20regi%C3%B3n%20de%20Ays%C3%A9n&#038;url=https:\/\/radiorevelacionfm.cl\/?p=45359' aria-hidden='false' data-av_icon='\ue8fc' data-av_iconfont='entypo-fontello' title='' data-avia-related-tooltip='Compartir en LinkedIn' rel=\"noopener\"><span class='avia_hidden_link_text'>Compartir en LinkedIn<\/span><\/a><\/li><li class='av-share-link av-social-link-mail' ><a  aria-label=\"Compartir por correo\" href='mailto:?subject=Beca%20Patagonia%3A%20Gobierno%20garantiza%20cobertura%20total%20para%20estudiantes%20de%20la%20regi%C3%B3n%20de%20Ays%C3%A9n&#038;body=https:\/\/radiorevelacionfm.cl\/?p=45359' aria-hidden='false' data-av_icon='\ue805' data-av_iconfont='entypo-fontello' title='' data-avia-related-tooltip='Compartir por correo'><span class='avia_hidden_link_text'>Compartir por correo<\/span><\/a><\/li><\/ul><\/div><\/div>\n<div  style='height:50px' class='hr hr-invisible   avia-builder-el-8  el_after_av_social_share  el_before_av_comments_list '><span class='hr-inner ' ><span class='hr-inner-style'><\/span><\/span><\/div>\n<div  class='av-buildercomment  av-blog-meta-html-info-disabled av-blog-meta-tag-disabled  '><\/div>\n","protected":false},"excerpt":{"rendered":"","protected":false},"author":1,"featured_media":45360,"comment_status":"open","ping_status":"open","sticky":false,"template":"","format":"standard","meta":{"footnotes":""},"categories":[49],"tags":[],"class_list":["post-45359","post","type-post","status-publish","format-standard","has-post-thumbnail","hentry","category-educacion"],"jetpack_featured_media_url":"https:\/\/radiorevelacionfm.cl\/wp-content\/uploads\/2024\/08\/Ministro-Marcel-Beca-Patagonia-1-1.jpeg","_links":{"self":[{"href":"https:\/\/radiorevelacionfm.cl\/index.php?rest_route=\/wp\/v2\/posts\/45359","targetHints":{"allow":["GET"]}}],"collection":[{"href":"https:\/\/radiorevelacionfm.cl\/index.php?rest_route=\/wp\/v2\/posts"}],"about":[{"href":"https:\/\/radiorevelacionfm.cl\/index.php?rest_route=\/wp\/v2\/types\/post"}],"author":[{"embeddable":true,"href":"https:\/\/radiorevelacionfm.cl\/index.php?rest_route=\/wp\/v2\/users\/1"}],"replies":[{"embeddable":true,"href":"https:\/\/radiorevelacionfm.cl\/index.php?rest_route=%2Fwp%2Fv2%2Fcomments&post=45359"}],"version-history":[{"count":1,"href":"https:\/\/radiorevelacionfm.cl\/index.php?rest_route=\/wp\/v2\/posts\/45359\/revisions"}],"predecessor-version":[{"id":45361,"href":"https:\/\/radiorevelacionfm.cl\/index.php?rest_route=\/wp\/v2\/posts\/45359\/revisions\/45361"}],"wp:featuredmedia":[{"embeddable":true,"href":"https:\/\/radiorevelacionfm.cl\/index.php?rest_route=\/wp\/v2\/media\/45360"}],"wp:attachment":[{"href":"https:\/\/radiorevelacionfm.cl\/index.php?rest_route=%2Fwp%2Fv2%2Fmedia&parent=45359"}],"wp:term":[{"taxonomy":"category","embeddable":true,"href":"https:\/\/radiorevelacionfm.cl\/index.php?rest_route=%2Fwp%2Fv2%2Fcategories&post=45359"},{"taxonomy":"post_tag","embeddable":true,"href":"https:\/\/radiorevelacionfm.cl\/index.php?rest_route=%2Fwp%2Fv2%2Ftags&post=45359"}],"curies":[{"name":"wp","href":"https:\/\/api.w.org\/{rel}","templated":true}]}}