{"id":45355,"date":"2024-08-21T16:34:55","date_gmt":"2024-08-21T19:34:55","guid":{"rendered":"https:\/\/radiorevelacionfm.cl\/?p=45355"},"modified":"2024-08-21T16:37:14","modified_gmt":"2024-08-21T19:37:14","slug":"alertan-por-virus-respiratorio-sincicial-se-registran-9-hospitalizaciones-de-infantes-en-el-mes-de-agosto-en-la-region","status":"publish","type":"post","link":"https:\/\/radiorevelacionfm.cl\/?p=45355","title":{"rendered":"Alerta por Virus respiratorio sincicial: Se registran 9 hospitalizaciones de infantes en el mes de agosto en la regi\u00f3n"},"content":{"rendered":"<div class=\"flex_column av_one_full  flex_column_div av-zero-column-padding first  avia-builder-el-0  el_before_av_one_full  avia-builder-el-first  \" style='border-radius:0px; '><div  class='avia-image-container  av-styling-    avia-builder-el-1  avia-builder-el-no-sibling  avia-align-center '  itemprop=\"image\" itemscope=\"itemscope\" itemtype=\"https:\/\/schema.org\/ImageObject\"  ><div class='avia-image-container-inner'><div class='avia-image-overlay-wrap'><img decoding=\"async\" class='wp-image-45356 avia-img-lazy-loading-not-45356 avia_image' src=\"https:\/\/radiorevelacionfm.cl\/wp-content\/uploads\/2024\/08\/vrs_hrc-2-1_optimized-1.jpg\" alt='' title='vrs_hrc-(2)-(1)_optimized (1)' height=\"600\" width=\"1049\"  itemprop=\"thumbnailUrl\" srcset=\"https:\/\/radiorevelacionfm.cl\/wp-content\/uploads\/2024\/08\/vrs_hrc-2-1_optimized-1.jpg 1049w, https:\/\/radiorevelacionfm.cl\/wp-content\/uploads\/2024\/08\/vrs_hrc-2-1_optimized-1-300x172.jpg 300w, https:\/\/radiorevelacionfm.cl\/wp-content\/uploads\/2024\/08\/vrs_hrc-2-1_optimized-1-1030x589.jpg 1030w, https:\/\/radiorevelacionfm.cl\/wp-content\/uploads\/2024\/08\/vrs_hrc-2-1_optimized-1-768x439.jpg 768w, https:\/\/radiorevelacionfm.cl\/wp-content\/uploads\/2024\/08\/vrs_hrc-2-1_optimized-1-705x403.jpg 705w, https:\/\/radiorevelacionfm.cl\/wp-content\/uploads\/2024\/08\/vrs_hrc-2-1_optimized-1-450x257.jpg 450w, https:\/\/radiorevelacionfm.cl\/wp-content\/uploads\/2024\/08\/vrs_hrc-2-1_optimized-1-600x343.jpg 600w\" sizes=\"(max-width: 1049px) 100vw, 1049px\" \/><\/div><\/div><\/div><\/div>\n<div class=\"flex_column av_one_full  flex_column_div av-zero-column-padding first  avia-builder-el-2  el_after_av_one_full  el_before_av_one_full  column-top-margin\" style='border-radius:0px; '><section class=\"av_textblock_section \"  itemscope=\"itemscope\" itemtype=\"https:\/\/schema.org\/BlogPosting\" itemprop=\"blogPost\" ><div class='avia_textblock  '   itemprop=\"text\" ><p style=\"text-align: center;\"><span style=\"font-size: 18pt;\"><strong>Alerta por Virus respiratorio sincicial: Se registran 9 hospitalizaciones de infantes en el mes de agosto en la regi\u00f3n<\/strong><\/span><\/p>\n<div id=\"gtx-trans\" style=\"position: absolute; left: -50px; top: 4.31534px;\">\n<div class=\"gtx-trans-icon\"><\/div>\n<\/div>\n<\/div><\/section><\/div><div class=\"flex_column av_one_full  flex_column_div av-zero-column-padding first  avia-builder-el-4  el_after_av_one_full  el_before_av_hr  column-top-margin\" style='border-radius:0px; '><section class=\"av_textblock_section \"  itemscope=\"itemscope\" itemtype=\"https:\/\/schema.org\/BlogPosting\" itemprop=\"blogPost\" ><div class='avia_textblock  '   itemprop=\"text\" ><p style=\"text-align: justify;\"><em>Si bien los casos son mucho menos que el a\u00f1o anterior, en lo que va del mes de agosto se reportaron las primeras hospitalizaciones del a\u00f1o 2024, incluyendo un traslado extrarregional y brotes en Coyhaique y Puerto Ays\u00e9n.<\/em><\/p>\n<p style=\"text-align: justify;\">Un total de 26 ni\u00f1os y ni\u00f1as han contra\u00eddo el Virus Respiratorio Sincicial (VRS) durante las primeras semanas del mes de agosto, de los cuales 9 han debido ser hospitalizados en los servicios de Pediatr\u00eda y UTI Pedi\u00e1trica del Hospital Regional Coyhaique, incluyendo un traslado extrarregional a la ciudad de Puerto Montt.<\/p>\n<p style=\"text-align: justify;\">Si bien el n\u00famero de casos (26) es mucho menor que lo registrado en el mismo per\u00edodo del a\u00f1o anterior (411), debido a la incorporaci\u00f3n del anticuerpo monoclonal Nirsevimab que desde abril de 2024 est\u00e1 siendo administrado a todos los nacidos desde el 01 de octubre de 2023 en adelante, actualmente esta enfermedad respiratoria est\u00e1 afectando a ni\u00f1os y ni\u00f1as entre 1 y 6 a\u00f1os, aumentando la edad promedio de los infantes.<\/p>\n<p style=\"text-align: justify;\">\u201cHan sido reforzadas las unidades de paciente cr\u00edtico pedi\u00e1trico, Urgencia Pedi\u00e1trica, unidades de apoyo como Imagenolog\u00eda y Laboratorio del Hospital Regional Coyhaique, y tambi\u00e9n los servicios de atenci\u00f3n primaria de urgencia del consultorio Alejandro Guti\u00e9rrez y del Cesfam de Puerto Ays\u00e9n\u201d, precis\u00f3 Carmen Monsalve, seremi de Salud Ays\u00e9n.<\/p>\n<p style=\"text-align: justify;\">La autoridad sanitaria agreg\u00f3 que durante la temporada 2024 se han registrado alrededor de 100 hospitalizaciones por infecciones respiratorias graves -en adultos y ni\u00f1os-, cifra que la red asistencial ha logrado sobrellevar sin mayores inconvenientes, estando preparados para el eventual aumento de enfermedades respiratorias que se pronostica para las pr\u00f3ximas semanas.<\/p>\n<p style=\"text-align: justify;\">\u201cSin embargo, la principal medida para permitir un abordaje adecuado de este periodo invernal son las medidas de autocuidado, que son todas aquellas que aprendimos durante pandemia: taparse la boca al toser, uso adecuado de mascarilla, evitar la exposici\u00f3n en ambientes de riesgo y consultar de manera temprana ante s\u00edntomas de alerta\u201d, indic\u00f3 Carmen Monsalve.<\/p>\n<p style=\"text-align: justify;\"><strong>CAMBIOS EPIDEMIOL\u00d3GICOS<\/strong><\/p>\n<p style=\"text-align: justify;\">\u201cEl efecto que ha tenido la incorporaci\u00f3n del anticuerpo monoclonal Nirsevimab ha significado una protecci\u00f3n muy importante de ni\u00f1os menores de 1 a\u00f1o con la enfermedad de neumon\u00eda grave por virus sincicial. Sin embargo, se ha desplazado la presentaci\u00f3n de esta patolog\u00eda a ni\u00f1os mayores de 1 a\u00f1o. Esta semana se traslad\u00f3 a un ni\u00f1o de 4 a\u00f1os a Puerto Montt y tenemos brotes en jardines infantiles con ni\u00f1os de 1 a 2 a\u00f1os\u201d, sostuvo Marco Acu\u00f1a, epidemi\u00f3logo de la Seremi de Salud Ays\u00e9n.<\/p>\n<p style=\"text-align: justify;\">El epidemi\u00f3logo hizo hincapi\u00e9 en que este cambio en el rango etario de las ni\u00f1as y ni\u00f1os contagiados con VRS implica que tanto los padres como cuidadores de ni\u00f1os entre 1 y 6 a\u00f1os de edad est\u00e9n atentos a los signos de alarma, para consultar a tiempo y prevenir brotes en sala cunas, jardines infantiles y colegios.<\/p>\n<p style=\"text-align: justify;\">\u201cEl mensaje es a los pap\u00e1s y cuidadores, que est\u00e9n muy pendientes de la presencia de s\u00edntomas respiratorios en ni\u00f1os mayores de 1 a\u00f1o con compromiso del estado general, rechazo a la alimentaci\u00f3n, dificultad respiratoria y fiebre para una consulta temprana, recordando que la puerta de entrada o primera consulta tiene que ser a trav\u00e9s de la atenci\u00f3n primaria, en su Cesfam o SAPU\u201d, indic\u00f3 Marco Acu\u00f1a.<\/p>\n<\/div><\/section><\/div><\/p>\n<div  style='height:50px' class='hr hr-invisible   avia-builder-el-6  el_after_av_one_full  el_before_av_social_share '><span class='hr-inner ' ><span class='hr-inner-style'><\/span><\/span><\/div>\n<div  class='av-social-sharing-box  avia-builder-el-7  el_after_av_hr  el_before_av_hr  '><div class='av-share-box'><h5 class='av-share-link-description av-no-toc '>Compartir esta noticia<\/h5><ul class='av-share-box-list noLightbox'><li class='av-share-link av-social-link-facebook' ><a target=\"_blank\" aria-label=\"Compartir en Facebook\" href='https:\/\/www.facebook.com\/sharer.php?u=https:\/\/radiorevelacionfm.cl\/?p=45355&#038;t=Alerta%20por%20Virus%20respiratorio%20sincicial%3A%20Se%20registran%209%20hospitalizaciones%20de%20infantes%20en%20el%20mes%20de%20agosto%20en%20la%20regi%C3%B3n' aria-hidden='false' data-av_icon='\ue8f3' data-av_iconfont='entypo-fontello' title='' data-avia-related-tooltip='Compartir en Facebook' rel=\"noopener\"><span class='avia_hidden_link_text'>Compartir en Facebook<\/span><\/a><\/li><li class='av-share-link av-social-link-twitter' ><a target=\"_blank\" aria-label=\"Compartir en Twitter\" href='https:\/\/twitter.com\/share?text=Alerta%20por%20Virus%20respiratorio%20sincicial%3A%20Se%20registran%209%20hospitalizaciones%20de%20infantes%20en%20el%20mes%20de%20agosto%20en%20la%20regi%C3%B3n&#038;url=https:\/\/radiorevelacionfm.cl\/?p=45355' aria-hidden='false' data-av_icon='\ue8f1' data-av_iconfont='entypo-fontello' title='' data-avia-related-tooltip='Compartir en Twitter' rel=\"noopener\"><span class='avia_hidden_link_text'>Compartir en Twitter<\/span><\/a><\/li><li class='av-share-link av-social-link-whatsapp' ><a target=\"_blank\" aria-label=\"Compartir en Whatsapp\" href='https:\/\/api.whatsapp.com\/send?text=https:\/\/radiorevelacionfm.cl\/?p=45355' aria-hidden='false' data-av_icon='\uf232' data-av_iconfont='entypo-fontello' title='' data-avia-related-tooltip='Compartir en Whatsapp' rel=\"noopener\"><span class='avia_hidden_link_text'>Compartir en Whatsapp<\/span><\/a><\/li><li class='av-share-link av-social-link-linkedin' ><a target=\"_blank\" aria-label=\"Compartir en LinkedIn\" href='https:\/\/linkedin.com\/shareArticle?mini=true&#038;title=Alerta%20por%20Virus%20respiratorio%20sincicial%3A%20Se%20registran%209%20hospitalizaciones%20de%20infantes%20en%20el%20mes%20de%20agosto%20en%20la%20regi%C3%B3n&#038;url=https:\/\/radiorevelacionfm.cl\/?p=45355' aria-hidden='false' data-av_icon='\ue8fc' data-av_iconfont='entypo-fontello' title='' data-avia-related-tooltip='Compartir en LinkedIn' rel=\"noopener\"><span class='avia_hidden_link_text'>Compartir en LinkedIn<\/span><\/a><\/li><li class='av-share-link av-social-link-mail' ><a  aria-label=\"Compartir por correo\" href='mailto:?subject=Alerta%20por%20Virus%20respiratorio%20sincicial%3A%20Se%20registran%209%20hospitalizaciones%20de%20infantes%20en%20el%20mes%20de%20agosto%20en%20la%20regi%C3%B3n&#038;body=https:\/\/radiorevelacionfm.cl\/?p=45355' aria-hidden='false' data-av_icon='\ue805' data-av_iconfont='entypo-fontello' title='' data-avia-related-tooltip='Compartir por correo'><span class='avia_hidden_link_text'>Compartir por correo<\/span><\/a><\/li><\/ul><\/div><\/div>\n<div  style='height:50px' class='hr hr-invisible   avia-builder-el-8  el_after_av_social_share  el_before_av_comments_list '><span class='hr-inner ' ><span class='hr-inner-style'><\/span><\/span><\/div>\n<div  class='av-buildercomment  av-blog-meta-html-info-disabled av-blog-meta-tag-disabled  '><\/div>\n","protected":false},"excerpt":{"rendered":"","protected":false},"author":1,"featured_media":45356,"comment_status":"open","ping_status":"open","sticky":false,"template":"","format":"standard","meta":{"footnotes":""},"categories":[46],"tags":[],"class_list":["post-45355","post","type-post","status-publish","format-standard","has-post-thumbnail","hentry","category-salud"],"jetpack_featured_media_url":"https:\/\/radiorevelacionfm.cl\/wp-content\/uploads\/2024\/08\/vrs_hrc-2-1_optimized-1.jpg","_links":{"self":[{"href":"https:\/\/radiorevelacionfm.cl\/index.php?rest_route=\/wp\/v2\/posts\/45355","targetHints":{"allow":["GET"]}}],"collection":[{"href":"https:\/\/radiorevelacionfm.cl\/index.php?rest_route=\/wp\/v2\/posts"}],"about":[{"href":"https:\/\/radiorevelacionfm.cl\/index.php?rest_route=\/wp\/v2\/types\/post"}],"author":[{"embeddable":true,"href":"https:\/\/radiorevelacionfm.cl\/index.php?rest_route=\/wp\/v2\/users\/1"}],"replies":[{"embeddable":true,"href":"https:\/\/radiorevelacionfm.cl\/index.php?rest_route=%2Fwp%2Fv2%2Fcomments&post=45355"}],"version-history":[{"count":2,"href":"https:\/\/radiorevelacionfm.cl\/index.php?rest_route=\/wp\/v2\/posts\/45355\/revisions"}],"predecessor-version":[{"id":45358,"href":"https:\/\/radiorevelacionfm.cl\/index.php?rest_route=\/wp\/v2\/posts\/45355\/revisions\/45358"}],"wp:featuredmedia":[{"embeddable":true,"href":"https:\/\/radiorevelacionfm.cl\/index.php?rest_route=\/wp\/v2\/media\/45356"}],"wp:attachment":[{"href":"https:\/\/radiorevelacionfm.cl\/index.php?rest_route=%2Fwp%2Fv2%2Fmedia&parent=45355"}],"wp:term":[{"taxonomy":"category","embeddable":true,"href":"https:\/\/radiorevelacionfm.cl\/index.php?rest_route=%2Fwp%2Fv2%2Fcategories&post=45355"},{"taxonomy":"post_tag","embeddable":true,"href":"https:\/\/radiorevelacionfm.cl\/index.php?rest_route=%2Fwp%2Fv2%2Ftags&post=45355"}],"curies":[{"name":"wp","href":"https:\/\/api.w.org\/{rel}","templated":true}]}}