{"id":45352,"date":"2024-08-21T18:24:02","date_gmt":"2024-08-21T21:24:02","guid":{"rendered":"https:\/\/radiorevelacionfm.cl\/?p=45352"},"modified":"2024-08-21T18:24:02","modified_gmt":"2024-08-21T21:24:02","slug":"acuerdan-hoja-de-ruta-para-mejorar-sistema-de-energia-electrica-en-la-region-y-enfrentar-alza-de-tarifas-electricas","status":"publish","type":"post","link":"https:\/\/radiorevelacionfm.cl\/?p=45352","title":{"rendered":"Acuerdan hoja de ruta para mejorar sistema de energ\u00eda el\u00e9ctrica en la regi\u00f3n y enfrentar alza de tarifas el\u00e9ctricas"},"content":{"rendered":"<div class=\"flex_column av_one_full  flex_column_div av-zero-column-padding first  avia-builder-el-0  el_before_av_one_full  avia-builder-el-first  \" style='border-radius:0px; '><div  class='avia-image-container  av-styling-    avia-builder-el-1  avia-builder-el-no-sibling  avia-align-center '  itemprop=\"image\" itemscope=\"itemscope\" itemtype=\"https:\/\/schema.org\/ImageObject\"  ><div class='avia-image-container-inner'><div class='avia-image-overlay-wrap'><img decoding=\"async\" class='wp-image-45353 avia-img-lazy-loading-not-45353 avia_image' src=\"https:\/\/radiorevelacionfm.cl\/wp-content\/uploads\/2024\/08\/whatsapp-image-2024-08-20-at-4_optimized.06.52-pm-1.jpeg\" alt='' title='whatsapp-image-2024-08-20-at-4_optimized.06.52-pm-(1)' height=\"668\" width=\"800\"  itemprop=\"thumbnailUrl\" srcset=\"https:\/\/radiorevelacionfm.cl\/wp-content\/uploads\/2024\/08\/whatsapp-image-2024-08-20-at-4_optimized.06.52-pm-1.jpeg 800w, https:\/\/radiorevelacionfm.cl\/wp-content\/uploads\/2024\/08\/whatsapp-image-2024-08-20-at-4_optimized.06.52-pm-1-300x251.jpeg 300w, https:\/\/radiorevelacionfm.cl\/wp-content\/uploads\/2024\/08\/whatsapp-image-2024-08-20-at-4_optimized.06.52-pm-1-768x641.jpeg 768w, https:\/\/radiorevelacionfm.cl\/wp-content\/uploads\/2024\/08\/whatsapp-image-2024-08-20-at-4_optimized.06.52-pm-1-705x589.jpeg 705w, https:\/\/radiorevelacionfm.cl\/wp-content\/uploads\/2024\/08\/whatsapp-image-2024-08-20-at-4_optimized.06.52-pm-1-450x376.jpeg 450w, https:\/\/radiorevelacionfm.cl\/wp-content\/uploads\/2024\/08\/whatsapp-image-2024-08-20-at-4_optimized.06.52-pm-1-600x501.jpeg 600w\" sizes=\"(max-width: 800px) 100vw, 800px\" \/><\/div><\/div><\/div><\/div><div class=\"flex_column av_one_full  flex_column_div av-zero-column-padding first  avia-builder-el-2  el_after_av_one_full  el_before_av_one_full  column-top-margin\" style='border-radius:0px; '><section class=\"av_textblock_section \"  itemscope=\"itemscope\" itemtype=\"https:\/\/schema.org\/BlogPosting\" itemprop=\"blogPost\" ><div class='avia_textblock  '   itemprop=\"text\" ><p style=\"text-align: center;\"><strong><span style=\"font-size: 18pt;\">Acuerdan hoja de ruta para mejorar sistema de energ\u00eda el\u00e9ctrica en la regi\u00f3n y enfrentar alza de tarifas el\u00e9ctricas<\/span><\/strong><\/p>\n<div id=\"gtx-trans\" style=\"position: absolute; left: -50px; top: 4.31534px;\">\n<div class=\"gtx-trans-icon\"><\/div>\n<\/div>\n<\/div><\/section><\/div><div class=\"flex_column av_one_full  flex_column_div av-zero-column-padding first  avia-builder-el-4  el_after_av_one_full  el_before_av_hr  column-top-margin\" style='border-radius:0px; '><section class=\"av_textblock_section \"  itemscope=\"itemscope\" itemtype=\"https:\/\/schema.org\/BlogPosting\" itemprop=\"blogPost\" ><div class='avia_textblock  '   itemprop=\"text\" ><p class=\"v1MsoNormal\" style=\"text-align: justify;\"><span lang=\"ES-TRAD\">El ministro de Hacienda, Mario Marcel, y la Gobernadora Regional de la Regi\u00f3n de Ays\u00e9n, Andrea Mac\u00edas acuerdan una hoja de ruta que contempla una serie de mejoras a las tarifas el\u00e9ctricas y al sistema de energ\u00eda el\u00e9ctrica de la regi\u00f3n.<\/span><\/p>\n<p class=\"v1MsoNormal\" style=\"text-align: justify;\" align=\"center\"><span lang=\"ES-TRAD\">1) <\/span><span lang=\"ES-TRAD\">Se recogen las propuestas impulsadas desde la regi\u00f3n respecto de generar equidad tarifaria de generaci\u00f3n al incluir a los sistemas medianos dentro del precio nudo promedio del Sistema El\u00e9ctrico Nacional (SEN), as\u00ed como de equidad en las tarifas de distribuci\u00f3n, todo ello con la meta de que estas sean aprobadas por el Congreso Nacional antes de fin de a\u00f1o. Estas propuestas est\u00e1n contenidas en el Proyecto de Ley de Sistemas Medianos, por lo que se ha concordado con el Ministerio de Energ\u00eda y SEGPRES darle suma urgencia a la tramitaci\u00f3n de manera que comience a votarse la pr\u00f3xima semana.<\/span><\/p>\n<p class=\"v1gmail-MsoListParagraphCxSpMiddle\" style=\"text-align: justify;\"><span lang=\"ES-TRAD\">2) <\/span><span lang=\"ES-TRAD\">Dado que el Proyecto de Ley de Sistemas Medianos contiene un tratamiento integral, adem\u00e1s podr\u00e1 responder a otras demandas de la regi\u00f3n en temas de energ\u00eda el\u00e9ctrica, tales como incentivos para aumentar la inversi\u00f3n en energ\u00edas renovables y la participaci\u00f3n ciudadana en la definici\u00f3n de los planes de desarrollo.<\/span><\/p>\n<p class=\"v1gmail-MsoListParagraphCxSpMiddle\" style=\"text-align: justify;\"><span lang=\"ES-TRAD\">3) <\/span><span lang=\"ES-TRAD\">Se evaluar\u00e1 la necesidad de introducir ajustes e indicaciones que permitan reducir las diferencias que existan entre el Proyecto de Ley de Sistemas Medianos y las propuestas presentadas por el Gobierno Regional de Ays\u00e9n en la Comisi\u00f3n de Zonas Extremas de la C\u00e1mara de Diputadas y Diputados. Se monitorear\u00e1 el avance del proyecto de manera de evitar cualquier dificultad que ponga en duda el plazo de aprobaci\u00f3n del Proyecto de Ley.<\/span><\/p>\n<p class=\"v1gmail-MsoListParagraphCxSpMiddle\" style=\"text-align: justify;\"><span lang=\"ES-TRAD\">4)\u00a0 <\/span><span lang=\"ES-TRAD\">En cuanto a los subsidios de las tarifas el\u00e9ctricas:<\/span><\/p>\n<p class=\"v1gmail-MsoListParagraphCxSpMiddle\" style=\"text-align: justify;\"><span lang=\"ES-TRAD\">a. <\/span>Se ampliar\u00e1 la cobertura del subsidio para beneficiar a 29.179 hogares de la regi\u00f3n de Ays\u00e9n pertenecientes al 40% m\u00e1s pobre del Registro Social de Hogares (RSH) que podr\u00e1n acceder a un subsidio a las cuentas de la electricidad entre los a\u00f1os 2025 y 2027, sin perjuicio de otorgar el subsidio ya aprobado en la Ley 21.667, a los hogares que postularon durante 2024 a este beneficio.<\/p>\n<p class=\"v1gmail-MsoListParagraphCxSpMiddle\" style=\"text-align: justify;\">b. Estos hogares contar\u00e1n con un subsidio 20% mayor a los hogares ubicados desde la regi\u00f3n de Los Lagos hacia el norte, al estar en zonas de suministro de Sistemas Medianos. Esto atiende a los altos costos del suministro de electricidad en esas zonas y las escasas horas de luz que reciben en algunas \u00e9pocas del a\u00f1o. Con esto, el monto del subsidio ser\u00e1 de entre $55.000 y $95.000 semestrales, dependiendo del tama\u00f1o del hogar.<\/p>\n<p class=\"v1gmail-MsoListParagraphCxSpMiddle\" style=\"text-align: justify;\">c. Se establecer\u00e1 un subsidio adicional para hogares en que habiten personas electrodependientes, equivalente a 150 kW\/h al mes.<\/p>\n<p class=\"v1gmail-MsoListParagraphCxSpMiddle\" style=\"text-align: justify;\">d. Asimismo, las MiPymes m\u00e1s intens<span lang=\"ES\">iv<\/span>as en el uso de la energ\u00eda<span lang=\"ES\">\u00a0el\u00e9ctrica<\/span>, podr\u00e1n comprar energ\u00eda a un menor precio al que actualmente acceden, equivalente al Precio de Nudo de Corto Plazo existente en el Sistema El\u00e9ctrico Nacional. Existir\u00e1 un proceso de postulaci\u00f3n que considerar\u00e1 criterios objetivos de focalizaci\u00f3n. Todas las MiPymes podr\u00e1n postular, incluyendo a aquellas conectadas en Sistemas Medianos como las de la regi\u00f3n de Ays\u00e9n.<\/p>\n<p class=\"v1gmail-MsoListParagraphCxSpMiddle\" style=\"text-align: justify;\">5) Se har\u00e1n mejoras en el proceso administrativo y de inversi\u00f3n de la infraestructura t\u00e9rmica orientadas a mejorar el abastecimiento y el almacenamiento en la regi\u00f3n.<\/p>\n<p class=\"v1gmail-MsoListParagraphCxSpMiddle\" style=\"text-align: justify;\">6) Se aprovechar\u00e1n las condiciones de financiamiento de inversi\u00f3n en Energ\u00eda Renovables No Convencionales que ofrece el art\u00edculo 6 del Acuerdo de Par\u00eds. En concreto, esto supone acuerdos de financiamiento con el Gobierno Suizo para financiar proyectos de energ\u00eda renovable en la regi\u00f3n.<\/p>\n<p class=\"v1gmail-MsoListParagraphCxSpLast\" style=\"text-align: justify;\">7) Se desarrollar\u00e1n medidas de apoyo para la autogeneraci\u00f3n con fuentes de energ\u00eda renovable, para las micro y medianas empresas mediante un programa de apoyo econ\u00f3mico que est\u00e1 en dise\u00f1o.<\/p>\n<div style=\"text-align: justify;\"><\/div>\n<\/div><\/section><\/div><div  style='height:50px' class='hr hr-invisible   avia-builder-el-6  el_after_av_one_full  el_before_av_social_share '><span class='hr-inner ' ><span class='hr-inner-style'><\/span><\/span><\/div><\/p>\n<div  class='av-social-sharing-box  avia-builder-el-7  el_after_av_hr  el_before_av_hr  '><div class='av-share-box'><h5 class='av-share-link-description av-no-toc '>Compartir esta noticia<\/h5><ul class='av-share-box-list noLightbox'><li class='av-share-link av-social-link-facebook' ><a target=\"_blank\" aria-label=\"Compartir en Facebook\" href='https:\/\/www.facebook.com\/sharer.php?u=https:\/\/radiorevelacionfm.cl\/?p=45352&#038;t=Acuerdan%20hoja%20de%20ruta%20para%20mejorar%20sistema%20de%20energ%C3%ADa%20el%C3%A9ctrica%20en%20la%20regi%C3%B3n%20y%20enfrentar%20alza%20de%20tarifas%20el%C3%A9ctricas' aria-hidden='false' data-av_icon='\ue8f3' data-av_iconfont='entypo-fontello' title='' data-avia-related-tooltip='Compartir en Facebook' rel=\"noopener\"><span class='avia_hidden_link_text'>Compartir en Facebook<\/span><\/a><\/li><li class='av-share-link av-social-link-twitter' ><a target=\"_blank\" aria-label=\"Compartir en Twitter\" href='https:\/\/twitter.com\/share?text=Acuerdan%20hoja%20de%20ruta%20para%20mejorar%20sistema%20de%20energ%C3%ADa%20el%C3%A9ctrica%20en%20la%20regi%C3%B3n%20y%20enfrentar%20alza%20de%20tarifas%20el%C3%A9ctricas&#038;url=https:\/\/radiorevelacionfm.cl\/?p=45352' aria-hidden='false' data-av_icon='\ue8f1' data-av_iconfont='entypo-fontello' title='' data-avia-related-tooltip='Compartir en Twitter' rel=\"noopener\"><span class='avia_hidden_link_text'>Compartir en Twitter<\/span><\/a><\/li><li class='av-share-link av-social-link-whatsapp' ><a target=\"_blank\" aria-label=\"Compartir en Whatsapp\" href='https:\/\/api.whatsapp.com\/send?text=https:\/\/radiorevelacionfm.cl\/?p=45352' aria-hidden='false' data-av_icon='\uf232' data-av_iconfont='entypo-fontello' title='' data-avia-related-tooltip='Compartir en Whatsapp' rel=\"noopener\"><span class='avia_hidden_link_text'>Compartir en Whatsapp<\/span><\/a><\/li><li class='av-share-link av-social-link-linkedin' ><a target=\"_blank\" aria-label=\"Compartir en LinkedIn\" href='https:\/\/linkedin.com\/shareArticle?mini=true&#038;title=Acuerdan%20hoja%20de%20ruta%20para%20mejorar%20sistema%20de%20energ%C3%ADa%20el%C3%A9ctrica%20en%20la%20regi%C3%B3n%20y%20enfrentar%20alza%20de%20tarifas%20el%C3%A9ctricas&#038;url=https:\/\/radiorevelacionfm.cl\/?p=45352' aria-hidden='false' data-av_icon='\ue8fc' data-av_iconfont='entypo-fontello' title='' data-avia-related-tooltip='Compartir en LinkedIn' rel=\"noopener\"><span class='avia_hidden_link_text'>Compartir en LinkedIn<\/span><\/a><\/li><li class='av-share-link av-social-link-mail' ><a  aria-label=\"Compartir por correo\" href='mailto:?subject=Acuerdan%20hoja%20de%20ruta%20para%20mejorar%20sistema%20de%20energ%C3%ADa%20el%C3%A9ctrica%20en%20la%20regi%C3%B3n%20y%20enfrentar%20alza%20de%20tarifas%20el%C3%A9ctricas&#038;body=https:\/\/radiorevelacionfm.cl\/?p=45352' aria-hidden='false' data-av_icon='\ue805' data-av_iconfont='entypo-fontello' title='' data-avia-related-tooltip='Compartir por correo'><span class='avia_hidden_link_text'>Compartir por correo<\/span><\/a><\/li><\/ul><\/div><\/div>\n<div  style='height:50px' class='hr hr-invisible   avia-builder-el-8  el_after_av_social_share  el_before_av_comments_list '><span class='hr-inner ' ><span class='hr-inner-style'><\/span><\/span><\/div>\n<div  class='av-buildercomment  av-blog-meta-html-info-disabled av-blog-meta-tag-disabled  '><\/div>\n","protected":false},"excerpt":{"rendered":"","protected":false},"author":1,"featured_media":45353,"comment_status":"open","ping_status":"open","sticky":false,"template":"","format":"standard","meta":{"footnotes":""},"categories":[38],"tags":[],"class_list":["post-45352","post","type-post","status-publish","format-standard","has-post-thumbnail","hentry","category-regional"],"jetpack_featured_media_url":"https:\/\/radiorevelacionfm.cl\/wp-content\/uploads\/2024\/08\/whatsapp-image-2024-08-20-at-4_optimized.06.52-pm-1.jpeg","_links":{"self":[{"href":"https:\/\/radiorevelacionfm.cl\/index.php?rest_route=\/wp\/v2\/posts\/45352","targetHints":{"allow":["GET"]}}],"collection":[{"href":"https:\/\/radiorevelacionfm.cl\/index.php?rest_route=\/wp\/v2\/posts"}],"about":[{"href":"https:\/\/radiorevelacionfm.cl\/index.php?rest_route=\/wp\/v2\/types\/post"}],"author":[{"embeddable":true,"href":"https:\/\/radiorevelacionfm.cl\/index.php?rest_route=\/wp\/v2\/users\/1"}],"replies":[{"embeddable":true,"href":"https:\/\/radiorevelacionfm.cl\/index.php?rest_route=%2Fwp%2Fv2%2Fcomments&post=45352"}],"version-history":[{"count":1,"href":"https:\/\/radiorevelacionfm.cl\/index.php?rest_route=\/wp\/v2\/posts\/45352\/revisions"}],"predecessor-version":[{"id":45354,"href":"https:\/\/radiorevelacionfm.cl\/index.php?rest_route=\/wp\/v2\/posts\/45352\/revisions\/45354"}],"wp:featuredmedia":[{"embeddable":true,"href":"https:\/\/radiorevelacionfm.cl\/index.php?rest_route=\/wp\/v2\/media\/45353"}],"wp:attachment":[{"href":"https:\/\/radiorevelacionfm.cl\/index.php?rest_route=%2Fwp%2Fv2%2Fmedia&parent=45352"}],"wp:term":[{"taxonomy":"category","embeddable":true,"href":"https:\/\/radiorevelacionfm.cl\/index.php?rest_route=%2Fwp%2Fv2%2Fcategories&post=45352"},{"taxonomy":"post_tag","embeddable":true,"href":"https:\/\/radiorevelacionfm.cl\/index.php?rest_route=%2Fwp%2Fv2%2Ftags&post=45352"}],"curies":[{"name":"wp","href":"https:\/\/api.w.org\/{rel}","templated":true}]}}