{"id":45345,"date":"2024-08-21T15:44:45","date_gmt":"2024-08-21T18:44:45","guid":{"rendered":"https:\/\/radiorevelacionfm.cl\/?p=45345"},"modified":"2024-08-21T15:44:45","modified_gmt":"2024-08-21T18:44:45","slug":"comercio-valora-dialogo-con-ministro-de-hacienda-y-hoja-ruta-para-alcanzar-equidad-tarifaria","status":"publish","type":"post","link":"https:\/\/radiorevelacionfm.cl\/?p=45345","title":{"rendered":"Comercio valora di\u00e1logo con Ministro de Hacienda y hoja ruta para alcanzar equidad tarifaria"},"content":{"rendered":"<div class=\"flex_column av_one_full  flex_column_div av-zero-column-padding first  avia-builder-el-0  el_before_av_one_full  avia-builder-el-first  \" style='border-radius:0px; '><div  class='avia-image-container  av-styling-    avia-builder-el-1  avia-builder-el-no-sibling  avia-align-center '  itemprop=\"image\" itemscope=\"itemscope\" itemtype=\"https:\/\/schema.org\/ImageObject\"  ><div class='avia-image-container-inner'><div class='avia-image-overlay-wrap'><img decoding=\"async\" class='wp-image-45349 avia-img-lazy-loading-not-45349 avia_image' src=\"https:\/\/radiorevelacionfm.cl\/wp-content\/uploads\/2024\/08\/whatsapp-image-2024-08-21-at-12_optimized.51.03-pm-2-1.jpeg\" alt='' title='whatsapp-image-2024-08-21-at-12_optimized.51.03-pm-(2)-(1)' height=\"600\" width=\"980\"  itemprop=\"thumbnailUrl\" srcset=\"https:\/\/radiorevelacionfm.cl\/wp-content\/uploads\/2024\/08\/whatsapp-image-2024-08-21-at-12_optimized.51.03-pm-2-1.jpeg 980w, https:\/\/radiorevelacionfm.cl\/wp-content\/uploads\/2024\/08\/whatsapp-image-2024-08-21-at-12_optimized.51.03-pm-2-1-300x184.jpeg 300w, https:\/\/radiorevelacionfm.cl\/wp-content\/uploads\/2024\/08\/whatsapp-image-2024-08-21-at-12_optimized.51.03-pm-2-1-768x470.jpeg 768w, https:\/\/radiorevelacionfm.cl\/wp-content\/uploads\/2024\/08\/whatsapp-image-2024-08-21-at-12_optimized.51.03-pm-2-1-705x432.jpeg 705w, https:\/\/radiorevelacionfm.cl\/wp-content\/uploads\/2024\/08\/whatsapp-image-2024-08-21-at-12_optimized.51.03-pm-2-1-450x276.jpeg 450w, https:\/\/radiorevelacionfm.cl\/wp-content\/uploads\/2024\/08\/whatsapp-image-2024-08-21-at-12_optimized.51.03-pm-2-1-600x367.jpeg 600w\" sizes=\"(max-width: 980px) 100vw, 980px\" \/><\/div><\/div><\/div><\/div><div class=\"flex_column av_one_full  flex_column_div av-zero-column-padding first  avia-builder-el-2  el_after_av_one_full  el_before_av_one_full  column-top-margin\" style='border-radius:0px; '><section class=\"av_textblock_section \"  itemscope=\"itemscope\" itemtype=\"https:\/\/schema.org\/BlogPosting\" itemprop=\"blogPost\" ><div class='avia_textblock  '   itemprop=\"text\" ><p style=\"text-align: center;\"><strong><span style=\"font-size: 18pt;\">Comercio valora di\u00e1logo con Ministro de Hacienda y hoja ruta para alcanzar equidad tarifaria<\/span><\/strong><\/p>\n<div id=\"gtx-trans\" style=\"position: absolute; left: -50px; top: 4.31534px;\">\n<div class=\"gtx-trans-icon\"><\/div>\n<\/div>\n<\/div><\/section><\/div><\/p>\n<div class=\"flex_column av_one_full  flex_column_div av-zero-column-padding first  avia-builder-el-4  el_after_av_one_full  el_before_av_hr  column-top-margin\" style='border-radius:0px; '><section class=\"av_textblock_section \"  itemscope=\"itemscope\" itemtype=\"https:\/\/schema.org\/BlogPosting\" itemprop=\"blogPost\" ><div class='avia_textblock  '   itemprop=\"text\" ><p style=\"font-weight: 400; text-align: justify;\">Como un paso importante en el camino a concretar las expectativas y mirada que requieren las familias de la Regi\u00f3n de Ays\u00e9n en materia de costos de la energ\u00eda, estim\u00f3 el gremio del Comercio de Coyhaique, tras sostener encuentros este martes con el ministro de Hacienda, Mario Marcel, en la capital regional.<\/p>\n<p style=\"font-weight: 400; text-align: justify;\">\u201cValoramos el espacio de di\u00e1logo para escuchar a los gremios y en especial la propuesta que pudimos exponer al ministro de Hacienda, y que permiti\u00f3 que se estableciera un acuerdo para acoger la propuesta de Equidad Tarifaria Regional y sobre el proyecto de ley de Sistemas Medianos, que como sector econ\u00f3mico de Coyhaique y Ays\u00e9n nos brinde condiciones de competitividad acorde a las que existe en el resto del pa\u00eds\u201d, se\u00f1al\u00f3 Daissy Mondelo, Presidenta de la C\u00e1mara de Comercio, Servicios, Industrias y Turismo de Coyhaique A.G.<\/p>\n<p style=\"font-weight: 400; text-align: justify;\">Para el gremio de la capital regional el compromiso del Gobierno para alcanzar una soluci\u00f3n antes de fin de a\u00f1o y contar con una \u201cHoja de Ruta\u201d sobre materias legislativas que impulsar\u00e1n las autoridades nacionales es un principio de avance, que hay que monitorear permanentemente.<\/p>\n<p style=\"font-weight: 400; text-align: justify;\">\u201cEntendemos y estamos conscientes que tener una soluci\u00f3n no ser\u00e1 de un d\u00eda para otro, sin embargo, esperamos en ese sentido ser parte activa de la \u2018Hoja de Ruta\u2019 se\u00f1alada por las autoridades, y contar con un cronograma claro y una mesa de trabajo para ir conociendo los avances y aportando al proceso\u201d, agreg\u00f3 Mondelo.<\/p>\n<p style=\"font-weight: 400; text-align: justify;\">Finalmente, la timonel del Comercio de Coyhaique resalt\u00f3 positivamente, en materia de subsidios, el anuncio de beneficio a los casi 30 mil hogares de la zona con aumento de cobertura y montos semestrales. Sin embargo, concluy\u00f3 que es necesario trabajar en detalle algunas medidas y sus criterios, especialmente, respecto de la definici\u00f3n y focalizaci\u00f3n para las denominadas \u201cMiPymes m\u00e1s intensivas en el uso de la energ\u00eda el\u00e9ctrica\u201d, para que realmente puedan comprar energ\u00eda a un menor precio al que actualmente acceden, y su impacto alcance al mayor n\u00famero en la regi\u00f3n.<\/p>\n<\/div><\/section><\/div>\n<div  style='height:50px' class='hr hr-invisible   avia-builder-el-6  el_after_av_one_full  el_before_av_social_share '><span class='hr-inner ' ><span class='hr-inner-style'><\/span><\/span><\/div>\n<div  class='av-social-sharing-box  avia-builder-el-7  el_after_av_hr  el_before_av_hr  '><div class='av-share-box'><h5 class='av-share-link-description av-no-toc '>Compartir esta noticia<\/h5><ul class='av-share-box-list noLightbox'><li class='av-share-link av-social-link-facebook' ><a target=\"_blank\" aria-label=\"Compartir en Facebook\" href='https:\/\/www.facebook.com\/sharer.php?u=https:\/\/radiorevelacionfm.cl\/?p=45345&#038;t=Comercio%20valora%20di%C3%A1logo%20con%20Ministro%20de%20Hacienda%20y%20hoja%20ruta%20para%20alcanzar%20equidad%20tarifaria' aria-hidden='false' data-av_icon='\ue8f3' data-av_iconfont='entypo-fontello' title='' data-avia-related-tooltip='Compartir en Facebook' rel=\"noopener\"><span class='avia_hidden_link_text'>Compartir en Facebook<\/span><\/a><\/li><li class='av-share-link av-social-link-twitter' ><a target=\"_blank\" aria-label=\"Compartir en Twitter\" href='https:\/\/twitter.com\/share?text=Comercio%20valora%20di%C3%A1logo%20con%20Ministro%20de%20Hacienda%20y%20hoja%20ruta%20para%20alcanzar%20equidad%20tarifaria&#038;url=https:\/\/radiorevelacionfm.cl\/?p=45345' aria-hidden='false' data-av_icon='\ue8f1' data-av_iconfont='entypo-fontello' title='' data-avia-related-tooltip='Compartir en Twitter' rel=\"noopener\"><span class='avia_hidden_link_text'>Compartir en Twitter<\/span><\/a><\/li><li class='av-share-link av-social-link-whatsapp' ><a target=\"_blank\" aria-label=\"Compartir en Whatsapp\" href='https:\/\/api.whatsapp.com\/send?text=https:\/\/radiorevelacionfm.cl\/?p=45345' aria-hidden='false' data-av_icon='\uf232' data-av_iconfont='entypo-fontello' title='' data-avia-related-tooltip='Compartir en Whatsapp' rel=\"noopener\"><span class='avia_hidden_link_text'>Compartir en Whatsapp<\/span><\/a><\/li><li class='av-share-link av-social-link-linkedin' ><a target=\"_blank\" aria-label=\"Compartir en LinkedIn\" href='https:\/\/linkedin.com\/shareArticle?mini=true&#038;title=Comercio%20valora%20di%C3%A1logo%20con%20Ministro%20de%20Hacienda%20y%20hoja%20ruta%20para%20alcanzar%20equidad%20tarifaria&#038;url=https:\/\/radiorevelacionfm.cl\/?p=45345' aria-hidden='false' data-av_icon='\ue8fc' data-av_iconfont='entypo-fontello' title='' data-avia-related-tooltip='Compartir en LinkedIn' rel=\"noopener\"><span class='avia_hidden_link_text'>Compartir en LinkedIn<\/span><\/a><\/li><li class='av-share-link av-social-link-mail' ><a  aria-label=\"Compartir por correo\" href='mailto:?subject=Comercio%20valora%20di%C3%A1logo%20con%20Ministro%20de%20Hacienda%20y%20hoja%20ruta%20para%20alcanzar%20equidad%20tarifaria&#038;body=https:\/\/radiorevelacionfm.cl\/?p=45345' aria-hidden='false' data-av_icon='\ue805' data-av_iconfont='entypo-fontello' title='' data-avia-related-tooltip='Compartir por correo'><span class='avia_hidden_link_text'>Compartir por correo<\/span><\/a><\/li><\/ul><\/div><\/div>\n<div  style='height:50px' class='hr hr-invisible   avia-builder-el-8  el_after_av_social_share  el_before_av_comments_list '><span class='hr-inner ' ><span class='hr-inner-style'><\/span><\/span><\/div>\n<div  class='av-buildercomment  av-blog-meta-html-info-disabled av-blog-meta-tag-disabled  '><\/div>\n","protected":false},"excerpt":{"rendered":"","protected":false},"author":1,"featured_media":45349,"comment_status":"open","ping_status":"open","sticky":false,"template":"","format":"standard","meta":{"footnotes":""},"categories":[38],"tags":[],"class_list":["post-45345","post","type-post","status-publish","format-standard","has-post-thumbnail","hentry","category-regional"],"jetpack_featured_media_url":"https:\/\/radiorevelacionfm.cl\/wp-content\/uploads\/2024\/08\/whatsapp-image-2024-08-21-at-12_optimized.51.03-pm-2-1.jpeg","_links":{"self":[{"href":"https:\/\/radiorevelacionfm.cl\/index.php?rest_route=\/wp\/v2\/posts\/45345","targetHints":{"allow":["GET"]}}],"collection":[{"href":"https:\/\/radiorevelacionfm.cl\/index.php?rest_route=\/wp\/v2\/posts"}],"about":[{"href":"https:\/\/radiorevelacionfm.cl\/index.php?rest_route=\/wp\/v2\/types\/post"}],"author":[{"embeddable":true,"href":"https:\/\/radiorevelacionfm.cl\/index.php?rest_route=\/wp\/v2\/users\/1"}],"replies":[{"embeddable":true,"href":"https:\/\/radiorevelacionfm.cl\/index.php?rest_route=%2Fwp%2Fv2%2Fcomments&post=45345"}],"version-history":[{"count":2,"href":"https:\/\/radiorevelacionfm.cl\/index.php?rest_route=\/wp\/v2\/posts\/45345\/revisions"}],"predecessor-version":[{"id":45350,"href":"https:\/\/radiorevelacionfm.cl\/index.php?rest_route=\/wp\/v2\/posts\/45345\/revisions\/45350"}],"wp:featuredmedia":[{"embeddable":true,"href":"https:\/\/radiorevelacionfm.cl\/index.php?rest_route=\/wp\/v2\/media\/45349"}],"wp:attachment":[{"href":"https:\/\/radiorevelacionfm.cl\/index.php?rest_route=%2Fwp%2Fv2%2Fmedia&parent=45345"}],"wp:term":[{"taxonomy":"category","embeddable":true,"href":"https:\/\/radiorevelacionfm.cl\/index.php?rest_route=%2Fwp%2Fv2%2Fcategories&post=45345"},{"taxonomy":"post_tag","embeddable":true,"href":"https:\/\/radiorevelacionfm.cl\/index.php?rest_route=%2Fwp%2Fv2%2Ftags&post=45345"}],"curies":[{"name":"wp","href":"https:\/\/api.w.org\/{rel}","templated":true}]}}