{"id":45340,"date":"2024-08-21T13:36:15","date_gmt":"2024-08-21T16:36:15","guid":{"rendered":"https:\/\/radiorevelacionfm.cl\/?p=45340"},"modified":"2024-08-21T13:36:15","modified_gmt":"2024-08-21T16:36:15","slug":"lanzan-segunda-version-del-premio-territorio-circular","status":"publish","type":"post","link":"https:\/\/radiorevelacionfm.cl\/?p=45340","title":{"rendered":"Lanzan segunda versi\u00f3n del Premio \u00abTerritorio Circular\u00bb"},"content":{"rendered":"<div class=\"flex_column av_one_full  flex_column_div av-zero-column-padding first  avia-builder-el-0  el_before_av_one_full  avia-builder-el-first  \" style='border-radius:0px; '><div  class='avia-image-container  av-styling-    avia-builder-el-1  avia-builder-el-no-sibling  avia-align-center '  itemprop=\"image\" itemscope=\"itemscope\" itemtype=\"https:\/\/schema.org\/ImageObject\"  ><div class='avia-image-container-inner'><div class='avia-image-overlay-wrap'><img decoding=\"async\" class='wp-image-45343 avia-img-lazy-loading-not-45343 avia_image' src=\"https:\/\/radiorevelacionfm.cl\/wp-content\/uploads\/2024\/08\/territorio-circular-1-1-1-1-1.jpg\" alt='' title='territorio circular 1 (1) (1) (1) (1)' height=\"600\" width=\"849\"  itemprop=\"thumbnailUrl\" srcset=\"https:\/\/radiorevelacionfm.cl\/wp-content\/uploads\/2024\/08\/territorio-circular-1-1-1-1-1.jpg 849w, https:\/\/radiorevelacionfm.cl\/wp-content\/uploads\/2024\/08\/territorio-circular-1-1-1-1-1-300x212.jpg 300w, https:\/\/radiorevelacionfm.cl\/wp-content\/uploads\/2024\/08\/territorio-circular-1-1-1-1-1-768x543.jpg 768w, https:\/\/radiorevelacionfm.cl\/wp-content\/uploads\/2024\/08\/territorio-circular-1-1-1-1-1-260x185.jpg 260w, https:\/\/radiorevelacionfm.cl\/wp-content\/uploads\/2024\/08\/territorio-circular-1-1-1-1-1-705x498.jpg 705w, https:\/\/radiorevelacionfm.cl\/wp-content\/uploads\/2024\/08\/territorio-circular-1-1-1-1-1-450x318.jpg 450w, https:\/\/radiorevelacionfm.cl\/wp-content\/uploads\/2024\/08\/territorio-circular-1-1-1-1-1-600x424.jpg 600w\" sizes=\"(max-width: 849px) 100vw, 849px\" \/><\/div><\/div><\/div><\/div><div class=\"flex_column av_one_full  flex_column_div av-zero-column-padding first  avia-builder-el-2  el_after_av_one_full  el_before_av_one_full  column-top-margin\" style='border-radius:0px; '><section class=\"av_textblock_section \"  itemscope=\"itemscope\" itemtype=\"https:\/\/schema.org\/BlogPosting\" itemprop=\"blogPost\" ><div class='avia_textblock  '   itemprop=\"text\" ><p style=\"text-align: center;\"><span style=\"font-size: 18pt;\"><b><span lang=\"es\">Lanzan segunda versi\u00f3n del Premio \u00abTerritorio Circular\u00bb<\/span><\/b><\/span><\/p>\n<div id=\"gtx-trans\" style=\"position: absolute; left: -50px; top: 4.31534px;\">\n<div class=\"gtx-trans-icon\"><\/div>\n<\/div>\n<\/div><\/section><\/div><div class=\"flex_column av_one_full  flex_column_div av-zero-column-padding first  avia-builder-el-4  el_after_av_one_full  el_before_av_hr  column-top-margin\" style='border-radius:0px; '><section class=\"av_textblock_section \"  itemscope=\"itemscope\" itemtype=\"https:\/\/schema.org\/BlogPosting\" itemprop=\"blogPost\" ><div class='avia_textblock  '   itemprop=\"text\" ><p style=\"text-align: justify;\"><i><span lang=\"es\">El reconocimiento, impulsado por Sofofa Hub, busca promover y apoyar a empresas e industrias en el uso de mecanismos que incorporen modelos de econom\u00eda circular. Las postulaciones estar\u00e1n abiertas hasta el 6 de septiembre.<\/span><\/i><\/p>\n<p style=\"font-weight: 400; text-align: justify;\">El\u00a0<a href=\"https:\/\/territoriocircular.sofofahub.cl\/\" data-saferedirecturl=\"https:\/\/www.google.com\/url?q=https:\/\/territoriocircular.sofofahub.cl\/&amp;source=gmail&amp;ust=1724343677551000&amp;usg=AOvVaw3xnGHwRq7PV-W0abeZTGg8\">programa Territorio Circular<\/a>, una iniciativa de Corfo y el Ministerio del Medio Ambiente implementada por Sofofa Hub, anunci\u00f3 la apertura de la segunda versi\u00f3n del Premio a la Econom\u00eda Circular. En la edici\u00f3n 2023, m\u00e1s de 120 postulaciones fueron recibidas y 9 empresas destacaron por su liderazgo en las zonas norte, centro y sur del pa\u00eds.<\/p>\n<p style=\"font-weight: 400; text-align: justify;\">As\u00ed lo inform\u00f3 Humberto Mar\u00edn Leiva, director de Corfo Ays\u00e9n, indicando que \u00abestamos comprometidos con la promoci\u00f3n de la econom\u00eda circular, un eje transversal de nuestra gesti\u00f3n que busca transformar la competitividad de las empresas chilenas\u201d. Agreg\u00f3 que \u201capoyar a las empresas en su transici\u00f3n hacia modelos m\u00e1s sostenibles no solo mejora su competitividad, sino que tambi\u00e9n nos permite avanzar hacia un modelo econ\u00f3mico m\u00e1s resiliente y respetuoso con el medio ambiente\u201d.<\/p>\n<p style=\"font-weight: 400; text-align: justify;\">El concurso, que en esta versi\u00f3n cuenta con la colaboraci\u00f3n de la\u00a0<a href=\"https:\/\/www.ellenmacarthurfoundation.org\/es\" data-saferedirecturl=\"https:\/\/www.google.com\/url?q=https:\/\/www.ellenmacarthurfoundation.org\/es&amp;source=gmail&amp;ust=1724343677551000&amp;usg=AOvVaw1XBAIjl2d07-6zYz-ZRpzE\">Fundaci\u00f3n Ellen MacArthur<\/a>, busca identificar y dar visibilidad a soluciones circulares implementadas por peque\u00f1as, medianas y grandes empresas que est\u00e9n incorporando modelos circulares a sus procesos productivos, ya sea de manera individual o colaborativa.<\/p>\n<p style=\"font-weight: 400; text-align: justify;\">Asimismo, Mar\u00edn explic\u00f3 que se han adaptado los procesos para garantizar una representaci\u00f3n regional equilibrada, con la creaci\u00f3n de categor\u00edas seg\u00fan el tama\u00f1o de la empresa y la escala de medici\u00f3n. \u00abSolo se aceptan postulaciones de proyectos en ejecuci\u00f3n que cuenten con evidencias demostrables, lo que asegura que estamos apoyando iniciativas con un impacto tangible. Queremos que este concurso sea un reflejo del compromiso de Corfo con el desarrollo sostenible en todo el territorio nacional\u201d, concluy\u00f3.<\/p>\n<p style=\"font-weight: 400; text-align: justify;\">Las categor\u00edas de la versi\u00f3n 2024 son las siguientes:<\/p>\n<p style=\"font-weight: 400; text-align: justify;\"><strong>Categor\u00eda Soluci\u00f3n Circular Emergente<\/strong>. Soluci\u00f3n emergente de una empresa que, de manera individual o en colaboraci\u00f3n con m\u00e1s actores, ha desarrollado una soluci\u00f3n circular con hasta 24 meses de implementaci\u00f3n y, por tanto, no cuenta con verificables o registros cuantitativos de los impactos de la soluci\u00f3n.<\/p>\n<p style=\"font-weight: 400; text-align: justify;\"><strong>Categor\u00eda Soluci\u00f3n Circular Consolidada<\/strong>. Soluci\u00f3n consolidada de una empresa que, de manera individual o en colaboraci\u00f3n con m\u00e1s actores, ha desarrollado una soluci\u00f3n circular con m\u00e1s de 24 meses de implementaci\u00f3n y, por tanto, hay un proceso de mejora continua que garantiza resultados.<\/p>\n<p style=\"font-weight: 400; text-align: justify;\">Para m\u00e1s informaci\u00f3n, los interesados deben ingresar al sitio\u00a0<a href=\"http:\/\/www.territoriocircularchile.cl\/\" data-saferedirecturl=\"https:\/\/www.google.com\/url?q=http:\/\/www.territoriocircularchile.cl\/&amp;source=gmail&amp;ust=1724343677551000&amp;usg=AOvVaw1ZHNxdM1tQOzdIZ-18-OVL\">territoriocircularchile.cl<\/a><\/p>\n<\/div><\/section><\/div><div  style='height:50px' class='hr hr-invisible   avia-builder-el-6  el_after_av_one_full  el_before_av_social_share '><span class='hr-inner ' ><span class='hr-inner-style'><\/span><\/span><\/div><\/p>\n<div  class='av-social-sharing-box  avia-builder-el-7  el_after_av_hr  el_before_av_hr  '><div class='av-share-box'><h5 class='av-share-link-description av-no-toc '>Compartir esta noticia<\/h5><ul class='av-share-box-list noLightbox'><li class='av-share-link av-social-link-facebook' ><a target=\"_blank\" aria-label=\"Compartir en Facebook\" href='https:\/\/www.facebook.com\/sharer.php?u=https:\/\/radiorevelacionfm.cl\/?p=45340&#038;t=Lanzan%20segunda%20versi%C3%B3n%20del%20Premio%20%C2%ABTerritorio%20Circular%C2%BB' aria-hidden='false' data-av_icon='\ue8f3' data-av_iconfont='entypo-fontello' title='' data-avia-related-tooltip='Compartir en Facebook' rel=\"noopener\"><span class='avia_hidden_link_text'>Compartir en Facebook<\/span><\/a><\/li><li class='av-share-link av-social-link-twitter' ><a target=\"_blank\" aria-label=\"Compartir en Twitter\" href='https:\/\/twitter.com\/share?text=Lanzan%20segunda%20versi%C3%B3n%20del%20Premio%20%C2%ABTerritorio%20Circular%C2%BB&#038;url=https:\/\/radiorevelacionfm.cl\/?p=45340' aria-hidden='false' data-av_icon='\ue8f1' data-av_iconfont='entypo-fontello' title='' data-avia-related-tooltip='Compartir en Twitter' rel=\"noopener\"><span class='avia_hidden_link_text'>Compartir en Twitter<\/span><\/a><\/li><li class='av-share-link av-social-link-whatsapp' ><a target=\"_blank\" aria-label=\"Compartir en Whatsapp\" href='https:\/\/api.whatsapp.com\/send?text=https:\/\/radiorevelacionfm.cl\/?p=45340' aria-hidden='false' data-av_icon='\uf232' data-av_iconfont='entypo-fontello' title='' data-avia-related-tooltip='Compartir en Whatsapp' rel=\"noopener\"><span class='avia_hidden_link_text'>Compartir en Whatsapp<\/span><\/a><\/li><li class='av-share-link av-social-link-linkedin' ><a target=\"_blank\" aria-label=\"Compartir en LinkedIn\" href='https:\/\/linkedin.com\/shareArticle?mini=true&#038;title=Lanzan%20segunda%20versi%C3%B3n%20del%20Premio%20%C2%ABTerritorio%20Circular%C2%BB&#038;url=https:\/\/radiorevelacionfm.cl\/?p=45340' aria-hidden='false' data-av_icon='\ue8fc' data-av_iconfont='entypo-fontello' title='' data-avia-related-tooltip='Compartir en LinkedIn' rel=\"noopener\"><span class='avia_hidden_link_text'>Compartir en LinkedIn<\/span><\/a><\/li><li class='av-share-link av-social-link-mail' ><a  aria-label=\"Compartir por correo\" href='mailto:?subject=Lanzan%20segunda%20versi%C3%B3n%20del%20Premio%20%C2%ABTerritorio%20Circular%C2%BB&#038;body=https:\/\/radiorevelacionfm.cl\/?p=45340' aria-hidden='false' data-av_icon='\ue805' data-av_iconfont='entypo-fontello' title='' data-avia-related-tooltip='Compartir por correo'><span class='avia_hidden_link_text'>Compartir por correo<\/span><\/a><\/li><\/ul><\/div><\/div>\n<div  style='height:50px' class='hr hr-invisible   avia-builder-el-8  el_after_av_social_share  el_before_av_comments_list '><span class='hr-inner ' ><span class='hr-inner-style'><\/span><\/span><\/div>\n<div  class='av-buildercomment  av-blog-meta-html-info-disabled av-blog-meta-tag-disabled  '><\/div>\n","protected":false},"excerpt":{"rendered":"","protected":false},"author":1,"featured_media":45343,"comment_status":"open","ping_status":"open","sticky":false,"template":"","format":"standard","meta":{"footnotes":""},"categories":[61],"tags":[],"class_list":["post-45340","post","type-post","status-publish","format-standard","has-post-thumbnail","hentry","category-nacional"],"jetpack_featured_media_url":"https:\/\/radiorevelacionfm.cl\/wp-content\/uploads\/2024\/08\/territorio-circular-1-1-1-1-1.jpg","_links":{"self":[{"href":"https:\/\/radiorevelacionfm.cl\/index.php?rest_route=\/wp\/v2\/posts\/45340","targetHints":{"allow":["GET"]}}],"collection":[{"href":"https:\/\/radiorevelacionfm.cl\/index.php?rest_route=\/wp\/v2\/posts"}],"about":[{"href":"https:\/\/radiorevelacionfm.cl\/index.php?rest_route=\/wp\/v2\/types\/post"}],"author":[{"embeddable":true,"href":"https:\/\/radiorevelacionfm.cl\/index.php?rest_route=\/wp\/v2\/users\/1"}],"replies":[{"embeddable":true,"href":"https:\/\/radiorevelacionfm.cl\/index.php?rest_route=%2Fwp%2Fv2%2Fcomments&post=45340"}],"version-history":[{"count":1,"href":"https:\/\/radiorevelacionfm.cl\/index.php?rest_route=\/wp\/v2\/posts\/45340\/revisions"}],"predecessor-version":[{"id":45344,"href":"https:\/\/radiorevelacionfm.cl\/index.php?rest_route=\/wp\/v2\/posts\/45340\/revisions\/45344"}],"wp:featuredmedia":[{"embeddable":true,"href":"https:\/\/radiorevelacionfm.cl\/index.php?rest_route=\/wp\/v2\/media\/45343"}],"wp:attachment":[{"href":"https:\/\/radiorevelacionfm.cl\/index.php?rest_route=%2Fwp%2Fv2%2Fmedia&parent=45340"}],"wp:term":[{"taxonomy":"category","embeddable":true,"href":"https:\/\/radiorevelacionfm.cl\/index.php?rest_route=%2Fwp%2Fv2%2Fcategories&post=45340"},{"taxonomy":"post_tag","embeddable":true,"href":"https:\/\/radiorevelacionfm.cl\/index.php?rest_route=%2Fwp%2Fv2%2Ftags&post=45340"}],"curies":[{"name":"wp","href":"https:\/\/api.w.org\/{rel}","templated":true}]}}