{"id":45337,"date":"2024-08-21T12:56:23","date_gmt":"2024-08-21T15:56:23","guid":{"rendered":"https:\/\/radiorevelacionfm.cl\/?p=45337"},"modified":"2024-08-21T12:56:23","modified_gmt":"2024-08-21T15:56:23","slug":"destacan-avance-de-proyecto-de-ley-que-reconoce-y-mejora-las-condiciones-laborales-de-los-recolectores-de-residuos-domiciliarios","status":"publish","type":"post","link":"https:\/\/radiorevelacionfm.cl\/?p=45337","title":{"rendered":"Destacan avance de proyecto de Ley que reconoce y mejora las condiciones laborales de los recolectores de residuos domiciliarios"},"content":{"rendered":"<div class=\"flex_column av_one_full  flex_column_div av-zero-column-padding first  avia-builder-el-0  el_before_av_one_full  avia-builder-el-first  \" style='border-radius:0px; '><div  class='avia-image-container  av-styling-    avia-builder-el-1  avia-builder-el-no-sibling  avia-align-center '  itemprop=\"image\" itemscope=\"itemscope\" itemtype=\"https:\/\/schema.org\/ImageObject\"  ><div class='avia-image-container-inner'><div class='avia-image-overlay-wrap'><img decoding=\"async\" class='wp-image-45338 avia-img-lazy-loading-not-45338 avia_image' src=\"https:\/\/radiorevelacionfm.cl\/wp-content\/uploads\/2024\/08\/RecolectoresResiduosDomiciliarios_PtoAysen1-1-1.jpeg\" alt='' title='RecolectoresResiduosDomiciliarios_PtoAysen1 (1) (1)' height=\"605\" width=\"801\"  itemprop=\"thumbnailUrl\" srcset=\"https:\/\/radiorevelacionfm.cl\/wp-content\/uploads\/2024\/08\/RecolectoresResiduosDomiciliarios_PtoAysen1-1-1.jpeg 801w, https:\/\/radiorevelacionfm.cl\/wp-content\/uploads\/2024\/08\/RecolectoresResiduosDomiciliarios_PtoAysen1-1-1-300x227.jpeg 300w, https:\/\/radiorevelacionfm.cl\/wp-content\/uploads\/2024\/08\/RecolectoresResiduosDomiciliarios_PtoAysen1-1-1-768x580.jpeg 768w, https:\/\/radiorevelacionfm.cl\/wp-content\/uploads\/2024\/08\/RecolectoresResiduosDomiciliarios_PtoAysen1-1-1-705x532.jpeg 705w, https:\/\/radiorevelacionfm.cl\/wp-content\/uploads\/2024\/08\/RecolectoresResiduosDomiciliarios_PtoAysen1-1-1-450x340.jpeg 450w, https:\/\/radiorevelacionfm.cl\/wp-content\/uploads\/2024\/08\/RecolectoresResiduosDomiciliarios_PtoAysen1-1-1-600x453.jpeg 600w\" sizes=\"(max-width: 801px) 100vw, 801px\" \/><\/div><\/div><\/div><\/div><div class=\"flex_column av_one_full  flex_column_div av-zero-column-padding first  avia-builder-el-2  el_after_av_one_full  el_before_av_one_full  column-top-margin\" style='border-radius:0px; '><section class=\"av_textblock_section \"  itemscope=\"itemscope\" itemtype=\"https:\/\/schema.org\/BlogPosting\" itemprop=\"blogPost\" ><div class='avia_textblock  '   itemprop=\"text\" ><p style=\"text-align: center;\"><strong><span style=\"font-size: 18pt;\">Destacan avance de proyecto de Ley que reconoce y mejora las condiciones laborales de los recolectores de residuos domiciliarios <\/span><\/strong><\/p>\n<div id=\"gtx-trans\" style=\"position: absolute; left: -50px; top: 4.31534px;\">\n<div class=\"gtx-trans-icon\"><\/div>\n<\/div>\n<\/div><\/section><\/div><div class=\"flex_column av_one_full  flex_column_div av-zero-column-padding first  avia-builder-el-4  el_after_av_one_full  el_before_av_hr  column-top-margin\" style='border-radius:0px; '><section class=\"av_textblock_section \"  itemscope=\"itemscope\" itemtype=\"https:\/\/schema.org\/BlogPosting\" itemprop=\"blogPost\" ><div class='avia_textblock  '   itemprop=\"text\" ><p class=\"v1gmail-paragraph\" style=\"text-align: justify;\"><span class=\"v1gmail-normaltextrun\"><i><span lang=\"ES\">La autoridad laboral explic\u00f3 el proyecto de ley a trabajadores y trabajadoras en la empresa recolectora en Puerto Ays\u00e9n, el cual fue aprobado de forma un\u00e1nime en la C\u00e1mara de Diputados.<\/span><\/i><\/span><span class=\"v1eop\">\u00a0<\/span><\/p>\n<p class=\"v1gmail-paragraph\" style=\"text-align: justify;\"><span class=\"v1gmail-normaltextrun\">Por unanimidad, la C\u00e1mara de Diputados y Diputadas aprob\u00f3, en primer tr\u00e1mite constitucional, el proyecto de ley del Ejecutivo que <\/span><span class=\"v1gmail-normaltextrun\"><span lang=\"ES\">reconoce la funci\u00f3n de los recolectores de residuos domiciliarios y establece obligaciones para la protecci\u00f3n de su salud y seguridad laboral<\/span><\/span><span class=\"v1gmail-normaltextrun\">.<\/span><span class=\"v1eop\">\u00a0<\/span><\/p>\n<p class=\"v1gmail-paragraph\" style=\"text-align: justify;\"><span class=\"v1gmail-normaltextrun\">La iniciativa, presentada en mayo por el Gobierno del Presidente Gabriel Boric al Congreso y despachada el 9 de julio por la Comisi\u00f3n de Trabajo de la C\u00e1mara, va en l\u00ednea con el compromiso del Ejecutivo de promover el trabajo decente para todos los trabajadores y trabajadoras del pa\u00eds, a trav\u00e9s de un enfoque preventivo sobre accidentes y enfermedades laborales.<\/span><span class=\"v1eop\">\u00a0<\/span><\/p>\n<p class=\"v1gmail-paragraph\" style=\"text-align: justify;\"><span class=\"v1gmail-normaltextrun\">Junto con valorar el respaldo de las diputadas y diputados, la Ministra del Trabajo y Previsi\u00f3n Social, Jeannette Jara, sostuvo que se trata de un proyecto que es fruto de una \u00abagenda de trabajo decente. Esto implica que las labores de los trabajadores recolectores de residuos domiciliarios, no s\u00f3lo sean reconocida en sus funciones y en el aporte que realicen al pa\u00eds, sino que tambi\u00e9n puedan acceder a mejores salarios\u00bb, explicando, \u00abvienen mecanismos concretos en la Ley, en cuanto a las licitaciones que se realizan y la oferta salarial que se hace por parte de los oferentes, que se respeten sus derechos laborales, que tengan acceso a la seguridad social y que est\u00e9 debidamente protegida su seguridad y salud\u00bb.\u00a0<\/span><span class=\"v1eop\">\u00a0<\/span><\/p>\n<p class=\"v1gmail-paragraph\" style=\"text-align: justify;\"><span class=\"v1gmail-normaltextrun\"><span lang=\"ES\">Una de las empresas recolectoras de residuos domiciliarios, que adem\u00e1s est\u00e1 realizando labores de reciclaje y compostaje, entre otros, es Empresas Bahamondes, en Puerto Ays\u00e9n, lugar donde el Seremi de Trabajo y Previsi\u00f3n Social, Rodrigo D\u00edaz coment\u00f3 a las y los trabajadores sobre el proyecto de ley.<\/span><\/span><span class=\"v1eop\">\u00a0<\/span><\/p>\n<p class=\"v1gmail-paragraph\" style=\"text-align: justify;\"><span class=\"v1gmail-normaltextrun\"><span lang=\"ES\">Sobre ello, el Seremi Rodrigo D\u00edaz Cordaro afirm\u00f3, \u00abLes quiero contar que nos reunimos hace unos d\u00edas con la empresa Bahamonde en Puerto Ays\u00e9n porque, como Gobierno, como Ministerio de Trabajo y Previsi\u00f3n Social, estamos impulsando un proyecto que reconoce la labor de los recolectores de residuos domiciliarios. Este proyecto de ley, que ya logramos que avanzara en la C\u00e1mara de Diputados por unanimidad es un tremendo avance para estos trabajadores y trabajadoras.<\/span><\/span><\/p>\n<p class=\"v1gmail-paragraph\" style=\"text-align: justify;\"><span class=\"v1gmail-normaltextrun\"><span lang=\"ES\">As\u00ed que esperamos que, por ejemplo, en las futuras licitaciones se les reconozca como trabajo pesado, que se mejoren sus remuneraciones y sus condiciones de trabajo. En Bahamondes nos reunimos con todos los trabajadores y trabajadoras, les comentamos al respecto y quedaron muy contentos. Esto es para todos los trabajadores de recolectores de residuos domiciliarios de todo el pa\u00eds, en especial de la regi\u00f3n, as\u00ed que les estaremos contando los avances de esta ley\u00bb.<\/span><\/span><span class=\"v1eop\">\u00a0<\/span><\/p>\n<p class=\"v1gmail-paragraph\" style=\"text-align: justify;\"><span class=\"v1gmail-normaltextrun\"><span lang=\"ES\">El gerente de Empresas Bahamondes, Alejandro Bahamonde, destac\u00f3 sobre la iniciativa, \u00abFeliz por la visita a nuestra empresa por parte del Seremi, donde se da a conocer el proyecto de ley, el cual va a ser de mucha ayuda para los trabajadores de los camiones recolectores, porque todos nosotros dignificamos una tremenda labor que ellos realizan, en el cual retienen los residuos que nosotros generamos diariamente en nuestros domicilios y que sea de gran ayuda, principalmente para los operarios de los camiones recolectores de la basura de Ays\u00e9n\u00bb.<\/span><\/span><span class=\"v1eop\">\u00a0<\/span><\/p>\n<p class=\"v1gmail-paragraph\" style=\"text-align: justify;\"><span class=\"v1gmail-normaltextrun\"><span lang=\"ES\">Juber Amaya, uno de los conductores de camiones recolectores, afirm\u00f3 sobre este trabajo, \u00abLa labor que realizamos a diario, la hacemos con todo empe\u00f1o y esfuerzo. Algunas veces representa un sacrificio, ya que nos enfrentamos a las inclemencias del tiempo, a donde se recibe lluvia, sol, polvo y a veces pues, en tiempos de feriado hay que trabajar un poco m\u00e1s de la jornada normal y eso representa un desgaste tanto para el personal que anda recolectando, como los choferes porque igual tenemos un cansancio psicol\u00f3gico, el esfuerzo que hacen los se\u00f1ores recolectores es f\u00edsico, pero el nuestro es psicol\u00f3gico, ya que andamos pendientes de muchos factores que nos encontramos en la ruta. Agradecer pues que est\u00e9n reconociendo este trabajo que es muy importante para la ciudadan\u00eda, hacemos todo lo posible porque el ciudadano se sienta bien a la hora de recibir el servicio. Como empresa igual nos incentivan a que pongamos todo el empe\u00f1o, el esfuerzo y la voluntad para que no existan quejas y tengan un servicio de calidad\u00bb.\u00a0<\/span><\/span><span class=\"v1eop\">\u00a0<\/span><\/p>\n<p class=\"v1gmail-paragraph\" style=\"text-align: justify;\"><span class=\"v1gmail-normaltextrun\"><span lang=\"ES\">Cabe mencionar que el proyecto es fruto del trabajo realizado por el Gobierno con los trabajadores del sector desde el a\u00f1o pasado, gracias a la instalaci\u00f3n de una mesa que logr\u00f3 recoger las demandas m\u00e1s importantes tras conocer de cerca las complejidades y problemas que a diario deben enfrentar los recolectores en el ejercicio diario de sus funciones. En su tramitaci\u00f3n estuvieron participando los Subsecretarios del Trabajo, Giorgio Boccardo, de Previsi\u00f3n Social, Claudio Reyes y de Desarrollo Regional, Francisca Perales.\u00a0<\/span><\/span><span class=\"v1eop\">\u00a0<\/span><\/p>\n<p class=\"v1gmail-paragraph\" style=\"text-align: justify;\"><span class=\"v1gmail-normaltextrun\"><span lang=\"ES\">En este sentido, la iniciativa reconoce las funciones y aporte al pa\u00eds que hacen los recolectores de residuos domiciliarios, promoviendo que puedan acceder a un salario que valorice su trabajo. Para esto, en las bases de licitaci\u00f3n que se realicen para contratar a estos trabajadores, se privilegiar\u00e1 a los oferentes que entreguen mejores remuneraciones, de acuerdo a lo establecido en la ley de compras p\u00fablicas.\u00a0<\/span><\/span><span class=\"v1eop\">\u00a0<\/span><\/p>\n<p class=\"v1gmail-paragraph\" style=\"text-align: justify;\"><span class=\"v1gmail-normaltextrun\"><b><u><span lang=\"ES\">Recomendaciones de salud y seguridad<\/span><\/u><\/b><\/span><span class=\"v1eop\">\u00a0<\/span><\/p>\n<p class=\"v1gmail-paragraph\" style=\"text-align: justify;\"><span class=\"v1gmail-normaltextrun\"><span lang=\"ES\">Tal como mencion\u00f3 el Seremi D\u00edaz Cordaro, el proyecto de ley impulsa la seguridad y salud en la labor de los recolectores de residuos domiciliarios, en la l\u00ednea del trabajo decente.<\/span><\/span><span class=\"v1eop\">\u00a0<\/span><\/p>\n<p class=\"v1gmail-paragraph\" style=\"text-align: justify;\"><span class=\"v1gmail-normaltextrun\"><span lang=\"ES\">Con respecto a recomendaciones a la comunidad sobre seguridad y salud de los recolectores de residuos domiciliarios y la manipulaci\u00f3n de los residuos domiciliarios, Juber Amaya recalc\u00f3 sobre el peso de las bolsas y los objetos cortopunzantes, \u00abA veces hay contenido que pesan m\u00e1s de los 25 kilos, que es lo que est\u00e1 legalmente estipulado y el esfuerzo que realizan los se\u00f1ores recolectores a veces es mucho, tienen que hacer trabajo conjunto para poder levantar el peso que sobrepasa los 25 kg. Entonces, se les pide a la poblaci\u00f3n que considere ese esfuerzo que a la larga representa da\u00f1os f\u00edsicos en el cuerpo de los recolectores. (sobre los obejtos cortopunzantes) Es otro aspecto bastante importante porque resultan en lesi\u00f3n. Hay que envolverlos en cart\u00f3n, que vaya bastante protegido para que cuando el se\u00f1or recolector manipule la bolsa o el saco, no tenga problemas, m\u00e1s si es una aguja que ha sido utilizada por alguien que puede tener alguna enfermedad, pues se transmite y eso perjudica al que se dedica a la recolecci\u00f3n de los residuos\u00bb, acot\u00f3.<\/span><\/span><span class=\"v1eop\">\u00a0<\/span><\/p>\n<p class=\"v1gmail-paragraph\" style=\"text-align: justify;\"><span class=\"v1gmail-normaltextrun\"><b>Contenido del proyecto de ley:<\/b><\/span><span class=\"v1eop\">\u00a0<\/span><\/p>\n<p class=\"v1gmail-paragraph\" style=\"text-align: justify;\">\u00b7 <span class=\"v1gmail-normaltextrun\"><b><span lang=\"ES\">Reconocimiento:<\/span><\/b><\/span><span class=\"v1gmail-normaltextrun\"><span lang=\"ES\">\u00a0El proyecto reconoce la labor de recolectores de residuos domiciliarios y su derecho a la protecci\u00f3n de la salud. Esto implica, en concreto, identificar al sector y lo que hace, lo que incide, por ejemplo, en la tipificaci\u00f3n de enfermedades profesionales, en reconocimiento de riesgos laborales, entre otros aspectos.\u00a0<\/span><\/span><span class=\"v1eop\">\u00a0<\/span><\/p>\n<p class=\"v1gmail-paragraph\" style=\"text-align: justify;\"><span class=\"v1gmail-normaltextrun\">El se\u00f1alado reconocimiento de la labor de recolectores de residuos domiciliarios es tanto respecto de trabajadores contratados por las municipalidades como de aquellos contratados mediante licitaciones. Se considera en esto la labor realizada por barredores, conductores o choferes y peonetas de camiones recolectores.<\/span><span class=\"v1eop\">\u00a0<\/span><\/p>\n<p class=\"v1gmail-paragraph\" style=\"text-align: justify;\">\u00b7 <span class=\"v1gmail-normaltextrun\"><b><span lang=\"ES\">Incentivos a mejora de sueldos:<\/span><\/b><\/span><span class=\"v1gmail-normaltextrun\"><span lang=\"ES\">\u00a0En cuanto a incentivos a la mejora de sueldos en las licitaciones, la iniciativa establece que en las bases de licitaci\u00f3n y en la evaluaci\u00f3n de las respectivas propuestas, se dar\u00e1 prioridad a quien oferte mayores sueldos.\u00a0<\/span><\/span><span class=\"v1eop\">\u00a0<\/span><\/p>\n<p class=\"v1gmail-paragraph\" style=\"text-align: justify;\">\u00b7 <span class=\"v1gmail-normaltextrun\"><b><span lang=\"ES\">Garant\u00eda a servicios sanitarios y de limpieza:<\/span><\/b><\/span><span class=\"v1gmail-normaltextrun\"><span lang=\"ES\">\u00a0Se establece en el proyecto de ley la posibilidad de que las empresas y los municipios celebren convenios para el cumplimiento de estas obligaciones, as\u00ed como la posibilidad de imputar a la garant\u00eda de licitaci\u00f3n, en caso de no ejecutar las obligaciones, el financiamiento necesario para su cumplimiento.\u00a0<\/span><\/span><span class=\"v1eop\">\u00a0<\/span><\/p>\n<p class=\"v1gmail-paragraph\" style=\"text-align: justify;\">\u00b7 <span class=\"v1gmail-normaltextrun\"><b><span lang=\"ES\">Seguro:\u00a0<\/span><\/b><\/span><span class=\"v1gmail-normaltextrun\"><span lang=\"ES\">La propuesta mejora los mecanismos de acceso al Seguro de Accidentes del Trabajo y Enfermedades Profesionales.<\/span><\/span><span class=\"v1eop\">\u00a0<\/span><\/p>\n<p class=\"v1gmail-paragraph\" style=\"text-align: justify;\">\u00b7 <span class=\"v1gmail-normaltextrun\"><b><span lang=\"ES\">Trabajo pesado:<\/span><\/b><\/span><span class=\"v1gmail-normaltextrun\"><span lang=\"ES\">\u00a0Se establece que, en caso de adjudicarse una nueva licitaci\u00f3n, el adjudicatario deber\u00e1 hacer el requerimiento para la calificaci\u00f3n de trabajos pesados.<\/span><\/span><span class=\"v1eop\">\u00a0<\/span><\/p>\n<p class=\"v1gmail-paragraph\" style=\"text-align: justify;\">\u00b7 <span class=\"v1gmail-normaltextrun\"><b><span lang=\"ES\">Protocolo:<\/span><\/b><\/span><span class=\"v1gmail-normaltextrun\"><span lang=\"ES\">\u00a0La iniciativa se\u00f1ala que los empleadores deber\u00e1n poner a disposici\u00f3n de las y los trabajadoras un protocolo de prevenci\u00f3n y gesti\u00f3n de riesgos, a trav\u00e9s de los organismos administradores del Seguro de Accidentes del Trabajo y Enfermedades Profesionales, que son las mutualidades de empleadores y el Instituto de Seguridad Laboral (ISL).<\/span><\/span><span class=\"v1eop\">\u00a0<\/span><\/p>\n<p class=\"v1gmail-paragraph\" style=\"text-align: justify;\">\u00b7 <span class=\"v1gmail-normaltextrun\"><b><span lang=\"ES\">Asistencia de mutualidades y el ISL:<\/span><\/b><\/span><span class=\"v1gmail-normaltextrun\"><span lang=\"ES\">\u00a0Asimismo, indica que la Superintendencia de Seguridad Social, SUSESO, mediante una norma de car\u00e1cter general, entregar\u00e1 las directrices que deber\u00e1n contemplarse por parte de las mutualidades de empleadores y el ISL, como administradores del Seguro de Accidentes del Trabajo y Enfermedades Profesionales, la asistencia t\u00e9cnica necesaria para el cumplimiento de las obligaciones por parte de los empleadores.<\/span><\/span><span class=\"v1eop\">\u00a0<\/span><\/p>\n<p class=\"v1gmail-paragraph\" style=\"text-align: justify;\">\u00b7 <span class=\"v1gmail-normaltextrun\"><b><span lang=\"ES\">Provisi\u00f3n de asistencia oportuna:\u00a0<\/span><\/b><\/span><span class=\"v1gmail-normaltextrun\"><span lang=\"ES\">De acuerdo con el proyecto de ley, las y los recolectores tendr\u00e1n derecho a que su empleador cuente con un plan de respuesta ante emergencias. Este plan, que deber\u00e1 ser informado semestralmente a todos los trabajadores, tendr\u00e1 por objetivo efectuar un retorno r\u00e1pido y seguro a las dependencias en que inician sus funciones o la derivaci\u00f3n a la mutualidad o ISL correspondiente. Esto, a prop\u00f3sito de accidentes producidos con ocasi\u00f3n de la prestaci\u00f3n de servicios, incluyendo los actos de violencia externa.<\/span><\/span><span class=\"v1eop\">\u00a0<\/span><\/p>\n<\/div><\/section><\/div><div  style='height:50px' class='hr hr-invisible   avia-builder-el-6  el_after_av_one_full  el_before_av_social_share '><span class='hr-inner ' ><span class='hr-inner-style'><\/span><\/span><\/div><\/p>\n<div  class='av-social-sharing-box  avia-builder-el-7  el_after_av_hr  el_before_av_hr  '><div class='av-share-box'><h5 class='av-share-link-description av-no-toc '>Compartir esta noticia<\/h5><ul class='av-share-box-list noLightbox'><li class='av-share-link av-social-link-facebook' ><a target=\"_blank\" aria-label=\"Compartir en Facebook\" href='https:\/\/www.facebook.com\/sharer.php?u=https:\/\/radiorevelacionfm.cl\/?p=45337&#038;t=Destacan%20avance%20de%20proyecto%20de%20Ley%20que%20reconoce%20y%20mejora%20las%20condiciones%20laborales%20de%20los%20recolectores%20de%20residuos%20domiciliarios' aria-hidden='false' data-av_icon='\ue8f3' data-av_iconfont='entypo-fontello' title='' data-avia-related-tooltip='Compartir en Facebook' rel=\"noopener\"><span class='avia_hidden_link_text'>Compartir en Facebook<\/span><\/a><\/li><li class='av-share-link av-social-link-twitter' ><a target=\"_blank\" aria-label=\"Compartir en Twitter\" href='https:\/\/twitter.com\/share?text=Destacan%20avance%20de%20proyecto%20de%20Ley%20que%20reconoce%20y%20mejora%20las%20condiciones%20laborales%20de%20los%20recolectores%20de%20residuos%20domiciliarios&#038;url=https:\/\/radiorevelacionfm.cl\/?p=45337' aria-hidden='false' data-av_icon='\ue8f1' data-av_iconfont='entypo-fontello' title='' data-avia-related-tooltip='Compartir en Twitter' rel=\"noopener\"><span class='avia_hidden_link_text'>Compartir en Twitter<\/span><\/a><\/li><li class='av-share-link av-social-link-whatsapp' ><a target=\"_blank\" aria-label=\"Compartir en Whatsapp\" href='https:\/\/api.whatsapp.com\/send?text=https:\/\/radiorevelacionfm.cl\/?p=45337' aria-hidden='false' data-av_icon='\uf232' data-av_iconfont='entypo-fontello' title='' data-avia-related-tooltip='Compartir en Whatsapp' rel=\"noopener\"><span class='avia_hidden_link_text'>Compartir en Whatsapp<\/span><\/a><\/li><li class='av-share-link av-social-link-linkedin' ><a target=\"_blank\" aria-label=\"Compartir en LinkedIn\" href='https:\/\/linkedin.com\/shareArticle?mini=true&#038;title=Destacan%20avance%20de%20proyecto%20de%20Ley%20que%20reconoce%20y%20mejora%20las%20condiciones%20laborales%20de%20los%20recolectores%20de%20residuos%20domiciliarios&#038;url=https:\/\/radiorevelacionfm.cl\/?p=45337' aria-hidden='false' data-av_icon='\ue8fc' data-av_iconfont='entypo-fontello' title='' data-avia-related-tooltip='Compartir en LinkedIn' rel=\"noopener\"><span class='avia_hidden_link_text'>Compartir en LinkedIn<\/span><\/a><\/li><li class='av-share-link av-social-link-mail' ><a  aria-label=\"Compartir por correo\" href='mailto:?subject=Destacan%20avance%20de%20proyecto%20de%20Ley%20que%20reconoce%20y%20mejora%20las%20condiciones%20laborales%20de%20los%20recolectores%20de%20residuos%20domiciliarios&#038;body=https:\/\/radiorevelacionfm.cl\/?p=45337' aria-hidden='false' data-av_icon='\ue805' data-av_iconfont='entypo-fontello' title='' data-avia-related-tooltip='Compartir por correo'><span class='avia_hidden_link_text'>Compartir por correo<\/span><\/a><\/li><\/ul><\/div><\/div>\n<div  style='height:50px' class='hr hr-invisible   avia-builder-el-8  el_after_av_social_share  el_before_av_comments_list '><span class='hr-inner ' ><span class='hr-inner-style'><\/span><\/span><\/div>\n<div  class='av-buildercomment  av-blog-meta-html-info-disabled av-blog-meta-tag-disabled  '><\/div>\n","protected":false},"excerpt":{"rendered":"","protected":false},"author":1,"featured_media":45338,"comment_status":"open","ping_status":"open","sticky":false,"template":"","format":"standard","meta":{"footnotes":""},"categories":[56],"tags":[],"class_list":["post-45337","post","type-post","status-publish","format-standard","has-post-thumbnail","hentry","category-trabajo"],"jetpack_featured_media_url":"https:\/\/radiorevelacionfm.cl\/wp-content\/uploads\/2024\/08\/RecolectoresResiduosDomiciliarios_PtoAysen1-1-1.jpeg","_links":{"self":[{"href":"https:\/\/radiorevelacionfm.cl\/index.php?rest_route=\/wp\/v2\/posts\/45337","targetHints":{"allow":["GET"]}}],"collection":[{"href":"https:\/\/radiorevelacionfm.cl\/index.php?rest_route=\/wp\/v2\/posts"}],"about":[{"href":"https:\/\/radiorevelacionfm.cl\/index.php?rest_route=\/wp\/v2\/types\/post"}],"author":[{"embeddable":true,"href":"https:\/\/radiorevelacionfm.cl\/index.php?rest_route=\/wp\/v2\/users\/1"}],"replies":[{"embeddable":true,"href":"https:\/\/radiorevelacionfm.cl\/index.php?rest_route=%2Fwp%2Fv2%2Fcomments&post=45337"}],"version-history":[{"count":1,"href":"https:\/\/radiorevelacionfm.cl\/index.php?rest_route=\/wp\/v2\/posts\/45337\/revisions"}],"predecessor-version":[{"id":45339,"href":"https:\/\/radiorevelacionfm.cl\/index.php?rest_route=\/wp\/v2\/posts\/45337\/revisions\/45339"}],"wp:featuredmedia":[{"embeddable":true,"href":"https:\/\/radiorevelacionfm.cl\/index.php?rest_route=\/wp\/v2\/media\/45338"}],"wp:attachment":[{"href":"https:\/\/radiorevelacionfm.cl\/index.php?rest_route=%2Fwp%2Fv2%2Fmedia&parent=45337"}],"wp:term":[{"taxonomy":"category","embeddable":true,"href":"https:\/\/radiorevelacionfm.cl\/index.php?rest_route=%2Fwp%2Fv2%2Fcategories&post=45337"},{"taxonomy":"post_tag","embeddable":true,"href":"https:\/\/radiorevelacionfm.cl\/index.php?rest_route=%2Fwp%2Fv2%2Ftags&post=45337"}],"curies":[{"name":"wp","href":"https:\/\/api.w.org\/{rel}","templated":true}]}}