{"id":45332,"date":"2024-08-21T11:33:30","date_gmt":"2024-08-21T14:33:30","guid":{"rendered":"https:\/\/radiorevelacionfm.cl\/?p=45332"},"modified":"2024-08-21T11:33:30","modified_gmt":"2024-08-21T14:33:30","slug":"calisto-critica-visita-de-ministro-marcel-a-aysen-es-un-insulto-que-no-haya-propuesto-medidas-concretas","status":"publish","type":"post","link":"https:\/\/radiorevelacionfm.cl\/?p=45332","title":{"rendered":"Calisto critica visita de Ministro Marcel a Ays\u00e9n: \u201cEs un insulto que no haya propuesto medidas concretas\u201d"},"content":{"rendered":"<div class=\"flex_column av_one_full  flex_column_div av-zero-column-padding first  avia-builder-el-0  el_before_av_one_full  avia-builder-el-first  \" style='border-radius:0px; '><div  class='avia-image-container  av-styling-    avia-builder-el-1  avia-builder-el-no-sibling  avia-align-center '  itemprop=\"image\" itemscope=\"itemscope\" itemtype=\"https:\/\/schema.org\/ImageObject\"  ><div class='avia-image-container-inner'><div class='avia-image-overlay-wrap'><img decoding=\"async\" class='wp-image-8618 avia-img-lazy-loading-not-8618 avia_image' src=\"https:\/\/radiorevelacionfm.cl\/wp-content\/uploads\/2021\/09\/Calisto_Subsidios-1.jpg\" alt='' title='Calisto_Subsidios (1)' height=\"597\" width=\"1046\"  itemprop=\"thumbnailUrl\" srcset=\"https:\/\/radiorevelacionfm.cl\/wp-content\/uploads\/2021\/09\/Calisto_Subsidios-1.jpg 1046w, https:\/\/radiorevelacionfm.cl\/wp-content\/uploads\/2021\/09\/Calisto_Subsidios-1-300x171.jpg 300w, https:\/\/radiorevelacionfm.cl\/wp-content\/uploads\/2021\/09\/Calisto_Subsidios-1-1030x588.jpg 1030w, https:\/\/radiorevelacionfm.cl\/wp-content\/uploads\/2021\/09\/Calisto_Subsidios-1-768x438.jpg 768w, https:\/\/radiorevelacionfm.cl\/wp-content\/uploads\/2021\/09\/Calisto_Subsidios-1-705x402.jpg 705w, https:\/\/radiorevelacionfm.cl\/wp-content\/uploads\/2021\/09\/Calisto_Subsidios-1-600x342.jpg 600w\" sizes=\"(max-width: 1046px) 100vw, 1046px\" \/><\/div><\/div><\/div><\/div><div class=\"flex_column av_one_full  flex_column_div av-zero-column-padding first  avia-builder-el-2  el_after_av_one_full  el_before_av_one_full  column-top-margin\" style='border-radius:0px; '><section class=\"av_textblock_section \"  itemscope=\"itemscope\" itemtype=\"https:\/\/schema.org\/BlogPosting\" itemprop=\"blogPost\" ><div class='avia_textblock  '   itemprop=\"text\" ><p style=\"text-align: center;\"><span style=\"font-size: 18pt;\"><b><span lang=\"ES\">Calisto critica visita de Ministro Marcel a Ays\u00e9n: \u201cEs un insulto que no haya propuesto medidas concretas\u201d<\/span><\/b><\/span><\/p>\n<div id=\"gtx-trans\" style=\"position: absolute; left: -50px; top: 4.31534px;\">\n<div class=\"gtx-trans-icon\"><\/div>\n<\/div>\n<\/div><\/section><\/div><div class=\"flex_column av_one_full  flex_column_div av-zero-column-padding first  avia-builder-el-4  el_after_av_one_full  el_before_av_hr  column-top-margin\" style='border-radius:0px; '><section class=\"av_textblock_section \"  itemscope=\"itemscope\" itemtype=\"https:\/\/schema.org\/BlogPosting\" itemprop=\"blogPost\" ><div class='avia_textblock  '   itemprop=\"text\" ><p style=\"font-weight: 400; text-align: justify;\">Con duras palabras se refiri\u00f3 el diputado Miguel \u00c1ngel Calisto a la visita que realiz\u00f3 el Ministro de Hacienda, Mario Marcel, a la regi\u00f3n de Ays\u00e9n, asegurando que se trat\u00f3 de un \u201cinsulto\u201d por no presentar ninguna medida concreta para bajar el precio de la tarifa el\u00e9ctrica, agregando adem\u00e1s que como forma de presi\u00f3n votar\u00e1 en contra el proyecto de ley corta que ingresar\u00e1 el ejecutivo y aprobar\u00e1 el nuevo retiro de ahorros previsionales.<\/p>\n<p style=\"font-weight: 400; text-align: justify;\">Seg\u00fan el legislador, \u201cla verdad es que muchos nos preguntamos \u00bfa qu\u00e9 vino el Ministro de Hacienda a la Regi\u00f3n de Ays\u00e9n? Si vino solo por el anuncio de la beca Patagonia, no me parece algo presentable que se venga a anunciar con bombos y platillos que a estos j\u00f3venes se les va a pagar en septiembre y noviembre, cuando han estado esperando su pago desde marzo\u201d.<\/p>\n<p style=\"font-weight: 400; text-align: justify;\">\u201cMuchos de estos j\u00f3venes ya han desertado. Esto es un insulto para estas familias y un reflejo de la ineficiencia de este Gobierno. Esta es primera vez desde que impulsamos la beca Patagonia, que el beneficio se est\u00e1 pagando en septiembre y noviembre\u201d, indic\u00f3.<\/p>\n<p style=\"font-weight: 400; text-align: justify;\">Calisto agreg\u00f3 que \u201cen materia energ\u00e9tica, la \u00fanica alternativa que puede paliar el alza de la tarifa el\u00e9ctrica, es que el Gobierno pueda incorporar en la discusi\u00f3n de la ley corta que va a presentar al Congreso, el acople tarifario que permitir\u00e1 rebajar lo que pagamos. Los parlamentarios no tenemos iniciativa en esta materia\u201d.<\/p>\n<p style=\"font-weight: 400; text-align: justify;\">\u201cHoy en d\u00eda proyectamos un alza de un 51%. Una familia que paga com\u00fanmente 50 mil pesos, hoy est\u00e1 pagando 75 mil por el mismo consumo. Si no se hace algo ahora, no sirve de nada tramitar la ley de sistemas medianos que es lo que ha anunciado el Gobierno\u201d, afirm\u00f3.<\/p>\n<p style=\"font-weight: 400; text-align: justify;\">Finalmente, el diputado Calisto asegur\u00f3 que \u201cnos parece que es un insulto la visita del Ministro, porque no ha tra\u00eddo ninguna respuesta concreta, ha sido b\u00e1sicamente un paseo del Gobierno a nuestra regi\u00f3n. Nosotros vamos a tomar medidas de presi\u00f3n, como votar en contra la ley corta si no se plantea la propuesta que beneficia a Ays\u00e9n. Tambi\u00e9n voy a apoyar el proyecto de nuevo retiro de un 10% de los ahorros previsionales,\u00a0 tomando en cuenta la grave crisis econ\u00f3mica que viven las familias de Ays\u00e9n\u201d.<\/p>\n<\/div><\/section><\/div><div  style='height:50px' class='hr hr-invisible   avia-builder-el-6  el_after_av_one_full  el_before_av_social_share '><span class='hr-inner ' ><span class='hr-inner-style'><\/span><\/span><\/div><\/p>\n<div  class='av-social-sharing-box  avia-builder-el-7  el_after_av_hr  el_before_av_hr  '><div class='av-share-box'><h5 class='av-share-link-description av-no-toc '>Compartir esta noticia<\/h5><ul class='av-share-box-list noLightbox'><li class='av-share-link av-social-link-facebook' ><a target=\"_blank\" aria-label=\"Compartir en Facebook\" href='https:\/\/www.facebook.com\/sharer.php?u=https:\/\/radiorevelacionfm.cl\/?p=45332&#038;t=Calisto%20critica%20visita%20de%20Ministro%20Marcel%20a%20Ays%C3%A9n%3A%20%E2%80%9CEs%20un%20insulto%20que%20no%20haya%20propuesto%20medidas%20concretas%E2%80%9D' aria-hidden='false' data-av_icon='\ue8f3' data-av_iconfont='entypo-fontello' title='' data-avia-related-tooltip='Compartir en Facebook' rel=\"noopener\"><span class='avia_hidden_link_text'>Compartir en Facebook<\/span><\/a><\/li><li class='av-share-link av-social-link-twitter' ><a target=\"_blank\" aria-label=\"Compartir en Twitter\" href='https:\/\/twitter.com\/share?text=Calisto%20critica%20visita%20de%20Ministro%20Marcel%20a%20Ays%C3%A9n%3A%20%E2%80%9CEs%20un%20insulto%20que%20no%20haya%20propuesto%20medidas%20concretas%E2%80%9D&#038;url=https:\/\/radiorevelacionfm.cl\/?p=45332' aria-hidden='false' data-av_icon='\ue8f1' data-av_iconfont='entypo-fontello' title='' data-avia-related-tooltip='Compartir en Twitter' rel=\"noopener\"><span class='avia_hidden_link_text'>Compartir en Twitter<\/span><\/a><\/li><li class='av-share-link av-social-link-whatsapp' ><a target=\"_blank\" aria-label=\"Compartir en Whatsapp\" href='https:\/\/api.whatsapp.com\/send?text=https:\/\/radiorevelacionfm.cl\/?p=45332' aria-hidden='false' data-av_icon='\uf232' data-av_iconfont='entypo-fontello' title='' data-avia-related-tooltip='Compartir en Whatsapp' rel=\"noopener\"><span class='avia_hidden_link_text'>Compartir en Whatsapp<\/span><\/a><\/li><li class='av-share-link av-social-link-linkedin' ><a target=\"_blank\" aria-label=\"Compartir en LinkedIn\" href='https:\/\/linkedin.com\/shareArticle?mini=true&#038;title=Calisto%20critica%20visita%20de%20Ministro%20Marcel%20a%20Ays%C3%A9n%3A%20%E2%80%9CEs%20un%20insulto%20que%20no%20haya%20propuesto%20medidas%20concretas%E2%80%9D&#038;url=https:\/\/radiorevelacionfm.cl\/?p=45332' aria-hidden='false' data-av_icon='\ue8fc' data-av_iconfont='entypo-fontello' title='' data-avia-related-tooltip='Compartir en LinkedIn' rel=\"noopener\"><span class='avia_hidden_link_text'>Compartir en LinkedIn<\/span><\/a><\/li><li class='av-share-link av-social-link-mail' ><a  aria-label=\"Compartir por correo\" href='mailto:?subject=Calisto%20critica%20visita%20de%20Ministro%20Marcel%20a%20Ays%C3%A9n%3A%20%E2%80%9CEs%20un%20insulto%20que%20no%20haya%20propuesto%20medidas%20concretas%E2%80%9D&#038;body=https:\/\/radiorevelacionfm.cl\/?p=45332' aria-hidden='false' data-av_icon='\ue805' data-av_iconfont='entypo-fontello' title='' data-avia-related-tooltip='Compartir por correo'><span class='avia_hidden_link_text'>Compartir por correo<\/span><\/a><\/li><\/ul><\/div><\/div>\n<div  style='height:50px' class='hr hr-invisible   avia-builder-el-8  el_after_av_social_share  el_before_av_comments_list '><span class='hr-inner ' ><span class='hr-inner-style'><\/span><\/span><\/div>\n<div  class='av-buildercomment  av-blog-meta-html-info-disabled av-blog-meta-tag-disabled  '><\/div>\n","protected":false},"excerpt":{"rendered":"","protected":false},"author":1,"featured_media":8618,"comment_status":"open","ping_status":"open","sticky":false,"template":"","format":"standard","meta":{"footnotes":""},"categories":[35],"tags":[],"class_list":["post-45332","post","type-post","status-publish","format-standard","has-post-thumbnail","hentry","category-politica"],"jetpack_featured_media_url":"https:\/\/radiorevelacionfm.cl\/wp-content\/uploads\/2021\/09\/Calisto_Subsidios-1.jpg","_links":{"self":[{"href":"https:\/\/radiorevelacionfm.cl\/index.php?rest_route=\/wp\/v2\/posts\/45332","targetHints":{"allow":["GET"]}}],"collection":[{"href":"https:\/\/radiorevelacionfm.cl\/index.php?rest_route=\/wp\/v2\/posts"}],"about":[{"href":"https:\/\/radiorevelacionfm.cl\/index.php?rest_route=\/wp\/v2\/types\/post"}],"author":[{"embeddable":true,"href":"https:\/\/radiorevelacionfm.cl\/index.php?rest_route=\/wp\/v2\/users\/1"}],"replies":[{"embeddable":true,"href":"https:\/\/radiorevelacionfm.cl\/index.php?rest_route=%2Fwp%2Fv2%2Fcomments&post=45332"}],"version-history":[{"count":1,"href":"https:\/\/radiorevelacionfm.cl\/index.php?rest_route=\/wp\/v2\/posts\/45332\/revisions"}],"predecessor-version":[{"id":45333,"href":"https:\/\/radiorevelacionfm.cl\/index.php?rest_route=\/wp\/v2\/posts\/45332\/revisions\/45333"}],"wp:featuredmedia":[{"embeddable":true,"href":"https:\/\/radiorevelacionfm.cl\/index.php?rest_route=\/wp\/v2\/media\/8618"}],"wp:attachment":[{"href":"https:\/\/radiorevelacionfm.cl\/index.php?rest_route=%2Fwp%2Fv2%2Fmedia&parent=45332"}],"wp:term":[{"taxonomy":"category","embeddable":true,"href":"https:\/\/radiorevelacionfm.cl\/index.php?rest_route=%2Fwp%2Fv2%2Fcategories&post=45332"},{"taxonomy":"post_tag","embeddable":true,"href":"https:\/\/radiorevelacionfm.cl\/index.php?rest_route=%2Fwp%2Fv2%2Ftags&post=45332"}],"curies":[{"name":"wp","href":"https:\/\/api.w.org\/{rel}","templated":true}]}}