{"id":45329,"date":"2024-08-20T20:22:32","date_gmt":"2024-08-20T23:22:32","guid":{"rendered":"https:\/\/radiorevelacionfm.cl\/?p=45329"},"modified":"2024-08-20T20:22:32","modified_gmt":"2024-08-20T23:22:32","slug":"coyhaique-tras-fatal-accidente-de-un-trabajador-fiscalia-solicito-diligencias-a-las-policias-para-esclarecer-el-hecho","status":"publish","type":"post","link":"https:\/\/radiorevelacionfm.cl\/?p=45329","title":{"rendered":"Coyhaique: Tras fatal accidente de un trabajador Fiscal\u00eda solicit\u00f3 diligencias a las polic\u00edas para esclarecer el hecho"},"content":{"rendered":"<div class=\"flex_column av_one_full  flex_column_div av-zero-column-padding first  avia-builder-el-0  el_before_av_one_full  avia-builder-el-first  \" style='border-radius:0px; '><div  class='avia-image-container  av-styling-    avia-builder-el-1  avia-builder-el-no-sibling  avia-align-center '  itemprop=\"image\" itemscope=\"itemscope\" itemtype=\"https:\/\/schema.org\/ImageObject\"  ><div class='avia-image-container-inner'><div class='avia-image-overlay-wrap'><img decoding=\"async\" class='wp-image-45330 avia-img-lazy-loading-not-45330 avia_image' src=\"https:\/\/radiorevelacionfm.cl\/wp-content\/uploads\/2024\/08\/Accidente-Coyh-20.08.24v2-1-1.jpg\" alt='' title='Accidente Coyh 20.08.24v2 (1) (1)' height=\"655\" width=\"801\"  itemprop=\"thumbnailUrl\" srcset=\"https:\/\/radiorevelacionfm.cl\/wp-content\/uploads\/2024\/08\/Accidente-Coyh-20.08.24v2-1-1.jpg 801w, https:\/\/radiorevelacionfm.cl\/wp-content\/uploads\/2024\/08\/Accidente-Coyh-20.08.24v2-1-1-300x245.jpg 300w, https:\/\/radiorevelacionfm.cl\/wp-content\/uploads\/2024\/08\/Accidente-Coyh-20.08.24v2-1-1-768x628.jpg 768w, https:\/\/radiorevelacionfm.cl\/wp-content\/uploads\/2024\/08\/Accidente-Coyh-20.08.24v2-1-1-705x576.jpg 705w, https:\/\/radiorevelacionfm.cl\/wp-content\/uploads\/2024\/08\/Accidente-Coyh-20.08.24v2-1-1-450x368.jpg 450w, https:\/\/radiorevelacionfm.cl\/wp-content\/uploads\/2024\/08\/Accidente-Coyh-20.08.24v2-1-1-600x491.jpg 600w\" sizes=\"(max-width: 801px) 100vw, 801px\" \/><\/div><\/div><\/div><\/div><div class=\"flex_column av_one_full  flex_column_div av-zero-column-padding first  avia-builder-el-2  el_after_av_one_full  el_before_av_one_full  column-top-margin\" style='border-radius:0px; '><section class=\"av_textblock_section \"  itemscope=\"itemscope\" itemtype=\"https:\/\/schema.org\/BlogPosting\" itemprop=\"blogPost\" ><div class='avia_textblock  '   itemprop=\"text\" ><p style=\"text-align: center;\"><strong><span style=\"font-size: 18pt;\">Coyhaique: Tras fatal accidente de un trabajador Fiscal\u00eda solicit\u00f3 diligencias a las polic\u00edas para esclarecer el hecho<\/span><\/strong><\/p>\n<div id=\"gtx-trans\" style=\"position: absolute; left: -50px; top: 4.31534px;\">\n<div class=\"gtx-trans-icon\"><\/div>\n<\/div>\n<\/div><\/section><\/div><div class=\"flex_column av_one_full  flex_column_div av-zero-column-padding first  avia-builder-el-4  el_after_av_one_full  el_before_av_hr  column-top-margin\" style='border-radius:0px; '><section class=\"av_textblock_section \"  itemscope=\"itemscope\" itemtype=\"https:\/\/schema.org\/BlogPosting\" itemprop=\"blogPost\" ><div class='avia_textblock  '   itemprop=\"text\" ><p style=\"font-weight: 400; text-align: justify;\">La Fiscal\u00eda Local de Coyhaique solicit\u00f3 diligencias a la Brigada de Homicidios de la PDI y a la Secci\u00f3n de Investigaci\u00f3n de Accidentes en el Tr\u00e1nsito de Carabineros, SIAT, luego del fallecimiento de un trabajador independiente ocurrido esta ma\u00f1ana a ra\u00edz de un accidente en el sector del bypass en Coyhaique.<\/p>\n<p style=\"font-weight: 400; text-align: justify;\">Seg\u00fan explic\u00f3 el fiscal adjunto subrogante de Coyhaique, Eduardo Esc\u00e1rate, quien concurri\u00f3 al sitio del suceso, \u201choy se recibi\u00f3 un llamado al tel\u00e9fono del turno de la Fiscal\u00eda local, para los efectos de concurrir hasta un sitio del suceso ubicado en la ruta 7 Sur, atendido que se encontraba una persona fallecida\u201d.<\/p>\n<p style=\"font-weight: 400; text-align: justify;\">El abogado agreg\u00f3 que la v\u00edctima habr\u00eda tenido \u201cproblemas mec\u00e1nicos en su cami\u00f3n\u201d, el cual estacion\u00f3 en un lugar con pendiente.<\/p>\n<p style=\"font-weight: 400; text-align: justify;\">En dichas circunstancias, a\u00f1adi\u00f3, \u201cse encontraba desconectando una pieza del veh\u00edculo, este se desliza siendo aplastado, perdiendo la vida en el lugar\u201d. A la emergencia concurrieron funcionarios \u201cde bomberos, quienes rescataron a la v\u00edctima, pero lamentablemente este ya se encontraba sin vida. En el sitio del suceso tambi\u00e9n concurri\u00f3 la Brigada de Homicidios de la PDI y la SIAT de Carabineros, quienes realizaron trabajos correspondientes a su especialidad\u201d.<\/p>\n<p style=\"font-weight: 400; text-align: justify;\">El fiscal subrogante dijo que el cuerpo fue llevado al Servicio M\u00e9dico Legal para los efectos de realizar la autopsia de rigor.<\/p>\n<\/div><\/section><\/div><div  style='height:50px' class='hr hr-invisible   avia-builder-el-6  el_after_av_one_full  el_before_av_social_share '><span class='hr-inner ' ><span class='hr-inner-style'><\/span><\/span><\/div><\/p>\n<div  class='av-social-sharing-box  avia-builder-el-7  el_after_av_hr  el_before_av_hr  '><div class='av-share-box'><h5 class='av-share-link-description av-no-toc '>Compartir esta noticia<\/h5><ul class='av-share-box-list noLightbox'><li class='av-share-link av-social-link-facebook' ><a target=\"_blank\" aria-label=\"Compartir en Facebook\" href='https:\/\/www.facebook.com\/sharer.php?u=https:\/\/radiorevelacionfm.cl\/?p=45329&#038;t=Coyhaique%3A%20Tras%20fatal%20accidente%20de%20un%20trabajador%20Fiscal%C3%ADa%20solicit%C3%B3%20diligencias%20a%20las%20polic%C3%ADas%20para%20esclarecer%20el%20hecho' aria-hidden='false' data-av_icon='\ue8f3' data-av_iconfont='entypo-fontello' title='' data-avia-related-tooltip='Compartir en Facebook' rel=\"noopener\"><span class='avia_hidden_link_text'>Compartir en Facebook<\/span><\/a><\/li><li class='av-share-link av-social-link-twitter' ><a target=\"_blank\" aria-label=\"Compartir en Twitter\" href='https:\/\/twitter.com\/share?text=Coyhaique%3A%20Tras%20fatal%20accidente%20de%20un%20trabajador%20Fiscal%C3%ADa%20solicit%C3%B3%20diligencias%20a%20las%20polic%C3%ADas%20para%20esclarecer%20el%20hecho&#038;url=https:\/\/radiorevelacionfm.cl\/?p=45329' aria-hidden='false' data-av_icon='\ue8f1' data-av_iconfont='entypo-fontello' title='' data-avia-related-tooltip='Compartir en Twitter' rel=\"noopener\"><span class='avia_hidden_link_text'>Compartir en Twitter<\/span><\/a><\/li><li class='av-share-link av-social-link-whatsapp' ><a target=\"_blank\" aria-label=\"Compartir en Whatsapp\" href='https:\/\/api.whatsapp.com\/send?text=https:\/\/radiorevelacionfm.cl\/?p=45329' aria-hidden='false' data-av_icon='\uf232' data-av_iconfont='entypo-fontello' title='' data-avia-related-tooltip='Compartir en Whatsapp' rel=\"noopener\"><span class='avia_hidden_link_text'>Compartir en Whatsapp<\/span><\/a><\/li><li class='av-share-link av-social-link-linkedin' ><a target=\"_blank\" aria-label=\"Compartir en LinkedIn\" href='https:\/\/linkedin.com\/shareArticle?mini=true&#038;title=Coyhaique%3A%20Tras%20fatal%20accidente%20de%20un%20trabajador%20Fiscal%C3%ADa%20solicit%C3%B3%20diligencias%20a%20las%20polic%C3%ADas%20para%20esclarecer%20el%20hecho&#038;url=https:\/\/radiorevelacionfm.cl\/?p=45329' aria-hidden='false' data-av_icon='\ue8fc' data-av_iconfont='entypo-fontello' title='' data-avia-related-tooltip='Compartir en LinkedIn' rel=\"noopener\"><span class='avia_hidden_link_text'>Compartir en LinkedIn<\/span><\/a><\/li><li class='av-share-link av-social-link-mail' ><a  aria-label=\"Compartir por correo\" href='mailto:?subject=Coyhaique%3A%20Tras%20fatal%20accidente%20de%20un%20trabajador%20Fiscal%C3%ADa%20solicit%C3%B3%20diligencias%20a%20las%20polic%C3%ADas%20para%20esclarecer%20el%20hecho&#038;body=https:\/\/radiorevelacionfm.cl\/?p=45329' aria-hidden='false' data-av_icon='\ue805' data-av_iconfont='entypo-fontello' title='' data-avia-related-tooltip='Compartir por correo'><span class='avia_hidden_link_text'>Compartir por correo<\/span><\/a><\/li><\/ul><\/div><\/div>\n<div  style='height:50px' class='hr hr-invisible   avia-builder-el-8  el_after_av_social_share  el_before_av_comments_list '><span class='hr-inner ' ><span class='hr-inner-style'><\/span><\/span><\/div>\n<div  class='av-buildercomment  av-blog-meta-html-info-disabled av-blog-meta-tag-disabled  '><\/div>\n","protected":false},"excerpt":{"rendered":"","protected":false},"author":1,"featured_media":45330,"comment_status":"open","ping_status":"open","sticky":false,"template":"","format":"standard","meta":{"footnotes":""},"categories":[55],"tags":[],"class_list":["post-45329","post","type-post","status-publish","format-standard","has-post-thumbnail","hentry","category-justicia"],"jetpack_featured_media_url":"https:\/\/radiorevelacionfm.cl\/wp-content\/uploads\/2024\/08\/Accidente-Coyh-20.08.24v2-1-1.jpg","_links":{"self":[{"href":"https:\/\/radiorevelacionfm.cl\/index.php?rest_route=\/wp\/v2\/posts\/45329","targetHints":{"allow":["GET"]}}],"collection":[{"href":"https:\/\/radiorevelacionfm.cl\/index.php?rest_route=\/wp\/v2\/posts"}],"about":[{"href":"https:\/\/radiorevelacionfm.cl\/index.php?rest_route=\/wp\/v2\/types\/post"}],"author":[{"embeddable":true,"href":"https:\/\/radiorevelacionfm.cl\/index.php?rest_route=\/wp\/v2\/users\/1"}],"replies":[{"embeddable":true,"href":"https:\/\/radiorevelacionfm.cl\/index.php?rest_route=%2Fwp%2Fv2%2Fcomments&post=45329"}],"version-history":[{"count":1,"href":"https:\/\/radiorevelacionfm.cl\/index.php?rest_route=\/wp\/v2\/posts\/45329\/revisions"}],"predecessor-version":[{"id":45331,"href":"https:\/\/radiorevelacionfm.cl\/index.php?rest_route=\/wp\/v2\/posts\/45329\/revisions\/45331"}],"wp:featuredmedia":[{"embeddable":true,"href":"https:\/\/radiorevelacionfm.cl\/index.php?rest_route=\/wp\/v2\/media\/45330"}],"wp:attachment":[{"href":"https:\/\/radiorevelacionfm.cl\/index.php?rest_route=%2Fwp%2Fv2%2Fmedia&parent=45329"}],"wp:term":[{"taxonomy":"category","embeddable":true,"href":"https:\/\/radiorevelacionfm.cl\/index.php?rest_route=%2Fwp%2Fv2%2Fcategories&post=45329"},{"taxonomy":"post_tag","embeddable":true,"href":"https:\/\/radiorevelacionfm.cl\/index.php?rest_route=%2Fwp%2Fv2%2Ftags&post=45329"}],"curies":[{"name":"wp","href":"https:\/\/api.w.org\/{rel}","templated":true}]}}