{"id":45326,"date":"2024-08-20T18:03:36","date_gmt":"2024-08-20T21:03:36","guid":{"rendered":"https:\/\/radiorevelacionfm.cl\/?p=45326"},"modified":"2024-08-20T18:03:36","modified_gmt":"2024-08-20T21:03:36","slug":"con-participacion-ciudadana-inician-gestion-para-nuevo-subsidio-de-transportes-puerto-rio-tranquilo-coyhaique","status":"publish","type":"post","link":"https:\/\/radiorevelacionfm.cl\/?p=45326","title":{"rendered":"Con participaci\u00f3n ciudadana inician gesti\u00f3n para nuevo subsidio de transportes Puerto R\u00edo Tranquilo &#8211; Coyhaique"},"content":{"rendered":"<div class=\"flex_column av_one_full  flex_column_div av-zero-column-padding first  avia-builder-el-0  el_before_av_one_full  avia-builder-el-first  \" style='border-radius:0px; '><div  class='avia-image-container  av-styling-    avia-builder-el-1  avia-builder-el-no-sibling  avia-align-center '  itemprop=\"image\" itemscope=\"itemscope\" itemtype=\"https:\/\/schema.org\/ImageObject\"  ><div class='avia-image-container-inner'><div class='avia-image-overlay-wrap'><img decoding=\"async\" class='wp-image-45327 avia-img-lazy-loading-not-45327 avia_image' src=\"https:\/\/radiorevelacionfm.cl\/wp-content\/uploads\/2024\/08\/DSC_8734-1-1.jpg\" alt='' title='DSC_8734 (1) (1)' height=\"600\" width=\"903\"  itemprop=\"thumbnailUrl\" srcset=\"https:\/\/radiorevelacionfm.cl\/wp-content\/uploads\/2024\/08\/DSC_8734-1-1.jpg 903w, https:\/\/radiorevelacionfm.cl\/wp-content\/uploads\/2024\/08\/DSC_8734-1-1-300x199.jpg 300w, https:\/\/radiorevelacionfm.cl\/wp-content\/uploads\/2024\/08\/DSC_8734-1-1-768x510.jpg 768w, https:\/\/radiorevelacionfm.cl\/wp-content\/uploads\/2024\/08\/DSC_8734-1-1-705x468.jpg 705w, https:\/\/radiorevelacionfm.cl\/wp-content\/uploads\/2024\/08\/DSC_8734-1-1-450x299.jpg 450w, https:\/\/radiorevelacionfm.cl\/wp-content\/uploads\/2024\/08\/DSC_8734-1-1-600x399.jpg 600w\" sizes=\"(max-width: 903px) 100vw, 903px\" \/><\/div><\/div><\/div><\/div><div class=\"flex_column av_one_full  flex_column_div av-zero-column-padding first  avia-builder-el-2  el_after_av_one_full  el_before_av_one_full  column-top-margin\" style='border-radius:0px; '><section class=\"av_textblock_section \"  itemscope=\"itemscope\" itemtype=\"https:\/\/schema.org\/BlogPosting\" itemprop=\"blogPost\" ><div class='avia_textblock  '   itemprop=\"text\" ><p style=\"text-align: center;\"><span style=\"font-size: 18pt;\"><b>Con participaci\u00f3n ciudadana inician gesti\u00f3n para nuevo subsidio de transportes Puerto R\u00edo Tranquilo &#8211; Coyhaique<\/b><\/span><\/p>\n<div id=\"gtx-trans\" style=\"position: absolute; left: -50px; top: 4.31534px;\">\n<div class=\"gtx-trans-icon\"><\/div>\n<\/div>\n<\/div><\/section><\/div><div class=\"flex_column av_one_full  flex_column_div av-zero-column-padding first  avia-builder-el-4  el_after_av_one_full  el_before_av_hr  column-top-margin\" style='border-radius:0px; '><section class=\"av_textblock_section \"  itemscope=\"itemscope\" itemtype=\"https:\/\/schema.org\/BlogPosting\" itemprop=\"blogPost\" ><div class='avia_textblock  '   itemprop=\"text\" ><p style=\"text-align: justify;\">Una numerosa convocatoria y la activa intervenci\u00f3n de vecinos y vecinas marco la jornada de participaci\u00f3n ciudadana para el dise\u00f1o de un nuevo subsidio de transporte p\u00fablico, en el tramo entre Puerto R\u00edo Tranquilo y Coyhaique. Con esta finalidad, el equipo de la Divisi\u00f3n de Transporte P\u00fablico Regional (DTPR), liderado por el seremiTT Hans Zimmermann, recogieron los principales requerimientos de los asistentes, en t\u00e9rminos de frecuencia de viajes, preferencias de itinerario, tarifas y otros aspectos del servicio.<\/p>\n<p style=\"text-align: justify;\">El seremiTT Hans Zimmermann, indic\u00f3 que responder a este requerimiento forma parte de los compromisos de gobierno del presidente Gabriel Boric, de atender las necesidades de traslado en sectores en donde exista un d\u00e9ficit en la oferta de transporte p\u00fablico. \u201cRealizamos un levantamiento de informaci\u00f3n identificando cu\u00e1les son las principales necesidades de viaje. Las necesidades abundan en materia de salud, educaci\u00f3n, trabajo, tr\u00e1mites generales que tienen que hacer los vecinos de Puerto R\u00edo Tranquilo en la capital regional. Lo que buscamos, es instalar un servicio que responda a las necesidades de movilizaci\u00f3n de quienes habitan en este lugar tan tur\u00edstico por lo dem\u00e1s y que pueda tener tarifas accesibles, porque sabemos que los servicios de transporte son fundamentales para el desarrollo de la vida cotidiana de las personas\u201d, concluy\u00f3 la autoridad.<\/p>\n<p style=\"text-align: justify;\">Este trabajo se origina a partir de la articulaci\u00f3n con la junta de vecinos que formaliz\u00f3 la solicitud para un nuevo recorrido subvencionado. En su solicitud, se explica c\u00f3mo muchas veces no es posible asegurar sus pasajes en las empresas que cubren la ruta, ya que al provenir de Cochrane, frecuentemente su capacidad ya est\u00e1 cubierta. Esto genera mayores problemas sobre todo en verano, en donde la temporada tur\u00edstica y el explosivo aumento de la demanda, incrementa sus dificultades de movilizaci\u00f3n.<\/p>\n<p style=\"text-align: justify;\">Gloria Jaramillo, presidenta de la junta de vecinos N\u00b06 de R\u00edo Tranquilo, tambi\u00e9n se refiri\u00f3 al alto costo que implica para muchos habitantes de R\u00edo Tranquilo acudir a Coyhaique:\u00a0 \u201cNosotros nos vemos afectados porque en este momento los buses cobran sobre 20 mil pesos para viajar a Coyhaique. Algunos buses hacen ida y vuelta, pero si nos alojamos en Coyhaique significan unos 50 mil pesos m\u00e1s para alojarse en una caba\u00f1a en Coyhaique, si pensamos en una familia. Si va solo una persona, ser\u00edan 30 mil pesos m\u00e1s, y m\u00e1s los pasajes de ida y vuelta, ser\u00edan 70 mil pesos que se debe contar solo para ir a quedarse un d\u00eda a Coyhaique y hacer los tr\u00e1mites. Por eso estamos s\u00faper interesados en que pudiera salir este beneficio para R\u00edo Tranquilo, porque en la comuna lo tienen Bah\u00eda Murta, Puerto S\u00e1nchez, y nos vemos como un poco dejados de lado. As\u00ed que ojal\u00e1 pronto podamos subirnos al bus hacia Coyhaique para que todos se beneficien\u201d.<\/p>\n<p style=\"text-align: justify;\">Desde la seremiTT se adquiri\u00f3 el compromiso de entregar a las vecinas y a los vecinos el dise\u00f1o de subsidio de transporte que resulte de este ejercicio de participaci\u00f3n, a fin de validar sus conclusiones, previo al proceso de licitaci\u00f3n.<\/p>\n<\/div><\/section><\/div><div  style='height:50px' class='hr hr-invisible   avia-builder-el-6  el_after_av_one_full  el_before_av_social_share '><span class='hr-inner ' ><span class='hr-inner-style'><\/span><\/span><\/div><\/p>\n<div  class='av-social-sharing-box  avia-builder-el-7  el_after_av_hr  el_before_av_hr  '><div class='av-share-box'><h5 class='av-share-link-description av-no-toc '>Compartir esta noticia<\/h5><ul class='av-share-box-list noLightbox'><li class='av-share-link av-social-link-facebook' ><a target=\"_blank\" aria-label=\"Compartir en Facebook\" href='https:\/\/www.facebook.com\/sharer.php?u=https:\/\/radiorevelacionfm.cl\/?p=45326&#038;t=Con%20participaci%C3%B3n%20ciudadana%20inician%20gesti%C3%B3n%20para%20nuevo%20subsidio%20de%20transportes%20Puerto%20R%C3%ADo%20Tranquilo%20%E2%80%93%20Coyhaique' aria-hidden='false' data-av_icon='\ue8f3' data-av_iconfont='entypo-fontello' title='' data-avia-related-tooltip='Compartir en Facebook' rel=\"noopener\"><span class='avia_hidden_link_text'>Compartir en Facebook<\/span><\/a><\/li><li class='av-share-link av-social-link-twitter' ><a target=\"_blank\" aria-label=\"Compartir en Twitter\" href='https:\/\/twitter.com\/share?text=Con%20participaci%C3%B3n%20ciudadana%20inician%20gesti%C3%B3n%20para%20nuevo%20subsidio%20de%20transportes%20Puerto%20R%C3%ADo%20Tranquilo%20%E2%80%93%20Coyhaique&#038;url=https:\/\/radiorevelacionfm.cl\/?p=45326' aria-hidden='false' data-av_icon='\ue8f1' data-av_iconfont='entypo-fontello' title='' data-avia-related-tooltip='Compartir en Twitter' rel=\"noopener\"><span class='avia_hidden_link_text'>Compartir en Twitter<\/span><\/a><\/li><li class='av-share-link av-social-link-whatsapp' ><a target=\"_blank\" aria-label=\"Compartir en Whatsapp\" href='https:\/\/api.whatsapp.com\/send?text=https:\/\/radiorevelacionfm.cl\/?p=45326' aria-hidden='false' data-av_icon='\uf232' data-av_iconfont='entypo-fontello' title='' data-avia-related-tooltip='Compartir en Whatsapp' rel=\"noopener\"><span class='avia_hidden_link_text'>Compartir en Whatsapp<\/span><\/a><\/li><li class='av-share-link av-social-link-linkedin' ><a target=\"_blank\" aria-label=\"Compartir en LinkedIn\" href='https:\/\/linkedin.com\/shareArticle?mini=true&#038;title=Con%20participaci%C3%B3n%20ciudadana%20inician%20gesti%C3%B3n%20para%20nuevo%20subsidio%20de%20transportes%20Puerto%20R%C3%ADo%20Tranquilo%20%E2%80%93%20Coyhaique&#038;url=https:\/\/radiorevelacionfm.cl\/?p=45326' aria-hidden='false' data-av_icon='\ue8fc' data-av_iconfont='entypo-fontello' title='' data-avia-related-tooltip='Compartir en LinkedIn' rel=\"noopener\"><span class='avia_hidden_link_text'>Compartir en LinkedIn<\/span><\/a><\/li><li class='av-share-link av-social-link-mail' ><a  aria-label=\"Compartir por correo\" href='mailto:?subject=Con%20participaci%C3%B3n%20ciudadana%20inician%20gesti%C3%B3n%20para%20nuevo%20subsidio%20de%20transportes%20Puerto%20R%C3%ADo%20Tranquilo%20%E2%80%93%20Coyhaique&#038;body=https:\/\/radiorevelacionfm.cl\/?p=45326' aria-hidden='false' data-av_icon='\ue805' data-av_iconfont='entypo-fontello' title='' data-avia-related-tooltip='Compartir por correo'><span class='avia_hidden_link_text'>Compartir por correo<\/span><\/a><\/li><\/ul><\/div><\/div>\n<div  style='height:50px' class='hr hr-invisible   avia-builder-el-8  el_after_av_social_share  el_before_av_comments_list '><span class='hr-inner ' ><span class='hr-inner-style'><\/span><\/span><\/div>\n<div  class='av-buildercomment  av-blog-meta-html-info-disabled av-blog-meta-tag-disabled  '><\/div>\n","protected":false},"excerpt":{"rendered":"","protected":false},"author":1,"featured_media":45327,"comment_status":"open","ping_status":"open","sticky":false,"template":"","format":"standard","meta":{"footnotes":""},"categories":[59],"tags":[],"class_list":["post-45326","post","type-post","status-publish","format-standard","has-post-thumbnail","hentry","category-transporte"],"jetpack_featured_media_url":"https:\/\/radiorevelacionfm.cl\/wp-content\/uploads\/2024\/08\/DSC_8734-1-1.jpg","_links":{"self":[{"href":"https:\/\/radiorevelacionfm.cl\/index.php?rest_route=\/wp\/v2\/posts\/45326","targetHints":{"allow":["GET"]}}],"collection":[{"href":"https:\/\/radiorevelacionfm.cl\/index.php?rest_route=\/wp\/v2\/posts"}],"about":[{"href":"https:\/\/radiorevelacionfm.cl\/index.php?rest_route=\/wp\/v2\/types\/post"}],"author":[{"embeddable":true,"href":"https:\/\/radiorevelacionfm.cl\/index.php?rest_route=\/wp\/v2\/users\/1"}],"replies":[{"embeddable":true,"href":"https:\/\/radiorevelacionfm.cl\/index.php?rest_route=%2Fwp%2Fv2%2Fcomments&post=45326"}],"version-history":[{"count":1,"href":"https:\/\/radiorevelacionfm.cl\/index.php?rest_route=\/wp\/v2\/posts\/45326\/revisions"}],"predecessor-version":[{"id":45328,"href":"https:\/\/radiorevelacionfm.cl\/index.php?rest_route=\/wp\/v2\/posts\/45326\/revisions\/45328"}],"wp:featuredmedia":[{"embeddable":true,"href":"https:\/\/radiorevelacionfm.cl\/index.php?rest_route=\/wp\/v2\/media\/45327"}],"wp:attachment":[{"href":"https:\/\/radiorevelacionfm.cl\/index.php?rest_route=%2Fwp%2Fv2%2Fmedia&parent=45326"}],"wp:term":[{"taxonomy":"category","embeddable":true,"href":"https:\/\/radiorevelacionfm.cl\/index.php?rest_route=%2Fwp%2Fv2%2Fcategories&post=45326"},{"taxonomy":"post_tag","embeddable":true,"href":"https:\/\/radiorevelacionfm.cl\/index.php?rest_route=%2Fwp%2Fv2%2Ftags&post=45326"}],"curies":[{"name":"wp","href":"https:\/\/api.w.org\/{rel}","templated":true}]}}