{"id":45323,"date":"2024-08-20T16:36:39","date_gmt":"2024-08-20T19:36:39","guid":{"rendered":"https:\/\/radiorevelacionfm.cl\/?p=45323"},"modified":"2024-08-20T16:36:39","modified_gmt":"2024-08-20T19:36:39","slug":"inicia-actualizacion-del-plan-de-descontaminacion-coyhaique-con-primera-sesion-del-comite-operativo","status":"publish","type":"post","link":"https:\/\/radiorevelacionfm.cl\/?p=45323","title":{"rendered":"Inicia actualizaci\u00f3n del Plan de Descontaminaci\u00f3n Coyhaique con primera sesi\u00f3n del Comit\u00e9 Operativo"},"content":{"rendered":"<div class=\"flex_column av_one_full  flex_column_div av-zero-column-padding first  avia-builder-el-0  el_before_av_one_full  avia-builder-el-first  \" style='border-radius:0px; '><div  class='avia-image-container  av-styling-    avia-builder-el-1  avia-builder-el-no-sibling  avia-align-center '  itemprop=\"image\" itemscope=\"itemscope\" itemtype=\"https:\/\/schema.org\/ImageObject\"  ><div class='avia-image-container-inner'><div class='avia-image-overlay-wrap'><img decoding=\"async\" class='wp-image-45324 avia-img-lazy-loading-not-45324 avia_image' src=\"https:\/\/radiorevelacionfm.cl\/wp-content\/uploads\/2024\/08\/20240820_143353036_ios-1_optimized-1.jpg\" alt='' title='20240820_143353036_ios-(1)_optimized (1)' height=\"600\" width=\"1067\"  itemprop=\"thumbnailUrl\" srcset=\"https:\/\/radiorevelacionfm.cl\/wp-content\/uploads\/2024\/08\/20240820_143353036_ios-1_optimized-1.jpg 1067w, https:\/\/radiorevelacionfm.cl\/wp-content\/uploads\/2024\/08\/20240820_143353036_ios-1_optimized-1-300x169.jpg 300w, https:\/\/radiorevelacionfm.cl\/wp-content\/uploads\/2024\/08\/20240820_143353036_ios-1_optimized-1-1030x579.jpg 1030w, https:\/\/radiorevelacionfm.cl\/wp-content\/uploads\/2024\/08\/20240820_143353036_ios-1_optimized-1-768x432.jpg 768w, https:\/\/radiorevelacionfm.cl\/wp-content\/uploads\/2024\/08\/20240820_143353036_ios-1_optimized-1-705x396.jpg 705w, https:\/\/radiorevelacionfm.cl\/wp-content\/uploads\/2024\/08\/20240820_143353036_ios-1_optimized-1-450x253.jpg 450w, https:\/\/radiorevelacionfm.cl\/wp-content\/uploads\/2024\/08\/20240820_143353036_ios-1_optimized-1-600x337.jpg 600w\" sizes=\"(max-width: 1067px) 100vw, 1067px\" \/><\/div><\/div><\/div><\/div><div class=\"flex_column av_one_full  flex_column_div av-zero-column-padding first  avia-builder-el-2  el_after_av_one_full  el_before_av_one_full  column-top-margin\" style='border-radius:0px; '><section class=\"av_textblock_section \"  itemscope=\"itemscope\" itemtype=\"https:\/\/schema.org\/BlogPosting\" itemprop=\"blogPost\" ><div class='avia_textblock  '   itemprop=\"text\" ><p style=\"text-align: center;\"><span style=\"font-size: 18pt;\"><strong>Inicia actualizaci\u00f3n del Plan de Descontaminaci\u00f3n Coyhaique con primera sesi\u00f3n del Comit\u00e9 Operativo<\/strong><\/span><\/p>\n<div id=\"gtx-trans\" style=\"position: absolute; left: -50px; top: 4.31534px;\">\n<div class=\"gtx-trans-icon\"><\/div>\n<\/div>\n<\/div><\/section><\/div><div class=\"flex_column av_one_full  flex_column_div av-zero-column-padding first  avia-builder-el-4  el_after_av_one_full  el_before_av_hr  column-top-margin\" style='border-radius:0px; '><section class=\"av_textblock_section \"  itemscope=\"itemscope\" itemtype=\"https:\/\/schema.org\/BlogPosting\" itemprop=\"blogPost\" ><div class='avia_textblock  '   itemprop=\"text\" ><p style=\"text-align: justify;\">Desde el a\u00f1o 2019, la ciudad de Coyhaique y su zona circundante, cuentan con un Plan de Descontaminaci\u00f3n Atmosf\u00e9rica por material particulado grueso y fino MP10 y MP2,5 a cinco a\u00f1os de su entrada en vigencia se activa el proceso de revisi\u00f3n y actualizaci\u00f3n para fortalecer e incorporar nuevas medidas.<\/p>\n<p style=\"text-align: justify;\">\u201cEstamos en la constituci\u00f3n del Comit\u00e9 Operativo para la actualizaci\u00f3n del Plan de Descontaminaci\u00f3n Atmosf\u00e9rico de Coyhaique, poniendo distintos \u00e9nfasis particularmente en el trabajo colaborativo que nos permita avanzar en medidas que sean mucho m\u00e1s ambiciosas, y tambi\u00e9n avanzar en innovaci\u00f3n, que es una de las formas para lograr, esta tan ansiada descontaminaci\u00f3n de la ciudad\u201d, declar\u00f3 el Seremi del Medio Ambiente, Yoal D\u00edaz.<\/p>\n<p style=\"text-align: justify;\">La primera sesi\u00f3n cont\u00f3 con la exposici\u00f3n de la Coordinadora de planes zona sur de la Superintendencia del Medio Ambiente, SMA, Jeanette Caroca, quien explic\u00f3 \u201ccomo Superintendencia de Medio Ambiente tenemos la gran labor de poder fiscalizar los instrumentos de gesti\u00f3n ambiental y entre ellos est\u00e1 el Plan de Contaminaci\u00f3n Atmosf\u00e9rica. Nosotros levantamos la informaci\u00f3n anualmente de los avances de las medidas, de los planes de descontaminaci\u00f3n, en especial de Coyhaique que, si bien hemos visto avance de las medidas, nos falta mucho todav\u00eda queremos bajar los niveles de contaminaci\u00f3n, espec\u00edficamente cierto material particulado. PM 2,5 y para ello esta instancia de la actualizaci\u00f3n del plan es una gran oportunidad para que los servicios puedan ser implementar nuevas medidas o modificar las que ya est\u00e1n para poder alcanzar estos niveles\u201d.<\/p>\n<p style=\"text-align: justify;\">Dado que la combusti\u00f3n residencial de la principal fuente de emisi\u00f3n de MP10 y MP2,5 en la zona, el Plan est\u00e1 dirigido principalmente a reducir las emisiones de este sector, considerando cuatro pilares fundamentales: mejoramiento de la eficiencia t\u00e9rmica de las viviendas, mejoramiento de la calidad de los artefactos, diversificaci\u00f3n de la matriz de combustibles, y educar y difundir las medidas en la ciudadan\u00eda.<\/p>\n<p style=\"text-align: justify;\">El avance de las medidas del PDA Coyhaique corresponde a 9.134 artefactos a le\u00f1a recambiados, lo que se traduce en un 61% de la meta asignada; en mayo de 2022 la Seremi de Vivienda inform\u00f3 un avance del 53% de la meta de 7.000 subsidios t\u00e9rmicos y dentro de los avances para el secado de le\u00f1a que corresponde a la SEREMI de Energ\u00eda, se cuenta con 2 secadores y una capacidad de 3.700 metros c\u00fabicos al a\u00f1o.<\/p>\n<p style=\"text-align: justify;\">La elaboraci\u00f3n del anteproyecto del PDA tiene como plazo 1 a\u00f1o (ampliable) desde la publicaci\u00f3n de la Res de inicio en el Diario oficial, en julio de este a\u00f1o. La elaboraci\u00f3n del anteproyecto est\u00e1 a cargo del Comit\u00e9 Operativo que hoy se conforma y sesiona por primera vez compuesto por: Delegaci\u00f3n Presidencial Regional, Gobierno Regional, I. Municipalidad de Coyhaique, SEREMI de Energ\u00eda, SEREMI de Vivienda y Urbanismo, SEREMI de Salud, SEREMI de Educaci\u00f3n, SEREMI de Transporte y telecomunicaciones, Servicio de Vivienda y Urbanismo y Superintendencia de Medio Ambiente.<\/p>\n<p style=\"text-align: justify;\">Adem\u00e1s del diagn\u00f3stico entregado por la SMA, los servicios integrantes, en raz\u00f3n adem\u00e1s de la experiencia en la ejecuci\u00f3n del PDA ya propusieron diversos avances desde cada vereda \u00a0\u201cen esta discusi\u00f3n llegar a un acuerdo transversal de que una de las medidas m\u00e1s significativas para generar un impacto y un cambio en la conducta, que es lo que tambi\u00e9n esperamos, tiene que ver con la educaci\u00f3n y las medidas que se relacionadas con la promoci\u00f3n y la prevenci\u00f3n\u201d, destac\u00f3 la Seremi de Salud, Carmen Monsalve, agregando que esperan poder desarrollar, analizar datos, estudios que den muestras cierto del impacto que tiene el material particulado sobre la salud de las personas en la regi\u00f3n y en base a eso poder generar mecanismos de intervenci\u00f3n comunitaria.<\/p>\n<p style=\"text-align: justify;\">Por su parte la Seremi MINVU, Paulina Ruz destac\u00f3 el grado de avance la medida\u00a0 de subsidios comprometida en el PDA pero indic\u00f3 que \u201cello tambi\u00e9n hace que nosotros a trav\u00e9s de este tipo de iniciativas, podamos revisar qu\u00e9 es lo que falta, qu\u00e9 otras medidas se pueden tomar, entendiendo que la medida preventiva de poder tener viviendas con acondicionamiento t\u00e9rmico, con recursos disponibles para ello, adem\u00e1s de mejorar la calidad de vida de las familias, permite que el costo que ellos tengan en el caso de la energ\u00eda el\u00e9ctrica sea menor o de otro tipo de energ\u00eda\u201d.<\/p>\n<p style=\"text-align: justify;\">Finalmente, el Seremi de Energ\u00eda, Tom\u00e1s Laibe, visualiz\u00f3 la actualizaci\u00f3n del Plan desde el necesario cruce con la ley de Biocombustibles, pero adem\u00e1s apost\u00f3 a \u201cdar un salto en t\u00e9rminos de c\u00f3mo podemos inyectar energ\u00eda renovable tambi\u00e9n a los hogares y que de esa forma tambi\u00e9n podamos habilitar que las personas puedan transitar hacia otro tipo de calefacci\u00f3n\u201d, concluy\u00f3.<\/p>\n<\/div><\/section><\/div><div  style='height:50px' class='hr hr-invisible   avia-builder-el-6  el_after_av_one_full  el_before_av_social_share '><span class='hr-inner ' ><span class='hr-inner-style'><\/span><\/span><\/div><\/p>\n<div  class='av-social-sharing-box  avia-builder-el-7  el_after_av_hr  el_before_av_hr  '><div class='av-share-box'><h5 class='av-share-link-description av-no-toc '>Compartir esta noticia<\/h5><ul class='av-share-box-list noLightbox'><li class='av-share-link av-social-link-facebook' ><a target=\"_blank\" aria-label=\"Compartir en Facebook\" href='https:\/\/www.facebook.com\/sharer.php?u=https:\/\/radiorevelacionfm.cl\/?p=45323&#038;t=Inicia%20actualizaci%C3%B3n%20del%20Plan%20de%20Descontaminaci%C3%B3n%20Coyhaique%20con%20primera%20sesi%C3%B3n%20del%20Comit%C3%A9%20Operativo' aria-hidden='false' data-av_icon='\ue8f3' data-av_iconfont='entypo-fontello' title='' data-avia-related-tooltip='Compartir en Facebook' rel=\"noopener\"><span class='avia_hidden_link_text'>Compartir en Facebook<\/span><\/a><\/li><li class='av-share-link av-social-link-twitter' ><a target=\"_blank\" aria-label=\"Compartir en Twitter\" href='https:\/\/twitter.com\/share?text=Inicia%20actualizaci%C3%B3n%20del%20Plan%20de%20Descontaminaci%C3%B3n%20Coyhaique%20con%20primera%20sesi%C3%B3n%20del%20Comit%C3%A9%20Operativo&#038;url=https:\/\/radiorevelacionfm.cl\/?p=45323' aria-hidden='false' data-av_icon='\ue8f1' data-av_iconfont='entypo-fontello' title='' data-avia-related-tooltip='Compartir en Twitter' rel=\"noopener\"><span class='avia_hidden_link_text'>Compartir en Twitter<\/span><\/a><\/li><li class='av-share-link av-social-link-whatsapp' ><a target=\"_blank\" aria-label=\"Compartir en Whatsapp\" href='https:\/\/api.whatsapp.com\/send?text=https:\/\/radiorevelacionfm.cl\/?p=45323' aria-hidden='false' data-av_icon='\uf232' data-av_iconfont='entypo-fontello' title='' data-avia-related-tooltip='Compartir en Whatsapp' rel=\"noopener\"><span class='avia_hidden_link_text'>Compartir en Whatsapp<\/span><\/a><\/li><li class='av-share-link av-social-link-linkedin' ><a target=\"_blank\" aria-label=\"Compartir en LinkedIn\" href='https:\/\/linkedin.com\/shareArticle?mini=true&#038;title=Inicia%20actualizaci%C3%B3n%20del%20Plan%20de%20Descontaminaci%C3%B3n%20Coyhaique%20con%20primera%20sesi%C3%B3n%20del%20Comit%C3%A9%20Operativo&#038;url=https:\/\/radiorevelacionfm.cl\/?p=45323' aria-hidden='false' data-av_icon='\ue8fc' data-av_iconfont='entypo-fontello' title='' data-avia-related-tooltip='Compartir en LinkedIn' rel=\"noopener\"><span class='avia_hidden_link_text'>Compartir en LinkedIn<\/span><\/a><\/li><li class='av-share-link av-social-link-mail' ><a  aria-label=\"Compartir por correo\" href='mailto:?subject=Inicia%20actualizaci%C3%B3n%20del%20Plan%20de%20Descontaminaci%C3%B3n%20Coyhaique%20con%20primera%20sesi%C3%B3n%20del%20Comit%C3%A9%20Operativo&#038;body=https:\/\/radiorevelacionfm.cl\/?p=45323' aria-hidden='false' data-av_icon='\ue805' data-av_iconfont='entypo-fontello' title='' data-avia-related-tooltip='Compartir por correo'><span class='avia_hidden_link_text'>Compartir por correo<\/span><\/a><\/li><\/ul><\/div><\/div>\n<div  style='height:50px' class='hr hr-invisible   avia-builder-el-8  el_after_av_social_share  el_before_av_comments_list '><span class='hr-inner ' ><span class='hr-inner-style'><\/span><\/span><\/div>\n<div  class='av-buildercomment  av-blog-meta-html-info-disabled av-blog-meta-tag-disabled  '><\/div>\n","protected":false},"excerpt":{"rendered":"","protected":false},"author":1,"featured_media":45324,"comment_status":"open","ping_status":"open","sticky":false,"template":"","format":"standard","meta":{"footnotes":""},"categories":[39],"tags":[],"class_list":["post-45323","post","type-post","status-publish","format-standard","has-post-thumbnail","hentry","category-medio-ambiente"],"jetpack_featured_media_url":"https:\/\/radiorevelacionfm.cl\/wp-content\/uploads\/2024\/08\/20240820_143353036_ios-1_optimized-1.jpg","_links":{"self":[{"href":"https:\/\/radiorevelacionfm.cl\/index.php?rest_route=\/wp\/v2\/posts\/45323","targetHints":{"allow":["GET"]}}],"collection":[{"href":"https:\/\/radiorevelacionfm.cl\/index.php?rest_route=\/wp\/v2\/posts"}],"about":[{"href":"https:\/\/radiorevelacionfm.cl\/index.php?rest_route=\/wp\/v2\/types\/post"}],"author":[{"embeddable":true,"href":"https:\/\/radiorevelacionfm.cl\/index.php?rest_route=\/wp\/v2\/users\/1"}],"replies":[{"embeddable":true,"href":"https:\/\/radiorevelacionfm.cl\/index.php?rest_route=%2Fwp%2Fv2%2Fcomments&post=45323"}],"version-history":[{"count":1,"href":"https:\/\/radiorevelacionfm.cl\/index.php?rest_route=\/wp\/v2\/posts\/45323\/revisions"}],"predecessor-version":[{"id":45325,"href":"https:\/\/radiorevelacionfm.cl\/index.php?rest_route=\/wp\/v2\/posts\/45323\/revisions\/45325"}],"wp:featuredmedia":[{"embeddable":true,"href":"https:\/\/radiorevelacionfm.cl\/index.php?rest_route=\/wp\/v2\/media\/45324"}],"wp:attachment":[{"href":"https:\/\/radiorevelacionfm.cl\/index.php?rest_route=%2Fwp%2Fv2%2Fmedia&parent=45323"}],"wp:term":[{"taxonomy":"category","embeddable":true,"href":"https:\/\/radiorevelacionfm.cl\/index.php?rest_route=%2Fwp%2Fv2%2Fcategories&post=45323"},{"taxonomy":"post_tag","embeddable":true,"href":"https:\/\/radiorevelacionfm.cl\/index.php?rest_route=%2Fwp%2Fv2%2Ftags&post=45323"}],"curies":[{"name":"wp","href":"https:\/\/api.w.org\/{rel}","templated":true}]}}