{"id":45317,"date":"2024-08-20T13:46:52","date_gmt":"2024-08-20T16:46:52","guid":{"rendered":"https:\/\/radiorevelacionfm.cl\/?p=45317"},"modified":"2024-08-20T13:46:52","modified_gmt":"2024-08-20T16:46:52","slug":"estudiantes-de-basica-y-media-participaron-del-ciclo-de-charlas-geologia-para-todos-y-todas-en-el-centro-cultural-de-coyhaique","status":"publish","type":"post","link":"https:\/\/radiorevelacionfm.cl\/?p=45317","title":{"rendered":"Estudiantes de b\u00e1sica y media participaron del ciclo de charlas \u201cGeolog\u00eda para Todos y Todas\u201d en el Centro Cultural de Coyhaique"},"content":{"rendered":"<div class=\"flex_column av_one_full  flex_column_div av-zero-column-padding first  avia-builder-el-0  el_before_av_one_full  avia-builder-el-first  \" style='border-radius:0px; '><div  class='avia-image-container  av-styling-    avia-builder-el-1  avia-builder-el-no-sibling  avia-align-center '  itemprop=\"image\" itemscope=\"itemscope\" itemtype=\"https:\/\/schema.org\/ImageObject\"  ><div class='avia-image-container-inner'><div class='avia-image-overlay-wrap'><img decoding=\"async\" class='wp-image-45318 avia-img-lazy-loading-not-45318 avia_image' src=\"https:\/\/radiorevelacionfm.cl\/wp-content\/uploads\/2024\/08\/3e07cb8d-4db6-4d74-aaad-8bac49a46f9e-1-1.jpg\" alt='' title='3e07cb8d-4db6-4d74-aaad-8bac49a46f9e (1) (1)' height=\"600\" width=\"800\"  itemprop=\"thumbnailUrl\" srcset=\"https:\/\/radiorevelacionfm.cl\/wp-content\/uploads\/2024\/08\/3e07cb8d-4db6-4d74-aaad-8bac49a46f9e-1-1.jpg 800w, https:\/\/radiorevelacionfm.cl\/wp-content\/uploads\/2024\/08\/3e07cb8d-4db6-4d74-aaad-8bac49a46f9e-1-1-300x225.jpg 300w, https:\/\/radiorevelacionfm.cl\/wp-content\/uploads\/2024\/08\/3e07cb8d-4db6-4d74-aaad-8bac49a46f9e-1-1-768x576.jpg 768w, https:\/\/radiorevelacionfm.cl\/wp-content\/uploads\/2024\/08\/3e07cb8d-4db6-4d74-aaad-8bac49a46f9e-1-1-705x529.jpg 705w, https:\/\/radiorevelacionfm.cl\/wp-content\/uploads\/2024\/08\/3e07cb8d-4db6-4d74-aaad-8bac49a46f9e-1-1-450x338.jpg 450w, https:\/\/radiorevelacionfm.cl\/wp-content\/uploads\/2024\/08\/3e07cb8d-4db6-4d74-aaad-8bac49a46f9e-1-1-600x450.jpg 600w\" sizes=\"(max-width: 800px) 100vw, 800px\" \/><\/div><\/div><\/div><\/div><div class=\"flex_column av_one_full  flex_column_div av-zero-column-padding first  avia-builder-el-2  el_after_av_one_full  el_before_av_one_full  column-top-margin\" style='border-radius:0px; '><section class=\"av_textblock_section \"  itemscope=\"itemscope\" itemtype=\"https:\/\/schema.org\/BlogPosting\" itemprop=\"blogPost\" ><div class='avia_textblock  '   itemprop=\"text\" ><p style=\"text-align: center;\"><span style=\"font-size: 18pt;\"><strong>Estudiantes de b\u00e1sica y media participaron del ciclo de charlas \u201cGeolog\u00eda para Todos y Todas\u201d en el Centro Cultural de Coyhaique <\/strong><\/span><\/p>\n<div id=\"gtx-trans\" style=\"position: absolute; left: -50px; top: 4.31534px;\">\n<div class=\"gtx-trans-icon\"><\/div>\n<\/div>\n<\/div><\/section><\/div><div class=\"flex_column av_one_full  flex_column_div av-zero-column-padding first  avia-builder-el-4  el_after_av_one_full  el_before_av_hr  column-top-margin\" style='border-radius:0px; '><section class=\"av_textblock_section \"  itemscope=\"itemscope\" itemtype=\"https:\/\/schema.org\/BlogPosting\" itemprop=\"blogPost\" ><div class='avia_textblock  '   itemprop=\"text\" ><p style=\"text-align: justify;\">Este lunes se efect\u00fao la actividad llamada \u201cGeolog\u00eda para Todos y Todas\u201d organizada por la Secretar\u00eda Regional Ministerial de Miner\u00eda de Ays\u00e9n, la Ilustre Municipalidad de Coyhaique, SERNAGEOMIN, Instituto Nacional de la Juventud, GeoParque Chelenko y la Sociedad de Historia y Geograf\u00eda.<\/p>\n<p style=\"text-align: justify;\">En la ocasi\u00f3n,\u00a0 se efect\u00fao un ciclo de charlas dirigidas a estudiantes de ense\u00f1anza b\u00e1sica y media, y al p\u00fablico en general, enfocadas en la herencia Geol\u00f3gica de la regi\u00f3n de Ays\u00e9n, en Centro Cultural de Coyhaique y donde distintos establecimientos educacionales asistieron, entre ellos, el colegio Cara Colas, Altamira, liceo San Felipe Benicio y liceo Ma\u00f1ihuales con alumnos de la carrera Explotaci\u00f3n Minera.<\/p>\n<p style=\"text-align: justify;\">Los temas expuestos en el ciclo fueron ; \u201cDe d\u00f3nde vienen las Rocas\u201d y \u201cPor qu\u00e9 se caen los Cerros: conociendo las remociones en masa \u201da cargo de la Ge\u00f3loga del equipo de SERNAGEOMIN, Constanza Jorquera, \u201cGeolog\u00eda de Coyhaique: Turismo, deporte y Rocas Ornamentales\u201d, a cargo del Ge\u00f3logo y coordinador del Proyecto FNDR, de la Seremi de Miner\u00eda de Ays\u00e9n, Nicol\u00e1s L\u00f3pez, \u201cGeopatrimonio en ruta: un recorrido hacia el pasado de la regi\u00f3n de Ays\u00e9n\u201d, a cargo del soci\u00f3logo del equipo de GeoParque \u00a0Chelenko, Daniel Gonz\u00e1lez, y \u00a0\u201cLos buscadores de oro (oreros) chilotes en el Ofqui, litoral de Ais\u00e9n, a cargo de la investigadora de Historia y Patrimonio industrial de Ays\u00e9n, Anah\u00ed Huenchan Quintana.<\/p>\n<p style=\"text-align: justify;\">La instancia adem\u00e1s cont\u00f3 con variados stands con el prop\u00f3sito de relevar el patrimonio geol\u00f3gico regional a cargo de los equipos de Geoparque Chelenko, SERNAGEOMIN, el equipo del proyecto \u201cTransferencia Fortalecimiento y Fomento Productivo Minero- Artesanal de Rocas Ornamentales de la Regi\u00f3n de Ays\u00e9n desarrollado por la Secretaria Regional Ministerial de Miner\u00eda Ays\u00e9n.<\/p>\n<p style=\"text-align: justify;\">En este contexto, la Gobernadora Regional de Ays\u00e9n, Andrea Mac\u00edas se\u00f1al\u00f3 que la actividad \u201cGeolog\u00eda para Todos y Todas\u201d \u201ces una intenci\u00f3n que tenemos como regi\u00f3n para acercar esta \u00e1rea a la comunidad, poniendo en valor nuestro patrimonio, en este sentido el Gobierno Regional de Ays\u00e9n y su Consejo ha apoyado con financiamiento en distintas iniciativas como los GeoParques y otras instancias que permiten una mirada que pone en valor nuestro territorio pero siempre vinculado al fomento productivo, cuando decimos que nuestro territorio debe desarrollarse de acuerdo a sus pocas vocaciones productivas , tambi\u00e9n tenemos sectores donde el trabajo con rocas y piedras tambi\u00e9n es una oportunidad de desarrollo para las localidades\u201d.<\/p>\n<p style=\"text-align: justify;\">Por su parte, el Alcalde de Coyhaique, Carlos Gatica indic\u00f3 \u00a0que \u201cEstamos muy contentos de trabajar en conjunto con la Seremi de Miner\u00eda, Sernageom\u00edn, GeoParque Chelenko y la Sociedad de Historia y Geograf\u00eda Ays\u00e9n, entre otros, \u00a0porque lo que queremos hacer es acercar la Geolog\u00eda a la comunidad ya que existen los recurso necesarios para desarrollarla en la Coyhaique. En esta \u00e1rea, tenemos un proyecto en conjunto con la cooperativa Canteros de Lago P\u00f3lux, quienes producen la piedra Laja, la cual la utilizamos para ornamentar la comuna y con ello ir generando identidad y desarrollo en las zonas rurales\u201d.<\/p>\n<p style=\"text-align: justify;\">En tanto, el Seremi de Miner\u00eda, Juan V\u00e1squez, detallo que \u201cEn el contexto del mes de la Miner\u00eda que se celebra cada 10 agosto, efectuamos la actividad Geolog\u00eda para Todos y Todas\u00a0 resaltando que la regi\u00f3n de Ays\u00e9n, es la capital regional de la Geolog\u00eda, acci\u00f3n que permite poner en valor la historia minera de Ays\u00e9n. Gracias a la colaboraci\u00f3n de la Ilustre Municipalidad e Coyhaique, el Gobierno Regional, Sernageomin, GeoParque Chelenko y la Sociedad de Historia y Geograf\u00eda hemos podido impulsar esta jornada dedicada a descubrir y apreciar la riqueza Geol\u00f3gica de nuestra regi\u00f3n.<\/p>\n<p style=\"text-align: justify;\">Por su parte la Directora de SERNAGEOMIN Ays\u00e9n, Andrea Aguilar, coment\u00f3 que la\u00a0 jornada tuvo como eje mostrar diversos temas relacionados a la Geolog\u00eda y su valor en la regi\u00f3n, y vincular a los ni\u00f1os y j\u00f3venes a conocer los aspectos de ella.<\/p>\n<\/div><\/section><\/div><div  style='height:50px' class='hr hr-invisible   avia-builder-el-6  el_after_av_one_full  el_before_av_social_share '><span class='hr-inner ' ><span class='hr-inner-style'><\/span><\/span><\/div><\/p>\n<div  class='av-social-sharing-box  avia-builder-el-7  el_after_av_hr  el_before_av_hr  '><div class='av-share-box'><h5 class='av-share-link-description av-no-toc '>Compartir esta noticia<\/h5><ul class='av-share-box-list noLightbox'><li class='av-share-link av-social-link-facebook' ><a target=\"_blank\" aria-label=\"Compartir en Facebook\" href='https:\/\/www.facebook.com\/sharer.php?u=https:\/\/radiorevelacionfm.cl\/?p=45317&#038;t=Estudiantes%20de%20b%C3%A1sica%20y%20media%20participaron%20del%20ciclo%20de%20charlas%20%E2%80%9CGeolog%C3%ADa%20para%20Todos%20y%20Todas%E2%80%9D%20en%20el%20Centro%20Cultural%20de%20Coyhaique' aria-hidden='false' data-av_icon='\ue8f3' data-av_iconfont='entypo-fontello' title='' data-avia-related-tooltip='Compartir en Facebook' rel=\"noopener\"><span class='avia_hidden_link_text'>Compartir en Facebook<\/span><\/a><\/li><li class='av-share-link av-social-link-twitter' ><a target=\"_blank\" aria-label=\"Compartir en Twitter\" href='https:\/\/twitter.com\/share?text=Estudiantes%20de%20b%C3%A1sica%20y%20media%20participaron%20del%20ciclo%20de%20charlas%20%E2%80%9CGeolog%C3%ADa%20para%20Todos%20y%20Todas%E2%80%9D%20en%20el%20Centro%20Cultural%20de%20Coyhaique&#038;url=https:\/\/radiorevelacionfm.cl\/?p=45317' aria-hidden='false' data-av_icon='\ue8f1' data-av_iconfont='entypo-fontello' title='' data-avia-related-tooltip='Compartir en Twitter' rel=\"noopener\"><span class='avia_hidden_link_text'>Compartir en Twitter<\/span><\/a><\/li><li class='av-share-link av-social-link-whatsapp' ><a target=\"_blank\" aria-label=\"Compartir en Whatsapp\" href='https:\/\/api.whatsapp.com\/send?text=https:\/\/radiorevelacionfm.cl\/?p=45317' aria-hidden='false' data-av_icon='\uf232' data-av_iconfont='entypo-fontello' title='' data-avia-related-tooltip='Compartir en Whatsapp' rel=\"noopener\"><span class='avia_hidden_link_text'>Compartir en Whatsapp<\/span><\/a><\/li><li class='av-share-link av-social-link-linkedin' ><a target=\"_blank\" aria-label=\"Compartir en LinkedIn\" href='https:\/\/linkedin.com\/shareArticle?mini=true&#038;title=Estudiantes%20de%20b%C3%A1sica%20y%20media%20participaron%20del%20ciclo%20de%20charlas%20%E2%80%9CGeolog%C3%ADa%20para%20Todos%20y%20Todas%E2%80%9D%20en%20el%20Centro%20Cultural%20de%20Coyhaique&#038;url=https:\/\/radiorevelacionfm.cl\/?p=45317' aria-hidden='false' data-av_icon='\ue8fc' data-av_iconfont='entypo-fontello' title='' data-avia-related-tooltip='Compartir en LinkedIn' rel=\"noopener\"><span class='avia_hidden_link_text'>Compartir en LinkedIn<\/span><\/a><\/li><li class='av-share-link av-social-link-mail' ><a  aria-label=\"Compartir por correo\" href='mailto:?subject=Estudiantes%20de%20b%C3%A1sica%20y%20media%20participaron%20del%20ciclo%20de%20charlas%20%E2%80%9CGeolog%C3%ADa%20para%20Todos%20y%20Todas%E2%80%9D%20en%20el%20Centro%20Cultural%20de%20Coyhaique&#038;body=https:\/\/radiorevelacionfm.cl\/?p=45317' aria-hidden='false' data-av_icon='\ue805' data-av_iconfont='entypo-fontello' title='' data-avia-related-tooltip='Compartir por correo'><span class='avia_hidden_link_text'>Compartir por correo<\/span><\/a><\/li><\/ul><\/div><\/div>\n<div  style='height:50px' class='hr hr-invisible   avia-builder-el-8  el_after_av_social_share  el_before_av_comments_list '><span class='hr-inner ' ><span class='hr-inner-style'><\/span><\/span><\/div>\n<div  class='av-buildercomment  av-blog-meta-html-info-disabled av-blog-meta-tag-disabled  '><\/div>\n","protected":false},"excerpt":{"rendered":"","protected":false},"author":1,"featured_media":45318,"comment_status":"open","ping_status":"open","sticky":false,"template":"","format":"standard","meta":{"footnotes":""},"categories":[38],"tags":[],"class_list":["post-45317","post","type-post","status-publish","format-standard","has-post-thumbnail","hentry","category-regional"],"jetpack_featured_media_url":"https:\/\/radiorevelacionfm.cl\/wp-content\/uploads\/2024\/08\/3e07cb8d-4db6-4d74-aaad-8bac49a46f9e-1-1.jpg","_links":{"self":[{"href":"https:\/\/radiorevelacionfm.cl\/index.php?rest_route=\/wp\/v2\/posts\/45317","targetHints":{"allow":["GET"]}}],"collection":[{"href":"https:\/\/radiorevelacionfm.cl\/index.php?rest_route=\/wp\/v2\/posts"}],"about":[{"href":"https:\/\/radiorevelacionfm.cl\/index.php?rest_route=\/wp\/v2\/types\/post"}],"author":[{"embeddable":true,"href":"https:\/\/radiorevelacionfm.cl\/index.php?rest_route=\/wp\/v2\/users\/1"}],"replies":[{"embeddable":true,"href":"https:\/\/radiorevelacionfm.cl\/index.php?rest_route=%2Fwp%2Fv2%2Fcomments&post=45317"}],"version-history":[{"count":1,"href":"https:\/\/radiorevelacionfm.cl\/index.php?rest_route=\/wp\/v2\/posts\/45317\/revisions"}],"predecessor-version":[{"id":45319,"href":"https:\/\/radiorevelacionfm.cl\/index.php?rest_route=\/wp\/v2\/posts\/45317\/revisions\/45319"}],"wp:featuredmedia":[{"embeddable":true,"href":"https:\/\/radiorevelacionfm.cl\/index.php?rest_route=\/wp\/v2\/media\/45318"}],"wp:attachment":[{"href":"https:\/\/radiorevelacionfm.cl\/index.php?rest_route=%2Fwp%2Fv2%2Fmedia&parent=45317"}],"wp:term":[{"taxonomy":"category","embeddable":true,"href":"https:\/\/radiorevelacionfm.cl\/index.php?rest_route=%2Fwp%2Fv2%2Fcategories&post=45317"},{"taxonomy":"post_tag","embeddable":true,"href":"https:\/\/radiorevelacionfm.cl\/index.php?rest_route=%2Fwp%2Fv2%2Ftags&post=45317"}],"curies":[{"name":"wp","href":"https:\/\/api.w.org\/{rel}","templated":true}]}}