{"id":45310,"date":"2024-08-19T22:10:43","date_gmt":"2024-08-20T01:10:43","guid":{"rendered":"https:\/\/radiorevelacionfm.cl\/?p=45310"},"modified":"2024-08-19T22:10:43","modified_gmt":"2024-08-20T01:10:43","slug":"gobierno-destaca-efectiva-fiscalizacion-policial-de-fin-de-semana-largo","status":"publish","type":"post","link":"https:\/\/radiorevelacionfm.cl\/?p=45310","title":{"rendered":"Gobierno destaca efectiva fiscalizaci\u00f3n policial de fin de semana largo"},"content":{"rendered":"<div class=\"flex_column av_one_full  flex_column_div av-zero-column-padding first  avia-builder-el-0  el_before_av_one_full  avia-builder-el-first  \" style='border-radius:0px; '><div  class='avia-image-container  av-styling-    avia-builder-el-1  avia-builder-el-no-sibling  avia-align-center '  itemprop=\"image\" itemscope=\"itemscope\" itemtype=\"https:\/\/schema.org\/ImageObject\"  ><div class='avia-image-container-inner'><div class='avia-image-overlay-wrap'><img decoding=\"async\" class='wp-image-45311 avia-img-lazy-loading-not-45311 avia_image' src=\"https:\/\/radiorevelacionfm.cl\/wp-content\/uploads\/2024\/08\/whatsapp-image-2024-08-19-at-2_optimized.42.06-pm-1-1-1-1.jpeg\" alt='' title='whatsapp-image-2024-08-19-at-2_optimized.42.06-pm-(1)-(1)-(1) (1)' height=\"600\" width=\"800\"  itemprop=\"thumbnailUrl\" srcset=\"https:\/\/radiorevelacionfm.cl\/wp-content\/uploads\/2024\/08\/whatsapp-image-2024-08-19-at-2_optimized.42.06-pm-1-1-1-1.jpeg 800w, https:\/\/radiorevelacionfm.cl\/wp-content\/uploads\/2024\/08\/whatsapp-image-2024-08-19-at-2_optimized.42.06-pm-1-1-1-1-300x225.jpeg 300w, https:\/\/radiorevelacionfm.cl\/wp-content\/uploads\/2024\/08\/whatsapp-image-2024-08-19-at-2_optimized.42.06-pm-1-1-1-1-768x576.jpeg 768w, https:\/\/radiorevelacionfm.cl\/wp-content\/uploads\/2024\/08\/whatsapp-image-2024-08-19-at-2_optimized.42.06-pm-1-1-1-1-705x529.jpeg 705w, https:\/\/radiorevelacionfm.cl\/wp-content\/uploads\/2024\/08\/whatsapp-image-2024-08-19-at-2_optimized.42.06-pm-1-1-1-1-450x338.jpeg 450w, https:\/\/radiorevelacionfm.cl\/wp-content\/uploads\/2024\/08\/whatsapp-image-2024-08-19-at-2_optimized.42.06-pm-1-1-1-1-600x450.jpeg 600w\" sizes=\"(max-width: 800px) 100vw, 800px\" \/><\/div><\/div><\/div><\/div><div class=\"flex_column av_one_full  flex_column_div av-zero-column-padding first  avia-builder-el-2  el_after_av_one_full  el_before_av_one_full  column-top-margin\" style='border-radius:0px; '><section class=\"av_textblock_section \"  itemscope=\"itemscope\" itemtype=\"https:\/\/schema.org\/BlogPosting\" itemprop=\"blogPost\" ><div class='avia_textblock  '   itemprop=\"text\" ><p style=\"text-align: center;\"><span style=\"font-size: 18pt;\"><b>Gobierno destaca efectiva fiscalizaci\u00f3n policial de fin de semana largo<\/b><\/span><\/p>\n<div id=\"gtx-trans\" style=\"position: absolute; left: -50px; top: 4.31534px;\">\n<div class=\"gtx-trans-icon\"><\/div>\n<\/div>\n<\/div><\/section><\/div><div class=\"flex_column av_one_full  flex_column_div av-zero-column-padding first  avia-builder-el-4  el_after_av_one_full  el_before_av_hr  column-top-margin\" style='border-radius:0px; '><section class=\"av_textblock_section \"  itemscope=\"itemscope\" itemtype=\"https:\/\/schema.org\/BlogPosting\" itemprop=\"blogPost\" ><div class='avia_textblock  '   itemprop=\"text\" ><p style=\"font-weight: 400; text-align: justify;\">M\u00e1s de 2.600 controles desarroll\u00f3 Carabineros de Chile durante este fin de semana largo en la Regi\u00f3n de Ays\u00e9n, en el marco de un operativo preventivo destinado a reducir la ocurrencia de accidentes y delitos.<\/p>\n<p style=\"font-weight: 400; text-align: justify;\">As\u00ed lo dio a conocer el Delegado Presidencial Regional, Rodrigo Araya Morales, acompa\u00f1ado por el Jefe de la XI Zona de Carabineros, General Patricio Santos, y la coordinadora de Seguridad P\u00fablica, Camila Covarrubias, en un balance del despliegue que moviliz\u00f3 a m\u00e1s de cien funcionarias y funcionarios de la polic\u00eda uniformada.<\/p>\n<p style=\"font-weight: 400; text-align: justify;\">\u201cCarabineros se despleg\u00f3 en toda la regi\u00f3n, se instalaron doce puntos de control donde \u00a0trabajaron 104 funcionarios. Se detuvo a 29 personas, tres de ellas por conducci\u00f3n en estado de ebriedad. Adem\u00e1s, hubo dos accidentes relevantes, uno en Valle Simpson con seis personas lesionadas y otro en Avenida Baquedano, con personas lesionadas pero sin\u00a0 ning\u00fan deceso que lamentar\u201d, detall\u00f3 Rodrigo Araya.<\/p>\n<p style=\"font-weight: 400; text-align: justify;\">El General Patricio Santos a\u00f1adi\u00f3 que las fiscalizaciones contribuyen a reducir la ocurrencia de hechos de gravedad.<\/p>\n<p style=\"font-weight: 400; text-align: justify;\">\u201cCarabineros desarroll\u00f3 cerca de 2.681 controles, de los cuales el 70% fue a conductores y \u00a0\u00a0el 30% a peatones, adem\u00e1s de 201 pruebas respiratorias junto con Senda, se hicieron 199 alcohotest y narcotest. Solo dos conductores controlados fueron detectados conduciendo bajo la influencia del alcohol, lo que habla muy bien del comportamiento de los automovilistas y solo tenemos que lamentar estos dos accidentes\u201d, indic\u00f3.<\/p>\n<p style=\"font-weight: 400; text-align: justify;\">Adem\u00e1s, agreg\u00f3 que \u201cCarabineros logr\u00f3 detener a 29 personas, ocho de ellas vinculadas a \u00f3rdenes de detenci\u00f3n vigente, es decir, pr\u00f3fugos de la justicia; dos personas por violencia intrafamiliar, tres personas por lesiones en agresiones; cuatro por no tener licencia de conducir; tres por conducir ebrios y dos por cuasi delitos de accidentes en el tr\u00e1nsito. Adem\u00e1s, se inform\u00f3 la identidad al Ministerio P\u00fablico de 24 personas involucradas por diferentes delitos\u201d.<\/p>\n<p style=\"font-weight: 400; text-align: justify;\">Las autoridades reafirmaron la importancia de la responsabilidad y prevenci\u00f3n por parte de las personas, en especial, durante fechas con d\u00edas festivos en que aumentan los desplazamientos en pr\u00e1cticamente todas las comunas de la regi\u00f3n.<\/p>\n<p style=\"font-weight: 400; text-align: justify;\">El llamado se hizo extensivo tambi\u00e9n considerando la proximidad de las festividades patrias durante septiembre pr\u00f3ximo.<\/p>\n<\/div><\/section><\/div><div  style='height:50px' class='hr hr-invisible   avia-builder-el-6  el_after_av_one_full  el_before_av_social_share '><span class='hr-inner ' ><span class='hr-inner-style'><\/span><\/span><\/div><\/p>\n<div  class='av-social-sharing-box  avia-builder-el-7  el_after_av_hr  el_before_av_hr  '><div class='av-share-box'><h5 class='av-share-link-description av-no-toc '>Compartir esta noticia<\/h5><ul class='av-share-box-list noLightbox'><li class='av-share-link av-social-link-facebook' ><a target=\"_blank\" aria-label=\"Compartir en Facebook\" href='https:\/\/www.facebook.com\/sharer.php?u=https:\/\/radiorevelacionfm.cl\/?p=45310&#038;t=Gobierno%20destaca%20efectiva%20fiscalizaci%C3%B3n%20policial%20de%20fin%20de%20semana%20largo' aria-hidden='false' data-av_icon='\ue8f3' data-av_iconfont='entypo-fontello' title='' data-avia-related-tooltip='Compartir en Facebook' rel=\"noopener\"><span class='avia_hidden_link_text'>Compartir en Facebook<\/span><\/a><\/li><li class='av-share-link av-social-link-twitter' ><a target=\"_blank\" aria-label=\"Compartir en Twitter\" href='https:\/\/twitter.com\/share?text=Gobierno%20destaca%20efectiva%20fiscalizaci%C3%B3n%20policial%20de%20fin%20de%20semana%20largo&#038;url=https:\/\/radiorevelacionfm.cl\/?p=45310' aria-hidden='false' data-av_icon='\ue8f1' data-av_iconfont='entypo-fontello' title='' data-avia-related-tooltip='Compartir en Twitter' rel=\"noopener\"><span class='avia_hidden_link_text'>Compartir en Twitter<\/span><\/a><\/li><li class='av-share-link av-social-link-whatsapp' ><a target=\"_blank\" aria-label=\"Compartir en Whatsapp\" href='https:\/\/api.whatsapp.com\/send?text=https:\/\/radiorevelacionfm.cl\/?p=45310' aria-hidden='false' data-av_icon='\uf232' data-av_iconfont='entypo-fontello' title='' data-avia-related-tooltip='Compartir en Whatsapp' rel=\"noopener\"><span class='avia_hidden_link_text'>Compartir en Whatsapp<\/span><\/a><\/li><li class='av-share-link av-social-link-linkedin' ><a target=\"_blank\" aria-label=\"Compartir en LinkedIn\" href='https:\/\/linkedin.com\/shareArticle?mini=true&#038;title=Gobierno%20destaca%20efectiva%20fiscalizaci%C3%B3n%20policial%20de%20fin%20de%20semana%20largo&#038;url=https:\/\/radiorevelacionfm.cl\/?p=45310' aria-hidden='false' data-av_icon='\ue8fc' data-av_iconfont='entypo-fontello' title='' data-avia-related-tooltip='Compartir en LinkedIn' rel=\"noopener\"><span class='avia_hidden_link_text'>Compartir en LinkedIn<\/span><\/a><\/li><li class='av-share-link av-social-link-mail' ><a  aria-label=\"Compartir por correo\" href='mailto:?subject=Gobierno%20destaca%20efectiva%20fiscalizaci%C3%B3n%20policial%20de%20fin%20de%20semana%20largo&#038;body=https:\/\/radiorevelacionfm.cl\/?p=45310' aria-hidden='false' data-av_icon='\ue805' data-av_iconfont='entypo-fontello' title='' data-avia-related-tooltip='Compartir por correo'><span class='avia_hidden_link_text'>Compartir por correo<\/span><\/a><\/li><\/ul><\/div><\/div>\n<div  style='height:50px' class='hr hr-invisible   avia-builder-el-8  el_after_av_social_share  el_before_av_comments_list '><span class='hr-inner ' ><span class='hr-inner-style'><\/span><\/span><\/div>\n<div  class='av-buildercomment  av-blog-meta-html-info-disabled av-blog-meta-tag-disabled  '><\/div>\n","protected":false},"excerpt":{"rendered":"","protected":false},"author":1,"featured_media":45311,"comment_status":"open","ping_status":"open","sticky":false,"template":"","format":"standard","meta":{"footnotes":""},"categories":[38],"tags":[],"class_list":["post-45310","post","type-post","status-publish","format-standard","has-post-thumbnail","hentry","category-regional"],"jetpack_featured_media_url":"https:\/\/radiorevelacionfm.cl\/wp-content\/uploads\/2024\/08\/whatsapp-image-2024-08-19-at-2_optimized.42.06-pm-1-1-1-1.jpeg","_links":{"self":[{"href":"https:\/\/radiorevelacionfm.cl\/index.php?rest_route=\/wp\/v2\/posts\/45310","targetHints":{"allow":["GET"]}}],"collection":[{"href":"https:\/\/radiorevelacionfm.cl\/index.php?rest_route=\/wp\/v2\/posts"}],"about":[{"href":"https:\/\/radiorevelacionfm.cl\/index.php?rest_route=\/wp\/v2\/types\/post"}],"author":[{"embeddable":true,"href":"https:\/\/radiorevelacionfm.cl\/index.php?rest_route=\/wp\/v2\/users\/1"}],"replies":[{"embeddable":true,"href":"https:\/\/radiorevelacionfm.cl\/index.php?rest_route=%2Fwp%2Fv2%2Fcomments&post=45310"}],"version-history":[{"count":1,"href":"https:\/\/radiorevelacionfm.cl\/index.php?rest_route=\/wp\/v2\/posts\/45310\/revisions"}],"predecessor-version":[{"id":45312,"href":"https:\/\/radiorevelacionfm.cl\/index.php?rest_route=\/wp\/v2\/posts\/45310\/revisions\/45312"}],"wp:featuredmedia":[{"embeddable":true,"href":"https:\/\/radiorevelacionfm.cl\/index.php?rest_route=\/wp\/v2\/media\/45311"}],"wp:attachment":[{"href":"https:\/\/radiorevelacionfm.cl\/index.php?rest_route=%2Fwp%2Fv2%2Fmedia&parent=45310"}],"wp:term":[{"taxonomy":"category","embeddable":true,"href":"https:\/\/radiorevelacionfm.cl\/index.php?rest_route=%2Fwp%2Fv2%2Fcategories&post=45310"},{"taxonomy":"post_tag","embeddable":true,"href":"https:\/\/radiorevelacionfm.cl\/index.php?rest_route=%2Fwp%2Fv2%2Ftags&post=45310"}],"curies":[{"name":"wp","href":"https:\/\/api.w.org\/{rel}","templated":true}]}}