{"id":45307,"date":"2024-08-20T13:23:50","date_gmt":"2024-08-20T16:23:50","guid":{"rendered":"https:\/\/radiorevelacionfm.cl\/?p=45307"},"modified":"2024-08-20T13:23:50","modified_gmt":"2024-08-20T16:23:50","slug":"alcalde-gatica-por-visita-de-ministro-marcel-exigiremos-un-trato-igualitario-para-nuestra-comunidad","status":"publish","type":"post","link":"https:\/\/radiorevelacionfm.cl\/?p=45307","title":{"rendered":"Alcalde Gatica por visita de Ministro Marcel: \u201cExigiremos un trato igualitario para nuestra comunidad\u201d"},"content":{"rendered":"<div class=\"flex_column av_one_full  flex_column_div av-zero-column-padding first  avia-builder-el-0  el_before_av_one_full  avia-builder-el-first  \" style='border-radius:0px; '><div  class='avia-image-container  av-styling-    avia-builder-el-1  avia-builder-el-no-sibling  avia-align-center '  itemprop=\"image\" itemscope=\"itemscope\" itemtype=\"https:\/\/schema.org\/ImageObject\"  ><div class='avia-image-container-inner'><div class='avia-image-overlay-wrap'><img decoding=\"async\" class='wp-image-45308 avia-img-lazy-loading-not-45308 avia_image' src=\"https:\/\/radiorevelacionfm.cl\/wp-content\/uploads\/2024\/08\/Voceria-Alcalde-01-1-1.jpg\" alt='' title='Vocer\u00eda Alcalde 01 (1) (1)' height=\"655\" width=\"800\"  itemprop=\"thumbnailUrl\" srcset=\"https:\/\/radiorevelacionfm.cl\/wp-content\/uploads\/2024\/08\/Voceria-Alcalde-01-1-1.jpg 800w, https:\/\/radiorevelacionfm.cl\/wp-content\/uploads\/2024\/08\/Voceria-Alcalde-01-1-1-300x246.jpg 300w, https:\/\/radiorevelacionfm.cl\/wp-content\/uploads\/2024\/08\/Voceria-Alcalde-01-1-1-768x629.jpg 768w, https:\/\/radiorevelacionfm.cl\/wp-content\/uploads\/2024\/08\/Voceria-Alcalde-01-1-1-705x577.jpg 705w, https:\/\/radiorevelacionfm.cl\/wp-content\/uploads\/2024\/08\/Voceria-Alcalde-01-1-1-450x368.jpg 450w, https:\/\/radiorevelacionfm.cl\/wp-content\/uploads\/2024\/08\/Voceria-Alcalde-01-1-1-600x491.jpg 600w\" sizes=\"(max-width: 800px) 100vw, 800px\" \/><\/div><\/div><\/div><\/div>\n<div class=\"flex_column av_one_full  flex_column_div av-zero-column-padding first  avia-builder-el-2  el_after_av_one_full  el_before_av_one_full  column-top-margin\" style='border-radius:0px; '><section class=\"av_textblock_section \"  itemscope=\"itemscope\" itemtype=\"https:\/\/schema.org\/BlogPosting\" itemprop=\"blogPost\" ><div class='avia_textblock  '   itemprop=\"text\" ><p style=\"text-align: center;\"><span style=\"font-size: 18pt;\"><b>Alcalde Gatica por visita de Ministro Marcel: \u201cExigiremos un trato igualitario para nuestra comunidad\u201d<\/b><\/span><\/p>\n<div id=\"gtx-trans\" style=\"position: absolute; left: -50px; top: 4.31534px;\">\n<div class=\"gtx-trans-icon\"><\/div>\n<\/div>\n<\/div><\/section><\/div>\n<div class=\"flex_column av_one_full  flex_column_div av-zero-column-padding first  avia-builder-el-4  el_after_av_one_full  el_before_av_hr  column-top-margin\" style='border-radius:0px; '><section class=\"av_textblock_section \"  itemscope=\"itemscope\" itemtype=\"https:\/\/schema.org\/BlogPosting\" itemprop=\"blogPost\" ><div class='avia_textblock  '   itemprop=\"text\" ><p style=\"text-align: justify;\"><em>La autoridad comunal indic\u00f3 que es clave en estos momentos la unidad regional tanto de las autoridades como tambi\u00e9n de las organizaciones sociales y gremios locales.<\/em><\/p>\n<p style=\"text-align: justify;\">Ante el alza de los costos de la luz en la Regi\u00f3n de Ays\u00e9n &#8211; que fluctuar\u00edan entre el 50% y 70% -, situaci\u00f3n que puso en alerta a organizaciones sociales de la comuna, gremios productivos y autoridades regionales, el alcalde de Coyhaique, Carlos Gatica, afirm\u00f3 que las alzas pueden provocar un apag\u00f3n econ\u00f3mico que afectar\u00eda no s\u00f3lo a los hogares sino que tambi\u00e9n a las empresas y Pymes, situaci\u00f3n que ser\u00e1 planteada este martes en la visita que el Ministro de Hacienda, Mario Marcel realizar\u00e1 a la zona.<\/p>\n<p style=\"text-align: justify;\">Cabe destacar, que el pasado domingo, se convocaron en la plaza de armas de la capital regional, dirigentes de juntas de vecinos, agrupaciones sociales, representantes de la C\u00e1mara Chilena de la Construcci\u00f3n, la C\u00e1mara de Comercio y Turismo de Coyhaique, adem\u00e1s de autoridades regionales y locales, con motivo de manifestar el descontento ciudadano ante las alzas en las cuentas el\u00e9ctricas y realizar un llamado en unidad a las autoridades nacionales para otorgar una soluci\u00f3n a los habitantes de la regi\u00f3n.<\/p>\n<p style=\"text-align: justify;\">Sobre el escenario de alzas, el alcalde de Coyhaique, Carlos Gatica Villegas, manifest\u00f3 que \u201clo que nosotros vemos frente a la situaci\u00f3n es una molestia y preocupaci\u00f3n tanto de la ciudadan\u00eda como tambi\u00e9n de las empresas y peque\u00f1os emprendedores, porque esta alza va a significar no s\u00f3lo un apag\u00f3n desde el punto de vista energ\u00e9tico sino que tambi\u00e9n productivo, eso desencadena en desempleo, aumento del costo de la vida, dificultades familiares, entre otros, lo que se va a traducir en que vamos a estar en una regi\u00f3n a\u00fan m\u00e1s abandonada y se nos van a generar problemas desde el punto de vista de nuestro desarrollo arm\u00f3nico\u201d.<\/p>\n<p style=\"text-align: justify;\">\u201cNos veremos muy afectados, aumentado el costo entre un 40% a 60% a enero de 2025 en el \u00e1rea residencial, pero el \u00e1rea comercial esto podr\u00eda aumentarse hasta el 140% a 170%. Estas problem\u00e1ticas, nos tienen totalmente preocupados, reconocemos la voluntad del gobierno de entregar una soluci\u00f3n basal, pero esta podr\u00eda demorar un a\u00f1o y medio, siendo un tiempo que no podemos esperar como comunidad\u201d, agreg\u00f3 la autoridad comunal.<\/p>\n<p style=\"text-align: justify;\">En cuanto a la visita que realizar\u00e1 a la regi\u00f3n el ministro de Hacienda, Mario Marcel, el alcalde Gatica enfatiz\u00f3 que \u201cexigiremos un trato igualitario al gobierno en esta discusi\u00f3n, dada la preocupaci\u00f3n que tenemos como Ayseninos frente a esto, necesitamos medidas que sean urgentes para enfrentar estas alzas en todas las tarifas y de esta manera se evite una afectaci\u00f3n directa a nuestro desarrollo productivo, nuestra comuna y regi\u00f3n necesita de un impulso, y para ello entregaremos en la reuni\u00f3n que se va a sostener con el Ministro Marcel y los gremios productivos una propuesta que se ha realizado con el respaldo de estudios impulsados por el CIEP en esta materia, haci\u00e9ndonos tambi\u00e9n parte en conjunto de la soluci\u00f3n que se requiere y en la que la unidad de las autoridades, dirigentes sociales y gremios es clave\u201d.<\/p>\n<\/div><\/section><\/div><div  style='height:50px' class='hr hr-invisible   avia-builder-el-6  el_after_av_one_full  el_before_av_social_share '><span class='hr-inner ' ><span class='hr-inner-style'><\/span><\/span><\/div><\/p>\n<div  class='av-social-sharing-box  avia-builder-el-7  el_after_av_hr  el_before_av_hr  '><div class='av-share-box'><h5 class='av-share-link-description av-no-toc '>Compartir esta noticia<\/h5><ul class='av-share-box-list noLightbox'><li class='av-share-link av-social-link-facebook' ><a target=\"_blank\" aria-label=\"Compartir en Facebook\" href='https:\/\/www.facebook.com\/sharer.php?u=https:\/\/radiorevelacionfm.cl\/?p=45307&#038;t=Alcalde%20Gatica%20por%20visita%20de%20Ministro%20Marcel%3A%20%E2%80%9CExigiremos%20un%20trato%20igualitario%20para%20nuestra%20comunidad%E2%80%9D' aria-hidden='false' data-av_icon='\ue8f3' data-av_iconfont='entypo-fontello' title='' data-avia-related-tooltip='Compartir en Facebook' rel=\"noopener\"><span class='avia_hidden_link_text'>Compartir en Facebook<\/span><\/a><\/li><li class='av-share-link av-social-link-twitter' ><a target=\"_blank\" aria-label=\"Compartir en Twitter\" href='https:\/\/twitter.com\/share?text=Alcalde%20Gatica%20por%20visita%20de%20Ministro%20Marcel%3A%20%E2%80%9CExigiremos%20un%20trato%20igualitario%20para%20nuestra%20comunidad%E2%80%9D&#038;url=https:\/\/radiorevelacionfm.cl\/?p=45307' aria-hidden='false' data-av_icon='\ue8f1' data-av_iconfont='entypo-fontello' title='' data-avia-related-tooltip='Compartir en Twitter' rel=\"noopener\"><span class='avia_hidden_link_text'>Compartir en Twitter<\/span><\/a><\/li><li class='av-share-link av-social-link-whatsapp' ><a target=\"_blank\" aria-label=\"Compartir en Whatsapp\" href='https:\/\/api.whatsapp.com\/send?text=https:\/\/radiorevelacionfm.cl\/?p=45307' aria-hidden='false' data-av_icon='\uf232' data-av_iconfont='entypo-fontello' title='' data-avia-related-tooltip='Compartir en Whatsapp' rel=\"noopener\"><span class='avia_hidden_link_text'>Compartir en Whatsapp<\/span><\/a><\/li><li class='av-share-link av-social-link-linkedin' ><a target=\"_blank\" aria-label=\"Compartir en LinkedIn\" href='https:\/\/linkedin.com\/shareArticle?mini=true&#038;title=Alcalde%20Gatica%20por%20visita%20de%20Ministro%20Marcel%3A%20%E2%80%9CExigiremos%20un%20trato%20igualitario%20para%20nuestra%20comunidad%E2%80%9D&#038;url=https:\/\/radiorevelacionfm.cl\/?p=45307' aria-hidden='false' data-av_icon='\ue8fc' data-av_iconfont='entypo-fontello' title='' data-avia-related-tooltip='Compartir en LinkedIn' rel=\"noopener\"><span class='avia_hidden_link_text'>Compartir en LinkedIn<\/span><\/a><\/li><li class='av-share-link av-social-link-mail' ><a  aria-label=\"Compartir por correo\" href='mailto:?subject=Alcalde%20Gatica%20por%20visita%20de%20Ministro%20Marcel%3A%20%E2%80%9CExigiremos%20un%20trato%20igualitario%20para%20nuestra%20comunidad%E2%80%9D&#038;body=https:\/\/radiorevelacionfm.cl\/?p=45307' aria-hidden='false' data-av_icon='\ue805' data-av_iconfont='entypo-fontello' title='' data-avia-related-tooltip='Compartir por correo'><span class='avia_hidden_link_text'>Compartir por correo<\/span><\/a><\/li><\/ul><\/div><\/div>\n<div  style='height:50px' class='hr hr-invisible   avia-builder-el-8  el_after_av_social_share  el_before_av_comments_list '><span class='hr-inner ' ><span class='hr-inner-style'><\/span><\/span><\/div>\n<div  class='av-buildercomment  av-blog-meta-html-info-disabled av-blog-meta-tag-disabled  '><\/div>\n","protected":false},"excerpt":{"rendered":"","protected":false},"author":1,"featured_media":45308,"comment_status":"open","ping_status":"open","sticky":false,"template":"","format":"standard","meta":{"footnotes":""},"categories":[38],"tags":[],"class_list":["post-45307","post","type-post","status-publish","format-standard","has-post-thumbnail","hentry","category-regional"],"jetpack_featured_media_url":"https:\/\/radiorevelacionfm.cl\/wp-content\/uploads\/2024\/08\/Voceria-Alcalde-01-1-1.jpg","_links":{"self":[{"href":"https:\/\/radiorevelacionfm.cl\/index.php?rest_route=\/wp\/v2\/posts\/45307","targetHints":{"allow":["GET"]}}],"collection":[{"href":"https:\/\/radiorevelacionfm.cl\/index.php?rest_route=\/wp\/v2\/posts"}],"about":[{"href":"https:\/\/radiorevelacionfm.cl\/index.php?rest_route=\/wp\/v2\/types\/post"}],"author":[{"embeddable":true,"href":"https:\/\/radiorevelacionfm.cl\/index.php?rest_route=\/wp\/v2\/users\/1"}],"replies":[{"embeddable":true,"href":"https:\/\/radiorevelacionfm.cl\/index.php?rest_route=%2Fwp%2Fv2%2Fcomments&post=45307"}],"version-history":[{"count":2,"href":"https:\/\/radiorevelacionfm.cl\/index.php?rest_route=\/wp\/v2\/posts\/45307\/revisions"}],"predecessor-version":[{"id":45314,"href":"https:\/\/radiorevelacionfm.cl\/index.php?rest_route=\/wp\/v2\/posts\/45307\/revisions\/45314"}],"wp:featuredmedia":[{"embeddable":true,"href":"https:\/\/radiorevelacionfm.cl\/index.php?rest_route=\/wp\/v2\/media\/45308"}],"wp:attachment":[{"href":"https:\/\/radiorevelacionfm.cl\/index.php?rest_route=%2Fwp%2Fv2%2Fmedia&parent=45307"}],"wp:term":[{"taxonomy":"category","embeddable":true,"href":"https:\/\/radiorevelacionfm.cl\/index.php?rest_route=%2Fwp%2Fv2%2Fcategories&post=45307"},{"taxonomy":"post_tag","embeddable":true,"href":"https:\/\/radiorevelacionfm.cl\/index.php?rest_route=%2Fwp%2Fv2%2Ftags&post=45307"}],"curies":[{"name":"wp","href":"https:\/\/api.w.org\/{rel}","templated":true}]}}