{"id":45304,"date":"2024-08-19T23:07:52","date_gmt":"2024-08-20T02:07:52","guid":{"rendered":"https:\/\/radiorevelacionfm.cl\/?p=45304"},"modified":"2024-08-19T23:07:52","modified_gmt":"2024-08-20T02:07:52","slug":"diputada-raphael-exige-inclusion-de-aysen-en-la-ley-corta-no-podemos-seguir-pagando-el-precio-de-ser-una-region-aislada","status":"publish","type":"post","link":"https:\/\/radiorevelacionfm.cl\/?p=45304","title":{"rendered":"Diputada Raphael exige inclusi\u00f3n de Ays\u00e9n en la ley corta: \u00abNo podemos seguir pagando el precio de ser una regi\u00f3n aislada\u201d"},"content":{"rendered":"<div class=\"flex_column av_one_full  flex_column_div av-zero-column-padding first  avia-builder-el-0  el_before_av_one_full  avia-builder-el-first  \" style='border-radius:0px; '><div  class='avia-image-container  av-styling-    avia-builder-el-1  avia-builder-el-no-sibling  avia-align-center '  itemprop=\"image\" itemscope=\"itemscope\" itemtype=\"https:\/\/schema.org\/ImageObject\"  ><div class='avia-image-container-inner'><div class='avia-image-overlay-wrap'><img decoding=\"async\" class='wp-image-45305 avia-img-lazy-loading-not-45305 avia_image' src=\"https:\/\/radiorevelacionfm.cl\/wp-content\/uploads\/2024\/08\/Foto-diputada-M.-Raphael-M.-1-1.jpeg\" alt='' title='Foto diputada M. Raphael M. (1) (1)' height=\"600\" width=\"965\"  itemprop=\"thumbnailUrl\" srcset=\"https:\/\/radiorevelacionfm.cl\/wp-content\/uploads\/2024\/08\/Foto-diputada-M.-Raphael-M.-1-1.jpeg 965w, https:\/\/radiorevelacionfm.cl\/wp-content\/uploads\/2024\/08\/Foto-diputada-M.-Raphael-M.-1-1-300x187.jpeg 300w, https:\/\/radiorevelacionfm.cl\/wp-content\/uploads\/2024\/08\/Foto-diputada-M.-Raphael-M.-1-1-768x478.jpeg 768w, https:\/\/radiorevelacionfm.cl\/wp-content\/uploads\/2024\/08\/Foto-diputada-M.-Raphael-M.-1-1-705x438.jpeg 705w, https:\/\/radiorevelacionfm.cl\/wp-content\/uploads\/2024\/08\/Foto-diputada-M.-Raphael-M.-1-1-450x280.jpeg 450w, https:\/\/radiorevelacionfm.cl\/wp-content\/uploads\/2024\/08\/Foto-diputada-M.-Raphael-M.-1-1-600x373.jpeg 600w\" sizes=\"(max-width: 965px) 100vw, 965px\" \/><\/div><\/div><\/div><\/div><div class=\"flex_column av_one_full  flex_column_div av-zero-column-padding first  avia-builder-el-2  el_after_av_one_full  el_before_av_one_full  column-top-margin\" style='border-radius:0px; '><section class=\"av_textblock_section \"  itemscope=\"itemscope\" itemtype=\"https:\/\/schema.org\/BlogPosting\" itemprop=\"blogPost\" ><div class='avia_textblock  '   itemprop=\"text\" ><p style=\"text-align: center;\"><strong><span style=\"font-size: 18pt;\">Diputada Raphael exige inclusi\u00f3n de Ays\u00e9n en la ley corta: \u00abNo podemos seguir pagando el precio de ser una regi\u00f3n aislada\u201d<\/span><\/strong><\/p>\n<div id=\"gtx-trans\" style=\"position: absolute; left: -50px; top: 4.31534px;\">\n<div class=\"gtx-trans-icon\"><\/div>\n<\/div>\n<\/div><\/section><\/div><div class=\"flex_column av_one_full  flex_column_div av-zero-column-padding first  avia-builder-el-4  el_after_av_one_full  el_before_av_hr  column-top-margin\" style='border-radius:0px; '><section class=\"av_textblock_section \"  itemscope=\"itemscope\" itemtype=\"https:\/\/schema.org\/BlogPosting\" itemprop=\"blogPost\" ><div class='avia_textblock  '   itemprop=\"text\" ><p style=\"text-align: justify;\">La diputada de Renovaci\u00f3n Nacional por la Regi\u00f3n de Ays\u00e9n, Marcia Raphael, expres\u00f3 su profunda preocupaci\u00f3n ante el alza en las cuentas de luz que afecta a todo el pa\u00eds, con un impacto especialmente severo en su regi\u00f3n. Ays\u00e9n, al no formar parte del sistema interconectado central que se extiende hasta Puerto Montt, depende de los sistemas medianos, situaci\u00f3n que comparte con la Regi\u00f3n de Magallanes.<\/p>\n<p style=\"text-align: justify;\">Cabe destacar que, ante el aumento desmedido de las tarifas el\u00e9ctricas, el Gobierno se comprometi\u00f3 a presentar una ley corta que triplicar\u00eda el subsidio para mitigar los efectos econ\u00f3micos en las familias. Sin embargo, las autoridades y gremios de la regi\u00f3n han exigido al Ejecutivo que esta legislaci\u00f3n considere la realidad local, incorporando medidas que aborden la equidad y acople tarifario, con el fin de frenar de manera efectiva este aumento.<\/p>\n<p style=\"text-align: justify;\">Frente a este escenario, la diputada Raphael fue categ\u00f3rica en su postura: \u201cNo estamos pidiendo, estamos exigiendo que el Gobierno considere estas medidas. Ays\u00e9n no puede seguir siendo discriminado simplemente por tener menos habitantes. Vivir en una regi\u00f3n extrema y aislada ya es bastante castigo. Hist\u00f3ricamente, hemos soportado las tarifas el\u00e9ctricas m\u00e1s altas del pa\u00eds, y este aumento afecta directamente a las familias\u201d.<\/p>\n<p style=\"text-align: justify;\">En la misma l\u00ednea, la parlamentaria advirti\u00f3 que esta alza podr\u00eda afectar a\u00fan m\u00e1s nuestra alica\u00edda econom\u00eda regional, reflejada en una ca\u00edda del PIB de un 10% durante el primer trimestre de este a\u00f1o.<\/p>\n<p style=\"text-align: justify;\">\u201cEste aumento tambi\u00e9n impactar\u00e1 en el empleo y la inversi\u00f3n en nuestra regi\u00f3n. \u00bfQu\u00e9 empresa querr\u00e1 invertir en Ays\u00e9n si por el mismo consumo el\u00e9ctrico que paga dos millones en Santiago o Puerto Montt, aqu\u00ed debe desembolsar m\u00e1s de 13 millones? Les aseguro que ninguna\u201d, subray\u00f3 Raphael.<\/p>\n<p style=\"text-align: justify;\">Finalmente, la diputada hizo un llamado a las autoridades para que act\u00faen con unidad y trabajen en una ley corta que realmente beneficie a Ays\u00e9n. \u201cHagamos que esta ley corta de subsidio el\u00e9ctrico tenga un impacto real en nuestra regi\u00f3n. Tal como est\u00e1 planteada, no nos sirve de nada\u201d, concluy\u00f3 con firmeza.<\/p>\n<\/div><\/section><\/div><div  style='height:50px' class='hr hr-invisible   avia-builder-el-6  el_after_av_one_full  el_before_av_social_share '><span class='hr-inner ' ><span class='hr-inner-style'><\/span><\/span><\/div><\/p>\n<div  class='av-social-sharing-box  avia-builder-el-7  el_after_av_hr  el_before_av_hr  '><div class='av-share-box'><h5 class='av-share-link-description av-no-toc '>Compartir esta noticia<\/h5><ul class='av-share-box-list noLightbox'><li class='av-share-link av-social-link-facebook' ><a target=\"_blank\" aria-label=\"Compartir en Facebook\" href='https:\/\/www.facebook.com\/sharer.php?u=https:\/\/radiorevelacionfm.cl\/?p=45304&#038;t=Diputada%20Raphael%20exige%20inclusi%C3%B3n%20de%20Ays%C3%A9n%20en%20la%20ley%20corta%3A%20%C2%ABNo%20podemos%20seguir%20pagando%20el%20precio%20de%20ser%20una%20regi%C3%B3n%20aislada%E2%80%9D' aria-hidden='false' data-av_icon='\ue8f3' data-av_iconfont='entypo-fontello' title='' data-avia-related-tooltip='Compartir en Facebook' rel=\"noopener\"><span class='avia_hidden_link_text'>Compartir en Facebook<\/span><\/a><\/li><li class='av-share-link av-social-link-twitter' ><a target=\"_blank\" aria-label=\"Compartir en Twitter\" href='https:\/\/twitter.com\/share?text=Diputada%20Raphael%20exige%20inclusi%C3%B3n%20de%20Ays%C3%A9n%20en%20la%20ley%20corta%3A%20%C2%ABNo%20podemos%20seguir%20pagando%20el%20precio%20de%20ser%20una%20regi%C3%B3n%20aislada%E2%80%9D&#038;url=https:\/\/radiorevelacionfm.cl\/?p=45304' aria-hidden='false' data-av_icon='\ue8f1' data-av_iconfont='entypo-fontello' title='' data-avia-related-tooltip='Compartir en Twitter' rel=\"noopener\"><span class='avia_hidden_link_text'>Compartir en Twitter<\/span><\/a><\/li><li class='av-share-link av-social-link-whatsapp' ><a target=\"_blank\" aria-label=\"Compartir en Whatsapp\" href='https:\/\/api.whatsapp.com\/send?text=https:\/\/radiorevelacionfm.cl\/?p=45304' aria-hidden='false' data-av_icon='\uf232' data-av_iconfont='entypo-fontello' title='' data-avia-related-tooltip='Compartir en Whatsapp' rel=\"noopener\"><span class='avia_hidden_link_text'>Compartir en Whatsapp<\/span><\/a><\/li><li class='av-share-link av-social-link-linkedin' ><a target=\"_blank\" aria-label=\"Compartir en LinkedIn\" href='https:\/\/linkedin.com\/shareArticle?mini=true&#038;title=Diputada%20Raphael%20exige%20inclusi%C3%B3n%20de%20Ays%C3%A9n%20en%20la%20ley%20corta%3A%20%C2%ABNo%20podemos%20seguir%20pagando%20el%20precio%20de%20ser%20una%20regi%C3%B3n%20aislada%E2%80%9D&#038;url=https:\/\/radiorevelacionfm.cl\/?p=45304' aria-hidden='false' data-av_icon='\ue8fc' data-av_iconfont='entypo-fontello' title='' data-avia-related-tooltip='Compartir en LinkedIn' rel=\"noopener\"><span class='avia_hidden_link_text'>Compartir en LinkedIn<\/span><\/a><\/li><li class='av-share-link av-social-link-mail' ><a  aria-label=\"Compartir por correo\" href='mailto:?subject=Diputada%20Raphael%20exige%20inclusi%C3%B3n%20de%20Ays%C3%A9n%20en%20la%20ley%20corta%3A%20%C2%ABNo%20podemos%20seguir%20pagando%20el%20precio%20de%20ser%20una%20regi%C3%B3n%20aislada%E2%80%9D&#038;body=https:\/\/radiorevelacionfm.cl\/?p=45304' aria-hidden='false' data-av_icon='\ue805' data-av_iconfont='entypo-fontello' title='' data-avia-related-tooltip='Compartir por correo'><span class='avia_hidden_link_text'>Compartir por correo<\/span><\/a><\/li><\/ul><\/div><\/div>\n<div  style='height:50px' class='hr hr-invisible   avia-builder-el-8  el_after_av_social_share  el_before_av_comments_list '><span class='hr-inner ' ><span class='hr-inner-style'><\/span><\/span><\/div>\n<div  class='av-buildercomment  av-blog-meta-html-info-disabled av-blog-meta-tag-disabled  '><\/div>\n","protected":false},"excerpt":{"rendered":"","protected":false},"author":1,"featured_media":45305,"comment_status":"open","ping_status":"open","sticky":false,"template":"","format":"standard","meta":{"footnotes":""},"categories":[35],"tags":[],"class_list":["post-45304","post","type-post","status-publish","format-standard","has-post-thumbnail","hentry","category-politica"],"jetpack_featured_media_url":"https:\/\/radiorevelacionfm.cl\/wp-content\/uploads\/2024\/08\/Foto-diputada-M.-Raphael-M.-1-1.jpeg","_links":{"self":[{"href":"https:\/\/radiorevelacionfm.cl\/index.php?rest_route=\/wp\/v2\/posts\/45304","targetHints":{"allow":["GET"]}}],"collection":[{"href":"https:\/\/radiorevelacionfm.cl\/index.php?rest_route=\/wp\/v2\/posts"}],"about":[{"href":"https:\/\/radiorevelacionfm.cl\/index.php?rest_route=\/wp\/v2\/types\/post"}],"author":[{"embeddable":true,"href":"https:\/\/radiorevelacionfm.cl\/index.php?rest_route=\/wp\/v2\/users\/1"}],"replies":[{"embeddable":true,"href":"https:\/\/radiorevelacionfm.cl\/index.php?rest_route=%2Fwp%2Fv2%2Fcomments&post=45304"}],"version-history":[{"count":1,"href":"https:\/\/radiorevelacionfm.cl\/index.php?rest_route=\/wp\/v2\/posts\/45304\/revisions"}],"predecessor-version":[{"id":45306,"href":"https:\/\/radiorevelacionfm.cl\/index.php?rest_route=\/wp\/v2\/posts\/45304\/revisions\/45306"}],"wp:featuredmedia":[{"embeddable":true,"href":"https:\/\/radiorevelacionfm.cl\/index.php?rest_route=\/wp\/v2\/media\/45305"}],"wp:attachment":[{"href":"https:\/\/radiorevelacionfm.cl\/index.php?rest_route=%2Fwp%2Fv2%2Fmedia&parent=45304"}],"wp:term":[{"taxonomy":"category","embeddable":true,"href":"https:\/\/radiorevelacionfm.cl\/index.php?rest_route=%2Fwp%2Fv2%2Fcategories&post=45304"},{"taxonomy":"post_tag","embeddable":true,"href":"https:\/\/radiorevelacionfm.cl\/index.php?rest_route=%2Fwp%2Fv2%2Ftags&post=45304"}],"curies":[{"name":"wp","href":"https:\/\/api.w.org\/{rel}","templated":true}]}}